{"id":673,"date":"2016-03-19T10:33:38","date_gmt":"2016-03-19T09:33:38","guid":{"rendered":"https:\/\/tjsokolkoberice.cz\/?p=673"},"modified":"2025-10-14T11:58:38","modified_gmt":"2025-10-14T10:58:38","slug":"zhodnoceni-zimni-pripravy-a-muzstva","status":"publish","type":"post","link":"https:\/\/tjsokolkoberice.cz\/?p=673","title":{"rendered":"Zhodnocen\u00ed zimn\u00ed p\u0159\u00edpravy &#8222;A&#8220; mu\u017estva"},"content":{"rendered":"<p style=\"text-align: justify;\"><span style=\"font-family: arial,helvetica,sans-serif; font-size: 12pt;\">P\u0159\u00edprava za\u010dala 8. 1. a\u00a0 v\u0161echno sna\u017een\u00ed bude sm\u011b\u0159ov\u00e1no k z\u00e1chran\u011b v KP.<\/span><\/p>\n<p style=\"text-align: justify;\"><span style=\"font-family: arial,helvetica,sans-serif; font-size: 12pt;\">K\u00e1dr za\u010dal ve stejn\u00e9m slo\u017een\u00ed\u00a0 jako sez\u00f3nu ukon\u010dil. Jen Honza \u010cujek dostal \u201estudijn\u00ed volno&#8220; a Radek Kone\u010dn\u00fd po operaci ramene ukon\u010dil hostov\u00e1n\u00ed a p\u0159\u00edpravu za\u010dal v Old\u0159i\u0161ov\u011b.<\/span><\/p>\n<p>&nbsp;<\/p>\n<p style=\"text-align: justify;\"><span style=\"font-family: arial,helvetica,sans-serif; font-size: 12pt;\">P\u0159\u00edpravu s n\u00e1mi absolvoval i star\u0161\u00ed bratr Ren\u00e9ho Wirtha Robin, kter\u00fd podzim odehr\u00e1l v Rakousku, kde ukon\u010dil hostov\u00e1n\u00ed z Opavy. Doufejme, \u017ee minim\u00e1ln\u011b jarn\u00ed sez\u00f3nu odehraje v Kobe\u0159ic\u00edch.<\/span><\/p>\n<p style=\"text-align: justify;\"><span style=\"font-family: arial,helvetica,sans-serif; font-size: 12pt;\">\u0160anci v p\u0159\u00edprav\u011b dost\u00e1vali i dorostenci &#8211; Radim Stuchl\u00edk, Adam Oberherr a Anton\u00edn Kubn\u00fd.<\/span><\/p>\n<p style=\"text-align: justify;\"><span style=\"font-family: arial,helvetica,sans-serif; font-size: 12pt;\">Za\u010d\u00e1tek p\u0159\u00edpravy byl zam\u011b\u0159en\u00fd zejm\u00e9na na kondi\u010dn\u00ed p\u0159\u00edpravu, kter\u00e1 je pro fotbalistu v\u017edy nen\u00e1vid\u011bn\u00e1, ale d\u016fle\u017eit\u00e1. Proto jsme chodili b\u011bhat do parku nebo na \u0161koln\u00ed ov\u00e1l, kde tolik netrp\u00ed klouby.\u00a0 Postupn\u011b hr\u00e1\u010di vid\u011bli i m\u00ed\u010d a k tomu jsme za\u010dali vyu\u017e\u00edvat um\u011blou tr\u00e1vu v Krava\u0159\u00edch. Tam jezdily mu\u017estva (mu\u017ei A, B a dorost ) k p\u00e1te\u010dn\u00edm tr\u00e9nink\u016fm. Tam se odehr\u00e1la i v\u011bt\u0161ina p\u0159\u00edpravn\u00fdch utk\u00e1n\u00ed.<\/span><\/p>\n<ol style=\"text-align: justify;\" start=\"18\">\n<li><span style=\"font-family: arial,helvetica,sans-serif; font-size: 12pt;\">&#8211; 21. 2. prob\u011bhlo soust\u0159ed\u011bn\u00ed v \u017dimrovic\u00edch v Are\u00e1lu Dobr\u00e9 pohody. T\u00edm bychom cht\u011bli pod\u011bkovat majitel\u016fm, man\u017eel\u016fm Vav\u0159inkov\u00fdm, za perfektn\u00ed spolupr\u00e1ci a ochotu.<\/span><\/li>\n<\/ol>\n<p style=\"text-align: justify;\"><span style=\"font-family: arial,helvetica,sans-serif; font-size: 12pt;\">Gener\u00e1lkou na prvn\u00ed mistrovsk\u00e9 utk\u00e1n\u00ed byl z\u00e1pas se \u0160t\u011bp\u00e1nkovicemi, kter\u00fd jsme odehr\u00e1li na tr\u00e1v\u011b ve Velk\u00fdch Ho\u0161tic\u00edch (pod z\u00e1mkem) a vyhr\u00e1li jsme 3:1. Ostr\u00fd start bude 20.3. v 15:00 doma s Polankou a v\u016fbec bychom se nezlobili, kdyby byl v\u00fdsledek podobn\u00fd.<\/span><\/p>\n","protected":false},"excerpt":{"rendered":"<p>P\u0159\u00edprava za\u010dala 8. 1. a  v\u0161echno sna\u017een\u00ed bude sm\u011b\u0159ov\u00e1no k z\u00e1chran\u011b v KP.<br \/>\nK\u00e1dr za\u010dal ve stejn\u00e9m slo\u017een\u00ed  jako sez\u00f3nu ukon\u010dil. Jen Honza \u010cujek dostal \u201estudijn\u00ed volno&#8220; a Radek Kone\u010dn\u00fd po operaci ramene ukon\u010dil hostov\u00e1n\u00ed a p\u0159\u00edpravu za\u010dal v Old\u0159i\u0161ov\u011b.<\/p>\n","protected":false},"author":1,"featured_media":2474,"comment_status":"closed","ping_status":"open","sticky":false,"template":"","format":"standard","meta":{"ngg_post_thumbnail":0,"footnotes":""},"categories":[107],"tags":[],"class_list":["post-673","post","type-post","status-publish","format-standard","has-post-thumbnail","hentry","category-fotbal"],"_links":{"self":[{"href":"https:\/\/tjsokolkoberice.cz\/index.php?rest_route=\/wp\/v2\/posts\/673","targetHints":{"allow":["GET"]}}],"collection":[{"href":"https:\/\/tjsokolkoberice.cz\/index.php?rest_route=\/wp\/v2\/posts"}],"about":[{"href":"https:\/\/tjsokolkoberice.cz\/index.php?rest_route=\/wp\/v2\/types\/post"}],"author":[{"embeddable":true,"href":"https:\/\/tjsokolkoberice.cz\/index.php?rest_route=\/wp\/v2\/users\/1"}],"replies":[{"embeddable":true,"href":"https:\/\/tjsokolkoberice.cz\/index.php?rest_route=%2Fwp%2Fv2%2Fcomments&post=673"}],"version-history":[{"count":12,"href":"https:\/\/tjsokolkoberice.cz\/index.php?rest_route=\/wp\/v2\/posts\/673\/revisions"}],"predecessor-version":[{"id":737,"href":"https:\/\/tjsokolkoberice.cz\/index.php?rest_route=\/wp\/v2\/posts\/673\/revisions\/737"}],"wp:featuredmedia":[{"embeddable":true,"href":"https:\/\/tjsokolkoberice.cz\/index.php?rest_route=\/wp\/v2\/media\/2474"}],"wp:attachment":[{"href":"https:\/\/tjsokolkoberice.cz\/index.php?rest_route=%2Fwp%2Fv2%2Fmedia&parent=673"}],"wp:term":[{"taxonomy":"category","embeddable":true,"href":"https:\/\/tjsokolkoberice.cz\/index.php?rest_route=%2Fwp%2Fv2%2Fcategories&post=673"},{"taxonomy":"post_tag","embeddable":true,"href":"https:\/\/tjsokolkoberice.cz\/index.php?rest_route=%2Fwp%2Fv2%2Ftags&post=673"}],"curies":[{"name":"wp","href":"https:\/\/api.w.org\/{rel}","templated":true}]}}