{"id":6743,"date":"2020-03-10T08:15:12","date_gmt":"2020-03-10T07:15:12","guid":{"rendered":"https:\/\/tjsokolkoberice.cz\/?p=6743"},"modified":"2025-10-14T11:51:50","modified_gmt":"2025-10-14T10:51:50","slug":"zacina-fotbalove-jaro-2020","status":"publish","type":"post","link":"https:\/\/tjsokolkoberice.cz\/?p=6743","title":{"rendered":"Za\u010d\u00edn\u00e1 fotbalov\u00e9 jaro 2020"},"content":{"rendered":"<p style=\"text-align: justify;\"><span style=\"font-family: helvetica, arial, sans-serif; font-size: 12pt;\">O nadch\u00e1zej\u00edc\u00edm v\u00edkendu se rozb\u00edh\u00e1 koloto\u010d z\u00e1pas\u016f Moravskoslezsk\u00e9ho KP mu\u017e\u016f, kter\u00fd hraj\u00ed rovn\u011b\u017e na\u0161i A mu\u017ei Kobe\u0159ic.<\/span><\/p>\n<p style=\"text-align: justify;\"><span style=\"font-family: helvetica, arial, sans-serif; font-size: 12pt;\">V&nbsp;\u00favodn\u00edm utk\u00e1n\u00ed zaj\u00ed\u017ed\u00edme na h\u0159i\u0161t\u011b FK \u010cesk\u00fd T\u011b\u0161\u00edn, kter\u00fd se po podzimu nach\u00e1z\u00ed na 12. m\u00edst\u011b o bod p\u0159ed na\u0161imi fotbalisty. Utk\u00e1n\u00ed tak bude velmi d\u016fle\u017eit\u00e9 z&nbsp;hlediska pos\u00edlen\u00ed z\u00e1chran\u00e1\u0159sk\u00fdch nad\u011bj\u00ed.<\/span><\/p>\n<p style=\"text-align: justify;\"><span style=\"font-family: helvetica, arial, sans-serif; font-size: 12pt;\">Na\u0161i hr\u00e1\u010di vstupuj\u00ed do boj\u016f po zimn\u00ed p\u0159est\u00e1vce s&nbsp;lehce pozm\u011bn\u011bn\u00fdm k\u00e1drem. Mu\u017estvo opustili Ka\u0161n\u00fd (Rakousko) a Hartmann (prozat\u00edm bez anga\u017em\u00e1). Do p\u0159\u00edpravy se nezapojili Ve\u010derek a Oberherr Jan (oba zdravotn\u00ed probl\u00e9my). Novicem v&nbsp;t\u00fdmu je Jan Kr\u00e1l, kter\u00fd doposud obl\u00e9kal dres Slavkova. P\u0159\u00edpravu s&nbsp;mu\u017estvem absolvovali tak\u00e9 dorostenci Kolar\u010d\u00edk, Schlischka M., Stromsk\u00fd a brank\u00e1\u0159 Strzibn\u00fd, kte\u0159\u00ed budou postupn\u011b za\u010dle\u0148ov\u00e1n\u00ed do k\u00e1dru.<\/span><\/p>\n<p style=\"text-align: justify;\"><span style=\"font-family: helvetica, arial, sans-serif; font-size: 12pt;\">V\u011b\u0159me, \u017ee se n\u00e1m vstup do jarn\u00ed \u010d\u00e1sti vyda\u0159\u00ed a hned v&nbsp;\u00favodn\u00edm utk\u00e1n\u00ed v&nbsp;\u010cesk\u00e9m T\u011b\u0161\u00edn\u011b urveme n\u011bjak\u00e9 body.<\/span><\/p>\n<p style=\"text-align: justify;\"><span style=\"font-family: helvetica, arial, sans-serif; font-size: 12pt;\"><strong>Utk\u00e1n\u00ed 30. kola KP mu\u017e\u016f FK \u010cesk\u00fd T\u011b\u0161\u00edn \u2013 Kobe\u0159ice se hraje v&nbsp;sobotu 14. b\u0159ezna 2020 od 15 hod. na UT Fr\u00fddeck\u00e1! K&nbsp;utk\u00e1n\u00ed cestuj\u00ed na\u0161\u00ed hr\u00e1\u010di auty!<\/strong><\/span><\/p>\n<p style=\"text-align: justify;\"><span style=\"font-family: helvetica, arial, sans-serif; font-size: 12pt;\"><strong>Kobe\u0159ice do toho!!!<\/strong><\/span><\/p>\n","protected":false},"excerpt":{"rendered":"<p>O nadch\u00e1zej\u00edc\u00edm v\u00edkendu se rozb\u00edh\u00e1 koloto\u010d z\u00e1pas\u016f Moravskoslezsk\u00e9ho KP mu\u017e\u016f, kter\u00fd hraj\u00ed rovn\u011b\u017e na\u0161i A mu\u017ei Kobe\u0159ic. V&nbsp;\u00favodn\u00edm utk\u00e1n\u00ed zaj\u00ed\u017ed\u00edme na h\u0159i\u0161t\u011b FK \u010cesk\u00fd T\u011b\u0161\u00edn, kter\u00fd<span class=\"excerpt-hellip\"> [\u2026]<\/span><\/p>\n","protected":false},"author":3,"featured_media":3787,"comment_status":"closed","ping_status":"closed","sticky":false,"template":"","format":"standard","meta":{"ngg_post_thumbnail":0,"footnotes":""},"categories":[115,107,102],"tags":[],"class_list":["post-6743","post","type-post","status-publish","format-standard","has-post-thumbnail","hentry","category-a-tym","category-fotbal","category-zapasy"],"_links":{"self":[{"href":"https:\/\/tjsokolkoberice.cz\/index.php?rest_route=\/wp\/v2\/posts\/6743","targetHints":{"allow":["GET"]}}],"collection":[{"href":"https:\/\/tjsokolkoberice.cz\/index.php?rest_route=\/wp\/v2\/posts"}],"about":[{"href":"https:\/\/tjsokolkoberice.cz\/index.php?rest_route=\/wp\/v2\/types\/post"}],"author":[{"embeddable":true,"href":"https:\/\/tjsokolkoberice.cz\/index.php?rest_route=\/wp\/v2\/users\/3"}],"replies":[{"embeddable":true,"href":"https:\/\/tjsokolkoberice.cz\/index.php?rest_route=%2Fwp%2Fv2%2Fcomments&post=6743"}],"version-history":[{"count":1,"href":"https:\/\/tjsokolkoberice.cz\/index.php?rest_route=\/wp\/v2\/posts\/6743\/revisions"}],"predecessor-version":[{"id":6744,"href":"https:\/\/tjsokolkoberice.cz\/index.php?rest_route=\/wp\/v2\/posts\/6743\/revisions\/6744"}],"wp:featuredmedia":[{"embeddable":true,"href":"https:\/\/tjsokolkoberice.cz\/index.php?rest_route=\/wp\/v2\/media\/3787"}],"wp:attachment":[{"href":"https:\/\/tjsokolkoberice.cz\/index.php?rest_route=%2Fwp%2Fv2%2Fmedia&parent=6743"}],"wp:term":[{"taxonomy":"category","embeddable":true,"href":"https:\/\/tjsokolkoberice.cz\/index.php?rest_route=%2Fwp%2Fv2%2Fcategories&post=6743"},{"taxonomy":"post_tag","embeddable":true,"href":"https:\/\/tjsokolkoberice.cz\/index.php?rest_route=%2Fwp%2Fv2%2Ftags&post=6743"}],"curies":[{"name":"wp","href":"https:\/\/api.w.org\/{rel}","templated":true}]}}