{"id":6768,"date":"2020-05-20T20:18:44","date_gmt":"2020-05-20T19:18:44","guid":{"rendered":"https:\/\/tjsokolkoberice.cz\/?p=6768"},"modified":"2025-10-14T11:51:50","modified_gmt":"2025-10-14T10:51:50","slug":"prajzsky-pohar-2020","status":"publish","type":"post","link":"https:\/\/tjsokolkoberice.cz\/?p=6768","title":{"rendered":"Prajzsk\u00fd poh\u00e1r 2020"},"content":{"rendered":"<p style=\"text-align: justify;\"><span style=\"font-family: helvetica, arial, sans-serif; font-size: 12pt; color: #000000;\">Fotbalov\u00ed fanou\u0161ci se kone\u010dn\u011b do\u010dkali! Po p\u0159ed\u010dasn\u011b ukon\u010den\u00e9 sez\u00f3n\u011b vlivem koronavirov\u00e9 pandemie se pro n\u011b chyst\u00e1 p\u0159\u00edpravn\u00fd fotbalov\u00fd turnaj 8 okresn\u00edch vesnic s&nbsp;n\u00e1zvem <em>Prajzsk\u00fd poh\u00e1r 2020<\/em>. Tohoto turnaje se z\u00fa\u010dastn\u00ed tak\u00e9 na\u0161e A mu\u017estvo. Mu\u017estva budou rozd\u011blena do dvou skupin, ve kter\u00fdch se bude hr\u00e1t syst\u00e9mem ka\u017ed\u00fd s ka\u017ed\u00fdm doma, venku. <\/span><\/p>\n<p style=\"text-align: justify;\"><span style=\"font-family: helvetica, arial, sans-serif; font-size: 12pt; color: #000000;\">\u00davodn\u00ed z\u00e1pasy jsou napl\u00e1nov\u00e1ny na v\u00edkend 30.5.-31.5., ob\u011b semifin\u00e1le (1A-2B, 1B-2A) se odehraj\u00ed 5. 7. v&nbsp;Old\u0159i\u0161ov\u011b a utk\u00e1n\u00ed o 3. m\u00edsto a fin\u00e1le bude 11.7. hostit h\u0159i\u0161t\u011b ve \u0160t\u011bp\u00e1nkovic\u00edch. Bude se hr\u00e1t podle platn\u00fdch pravidel FA\u010cR, v&nbsp;p\u0159\u00edpad\u011b nerozhodn\u00e9ho v\u00fdsledku budou n\u00e1sledovat pokutov\u00e9 kopy, v\u00edt\u011bzn\u00fd t\u00fdm si p\u0159ip\u00ed\u0161e bod nav\u00edc.<\/span><\/p>\n<p style=\"text-align: justify;\"><span style=\"font-family: helvetica, arial, sans-serif; font-size: 12pt; color: #000000;\">Na v\u0161echna utk\u00e1n\u00ed bude jednotn\u00e9 vstupn\u00e9 30 K\u010d (\u017eeny a d\u011bti zdarma). Turnaj bude m\u00edt tak\u00e9 charitativn\u00ed podtext, kdy ka\u017ed\u00e9 mu\u017estvo v\u011bnuje 1000 K\u010d ze startovn\u00e9ho nemocn\u00e9mu chlapci ze \u0160t\u011bp\u00e1nkovic, kter\u00e9mu budou pen\u00edze p\u0159ed\u00e1ny p\u0159ed fin\u00e1lov\u00fdm utk\u00e1n\u00edm. <\/span><\/p>\n<p style=\"text-align: justify;\"><span style=\"font-family: helvetica, arial, sans-serif; font-size: 12pt; color: #000000;\">Ka\u017ed\u00e9mu utk\u00e1n\u00ed bude p\u0159edch\u00e1zet z\u00e1pas ml\u00e1de\u017enick\u00fdch t\u00fdm\u016f dan\u00fdch klub\u016f. Je z\u0159\u00edzena facebookova str\u00e1nka: <em>prajzskypohar2020, <\/em>kde si budete moci p\u0159e\u010d\u00edst zaj\u00edmavosti, v\u00fdsledky, term\u00edny, koment\u00e1\u0159e a shl\u00e9dnout i n\u011bjak\u00e9 foto.<\/span><\/p>\n<p>&nbsp;<\/p>\n<p style=\"text-align: justify;\"><span style=\"font-family: helvetica, arial, sans-serif; font-size: 12pt; color: #000000;\"><strong><u>Rozd\u011blen\u00ed skupin<\/u><\/strong><\/span><\/p>\n<p style=\"text-align: justify;\"><span style=\"font-family: helvetica, arial, sans-serif; font-size: 12pt; color: #000000;\"><strong>Skupina A: <\/strong><\/span><\/p>\n<p style=\"text-align: justify;\"><span style=\"font-family: helvetica, arial, sans-serif; font-size: 12pt; color: #000000;\"><strong>Krava\u0159e, Old\u0159\u00ed\u0161ov, Chlebi\u010dov, Mal\u00e9 Ho\u0161tice<\/strong><\/span><\/p>\n<p style=\"text-align: justify;\"><span style=\"font-family: helvetica, arial, sans-serif; font-size: 12pt; color: #000000;\"><strong>Skupina B:<\/strong><\/span><\/p>\n<p style=\"text-align: justify;\"><span style=\"font-family: helvetica, arial, sans-serif; font-size: 12pt; color: #000000;\"><strong>Kobe\u0159ice, \u0160t\u011bp\u00e1nkovice, Bolatice, Strahovice <\/strong><\/span><\/p>\n<p>&nbsp;<\/p>\n<p style=\"text-align: justify;\"><span style=\"font-family: helvetica, arial, sans-serif; font-size: 12pt; color: #000000;\"><strong><u>Term\u00ednovka sk. B<\/u><\/strong><\/span><\/p>\n<p style=\"text-align: justify;\"><span style=\"font-family: helvetica, arial, sans-serif; font-size: 12pt; color: #000000;\"><strong>30.5. 17:30 Kobe\u0159ice &#8211; \u0160t\u011bp\u00e1nkovice<\/strong><\/span><\/p>\n<p style=\"text-align: justify;\"><span style=\"font-family: helvetica, arial, sans-serif; font-size: 12pt; color: #000000;\">30.5. 17:30 Bolatice &#8211; Strahovice<\/span><\/p>\n<p style=\"text-align: justify;\"><span style=\"font-family: helvetica, arial, sans-serif; font-size: 12pt; color: #000000;\"><strong>6.6. 17:30 Kobe\u0159ice &#8211; Bolatice<\/strong><\/span><\/p>\n<p style=\"text-align: justify;\"><span style=\"font-family: helvetica, arial, sans-serif; font-size: 12pt; color: #000000;\">7.6. 16:00 \u0160t\u011bp\u00e1nkovice &#8211; Strahovice<\/span><\/p>\n<p style=\"text-align: justify;\"><span style=\"font-family: helvetica, arial, sans-serif; font-size: 12pt; color: #000000;\">13.6. 17:30 Bolatice &#8211; \u0160t\u011bp\u00e1nkovice<\/span><\/p>\n<p style=\"text-align: justify;\"><span style=\"font-family: helvetica, arial, sans-serif; font-size: 12pt; color: #000000;\"><strong>14.6. 17:00 Strahovice &#8211; Kobe\u0159ice<\/strong><\/span><\/p>\n<p style=\"text-align: justify;\"><span style=\"font-family: helvetica, arial, sans-serif; font-size: 12pt; color: #000000;\"><strong>20.6. 17:30 \u0160t\u011bp\u00e1nkovice &#8211; Kobe\u0159ice<\/strong><\/span><\/p>\n<p style=\"text-align: justify;\"><span style=\"font-family: helvetica, arial, sans-serif; font-size: 12pt; color: #000000;\">21.6. 17:00 Strahovice &#8211; Bolatice<\/span><\/p>\n<p style=\"text-align: justify;\"><span style=\"font-family: helvetica, arial, sans-serif; font-size: 12pt; color: #000000;\"><strong>27.6. 17:30 Bolatice &#8211; Kobe\u0159ice<\/strong><\/span><\/p>\n<p style=\"text-align: justify;\"><span style=\"font-family: helvetica, arial, sans-serif; font-size: 12pt; color: #000000;\">28.6. 17:00 Strahovice &#8211; \u0160t\u011bp\u00e1nkovice<\/span><\/p>\n<p style=\"text-align: justify;\"><span style=\"font-family: helvetica, arial, sans-serif; font-size: 12pt; color: #000000;\"><strong>4.7. 17:00 Kobe\u0159ice &#8211; Strahovice&nbsp; &nbsp;\u010cas se up\u0159esn\u00ed dle v\u00fdvoje tabulky!&nbsp;<\/strong><\/span><\/p>\n<p style=\"text-align: justify;\"><span style=\"font-family: helvetica, arial, sans-serif; font-size: 12pt; color: #000000;\">4.7. 17:00 \u0160t\u011bp\u00e1nkovice &#8211; Bolatice&nbsp;&nbsp;\u010cas se up\u0159esn\u00ed dle v\u00fdvoje tabulky!<\/span><\/p>\n<p>&nbsp;<\/p>\n<p style=\"text-align: justify;\"><span style=\"font-family: helvetica, arial, sans-serif; font-size: 12pt; color: #000000;\"><strong>Jsme r\u00e1di, \u017ee se tento turnaj m\u016f\u017ee v&nbsp;t\u00e9to dob\u011b v\u016fbec uskute\u010dnit! Jednak to poslou\u017e\u00ed v\u0161em mu\u017estv\u016fm jako kvalitn\u00ed p\u0159\u00edprava na dal\u0161\u00ed sez\u00f3nu a hlavn\u011b bude umo\u017en\u011bno v\u0161em fanou\u0161k\u016fm op\u011bt po del\u0161\u00ed dob\u011b vid\u011bt sv\u00e9 obl\u00edben\u00e9 t\u00fdmy v&nbsp;akci. Douf\u00e1me, \u017ee podpo\u0159\u00edte na\u0161e A mu\u017estvo nejen v&nbsp;dom\u00e1c\u00edch z\u00e1pasech, ale tak\u00e9 na h\u0159i\u0161ti na\u0161ich velk\u00fdch rival\u016f. T\u011b\u0161\u00edme se na V\u00e1s!!!<\/strong><\/span><\/p>\n","protected":false},"excerpt":{"rendered":"<p>Fotbalov\u00ed fanou\u0161ci se kone\u010dn\u011b do\u010dkali! Po p\u0159ed\u010dasn\u011b ukon\u010den\u00e9 sez\u00f3n\u011b vlivem koronavirov\u00e9 pandemie se pro n\u011b chyst\u00e1 p\u0159\u00edpravn\u00fd fotbalov\u00fd turnaj 8 okresn\u00edch vesnic s&nbsp;n\u00e1zvem Prajzsk\u00fd poh\u00e1r 2020.<span class=\"excerpt-hellip\"> [\u2026]<\/span><\/p>\n","protected":false},"author":3,"featured_media":1731,"comment_status":"closed","ping_status":"open","sticky":false,"template":"","format":"standard","meta":{"ngg_post_thumbnail":0,"footnotes":""},"categories":[115,112,110,107,120,119,117,204,111,150,102],"tags":[],"class_list":["post-6768","post","type-post","status-publish","format-standard","has-post-thumbnail","hentry","category-a-tym","category-b-tym","category-dorost","category-fotbal","category-mini-mladsi","category-mini-starsi","category-mladsi-zaci","category-sokolcata","category-starsi-zaci","category-vse","category-zapasy"],"_links":{"self":[{"href":"https:\/\/tjsokolkoberice.cz\/index.php?rest_route=\/wp\/v2\/posts\/6768","targetHints":{"allow":["GET"]}}],"collection":[{"href":"https:\/\/tjsokolkoberice.cz\/index.php?rest_route=\/wp\/v2\/posts"}],"about":[{"href":"https:\/\/tjsokolkoberice.cz\/index.php?rest_route=\/wp\/v2\/types\/post"}],"author":[{"embeddable":true,"href":"https:\/\/tjsokolkoberice.cz\/index.php?rest_route=\/wp\/v2\/users\/3"}],"replies":[{"embeddable":true,"href":"https:\/\/tjsokolkoberice.cz\/index.php?rest_route=%2Fwp%2Fv2%2Fcomments&post=6768"}],"version-history":[{"count":3,"href":"https:\/\/tjsokolkoberice.cz\/index.php?rest_route=\/wp\/v2\/posts\/6768\/revisions"}],"predecessor-version":[{"id":6771,"href":"https:\/\/tjsokolkoberice.cz\/index.php?rest_route=\/wp\/v2\/posts\/6768\/revisions\/6771"}],"wp:featuredmedia":[{"embeddable":true,"href":"https:\/\/tjsokolkoberice.cz\/index.php?rest_route=\/wp\/v2\/media\/1731"}],"wp:attachment":[{"href":"https:\/\/tjsokolkoberice.cz\/index.php?rest_route=%2Fwp%2Fv2%2Fmedia&parent=6768"}],"wp:term":[{"taxonomy":"category","embeddable":true,"href":"https:\/\/tjsokolkoberice.cz\/index.php?rest_route=%2Fwp%2Fv2%2Fcategories&post=6768"},{"taxonomy":"post_tag","embeddable":true,"href":"https:\/\/tjsokolkoberice.cz\/index.php?rest_route=%2Fwp%2Fv2%2Ftags&post=6768"}],"curies":[{"name":"wp","href":"https:\/\/api.w.org\/{rel}","templated":true}]}}