{"id":6779,"date":"2020-06-06T17:52:28","date_gmt":"2020-06-06T16:52:28","guid":{"rendered":"https:\/\/tjsokolkoberice.cz\/?p=6779"},"modified":"2025-10-14T11:51:50","modified_gmt":"2025-10-14T10:51:50","slug":"vikendovy-program-4","status":"publish","type":"post","link":"https:\/\/tjsokolkoberice.cz\/?p=6779","title":{"rendered":"V\u00edkendov\u00fd program"},"content":{"rendered":"<p style=\"text-align: center;\"><span style=\"font-size: 12pt; font-family: helvetica, arial, sans-serif;\"><u><b>Sobota 6. \u010dervna 2020 <\/b><\/u><\/span><\/p>\n<p style=\"text-align: center;\"><span style=\"font-size: 14pt; font-family: helvetica, arial, sans-serif; color: #000080;\"><b>16:00&nbsp;&nbsp;&nbsp; utk\u00e1n\u00ed p\u0159\u00edpravek Kobe\u0159ice \u2013 Bolatice<\/b><\/span><\/p>\n<p style=\"text-align: center;\"><span style=\"font-size: 18pt; font-family: helvetica, arial, sans-serif; color: #000080;\"><b>17:30&nbsp;&nbsp; Mu\u017ei A \u2013 Bolatice<\/b><\/span><\/p>\n<p style=\"text-align: center;\"><span style=\"font-size: 14pt; font-family: helvetica, arial, sans-serif; color: #000080;\"><b>(2. kolo <\/b><b>Prajzsk\u00e9ho<\/b><b> poh\u00e1ru)<\/b><\/span><\/p>\n<p style=\"text-align: center;\"><span style=\"font-size: 12pt; font-family: helvetica, arial, sans-serif;\"><u><b>Ned\u011ble 7. \u010dervna 2020 <\/b><\/u><\/span><\/p>\n<p style=\"text-align: center;\"><span style=\"font-size: 14pt; font-family: helvetica, arial, sans-serif; color: #000080;\"><b>10:00&nbsp;&nbsp;&nbsp; Triangl Sokol\u010dat <\/b><b>(Kobe\u0159ice, Ban\u00edk Ostrava, Krnov, Hlu\u010d\u00edn, Bolatice)<\/b><\/span><\/p>\n<p><img loading=\"lazy\" decoding=\"async\" class=\"aligncenter wp-image-3288 size-medium\" src=\"https:\/\/tjsokolkoberice.cz\/wp-content\/uploads\/2016\/12\/logo-sokol_zs-300x99.png\" alt=\"\" width=\"300\" height=\"99\" srcset=\"https:\/\/tjsokolkoberice.cz\/wp-content\/uploads\/2016\/12\/logo-sokol_zs-300x99.png 300w, https:\/\/tjsokolkoberice.cz\/wp-content\/uploads\/2016\/12\/logo-sokol_zs-768x253.png 768w, https:\/\/tjsokolkoberice.cz\/wp-content\/uploads\/2016\/12\/logo-sokol_zs-816x270.png 816w, https:\/\/tjsokolkoberice.cz\/wp-content\/uploads\/2016\/12\/logo-sokol_zs.png 820w\" sizes=\"auto, (max-width:767px) 300px, 300px\" \/><\/p>\n","protected":false},"excerpt":{"rendered":"<p>Sobota 6. \u010dervna 2020 16:00&nbsp;&nbsp;&nbsp; utk\u00e1n\u00ed p\u0159\u00edpravek Kobe\u0159ice \u2013 Bolatice 17:30&nbsp;&nbsp; Mu\u017ei A \u2013 Bolatice (2. kolo Prajzsk\u00e9ho poh\u00e1ru) Ned\u011ble 7. \u010dervna 2020 10:00&nbsp;&nbsp;&nbsp; Triangl Sokol\u010dat<span class=\"excerpt-hellip\"> [\u2026]<\/span><\/p>\n","protected":false},"author":3,"featured_media":3787,"comment_status":"closed","ping_status":"open","sticky":false,"template":"","format":"standard","meta":{"ngg_post_thumbnail":0,"footnotes":""},"categories":[115,112,110,107,120,119,117,204,111],"tags":[],"class_list":["post-6779","post","type-post","status-publish","format-standard","has-post-thumbnail","hentry","category-a-tym","category-b-tym","category-dorost","category-fotbal","category-mini-mladsi","category-mini-starsi","category-mladsi-zaci","category-sokolcata","category-starsi-zaci"],"_links":{"self":[{"href":"https:\/\/tjsokolkoberice.cz\/index.php?rest_route=\/wp\/v2\/posts\/6779","targetHints":{"allow":["GET"]}}],"collection":[{"href":"https:\/\/tjsokolkoberice.cz\/index.php?rest_route=\/wp\/v2\/posts"}],"about":[{"href":"https:\/\/tjsokolkoberice.cz\/index.php?rest_route=\/wp\/v2\/types\/post"}],"author":[{"embeddable":true,"href":"https:\/\/tjsokolkoberice.cz\/index.php?rest_route=\/wp\/v2\/users\/3"}],"replies":[{"embeddable":true,"href":"https:\/\/tjsokolkoberice.cz\/index.php?rest_route=%2Fwp%2Fv2%2Fcomments&post=6779"}],"version-history":[{"count":1,"href":"https:\/\/tjsokolkoberice.cz\/index.php?rest_route=\/wp\/v2\/posts\/6779\/revisions"}],"predecessor-version":[{"id":6780,"href":"https:\/\/tjsokolkoberice.cz\/index.php?rest_route=\/wp\/v2\/posts\/6779\/revisions\/6780"}],"wp:featuredmedia":[{"embeddable":true,"href":"https:\/\/tjsokolkoberice.cz\/index.php?rest_route=\/wp\/v2\/media\/3787"}],"wp:attachment":[{"href":"https:\/\/tjsokolkoberice.cz\/index.php?rest_route=%2Fwp%2Fv2%2Fmedia&parent=6779"}],"wp:term":[{"taxonomy":"category","embeddable":true,"href":"https:\/\/tjsokolkoberice.cz\/index.php?rest_route=%2Fwp%2Fv2%2Fcategories&post=6779"},{"taxonomy":"post_tag","embeddable":true,"href":"https:\/\/tjsokolkoberice.cz\/index.php?rest_route=%2Fwp%2Fv2%2Ftags&post=6779"}],"curies":[{"name":"wp","href":"https:\/\/api.w.org\/{rel}","templated":true}]}}