{"id":6800,"date":"2020-06-23T18:14:18","date_gmt":"2020-06-23T17:14:18","guid":{"rendered":"https:\/\/tjsokolkoberice.cz\/?p=6800"},"modified":"2025-10-14T11:51:24","modified_gmt":"2025-10-14T10:51:24","slug":"sportovni-slavnost-2020","status":"publish","type":"post","link":"https:\/\/tjsokolkoberice.cz\/?p=6800","title":{"rendered":"Sportovn\u00ed slavnost 2020"},"content":{"rendered":"<p style=\"text-align: justify;\"><span style=\"font-size: 12pt; font-family: helvetica, arial, sans-serif; color: #000000;\"><span style=\"font-size: 14pt;\">V\u00e1\u017een\u00ed spoluob\u010dan\u00e9<\/span>,<\/span><\/p>\n<p style=\"text-align: justify;\"><span style=\"font-size: 12pt; font-family: helvetica, arial, sans-serif; color: #000000;\">v\u00fdkonn\u00fd v\u00fdbor TJ Sokol Kobe\u0159ice se vzhledem ke koronavirov\u00e9 situaci a jej\u00edmu \u201edozvuku\u201c rozhodl, \u017ee se letos tradi\u010dn\u00ed Sportovn\u00ed slavnost konat nebude.<\/span><\/p>\n<p style=\"text-align: justify;\"><span style=\"font-size: 12pt; font-family: helvetica, arial, sans-serif; color: #000000;\">Nechceme nikoho vystavit mo\u017en\u00e9mu nebezpe\u010d\u00ed a riziku \u0161\u00ed\u0159en\u00ed n\u00e1kazy, proto tuto akci v&nbsp;duchu, v&nbsp;jak\u00e9m ji zn\u00e1te odlo\u017e\u00edme na p\u0159\u00ed\u0161t\u00ed rok.<\/span><\/p>\n<p style=\"text-align: justify;\"><span style=\"font-size: 12pt; font-family: helvetica, arial, sans-serif; color: #000000;\">P\u0159esto jsme se rozhodli uspo\u0159\u00e1dat symbolicky alespo\u0148 jeden sportovn\u011b-kulturn\u00ed den J. A kdy? <strong>V&nbsp;sobotu 1.8.2020<\/strong> v&nbsp;are\u00e1lu TJ Sokol prob\u011bhne v&nbsp;dopoledn\u00edch hodin\u00e1ch fotbalov\u00fd turnaj v&nbsp;mal\u00e9 kopan\u00e9, kde si mezi sebou zahraj\u00ed kobe\u0159ick\u00e9 t\u00fdmy. Turnaj bude pokra\u010dovat a\u017e do pozd\u011bj\u0161\u00edho odpoledne.<\/span><\/p>\n<p style=\"text-align: justify;\"><span style=\"font-size: 12pt; font-family: helvetica, arial, sans-serif; color: #000000;\">Ve\u010der bude pro v\u00e1s p\u0159ipraven hudebn\u00ed karneval pod \u0161ir\u00fdm nebem, proto nev\u00e1hejte a p\u0159ij\u010fte se pobavit a d\u00e1t si sklenku n\u011b\u010deho dobr\u00e9ho J.<\/span><\/p>\n<p style=\"text-align: justify;\"><span style=\"font-size: 12pt; font-family: helvetica, arial, sans-serif; color: #000000;\">Bude pro v\u00e1s p\u0159ipraveno ob\u010derstven\u00ed, u kter\u00e9ho v\u00e1s obslou\u017e\u00ed \u010dlenov\u00e9 na\u0161ich slo\u017eek, p\u0159i\u010dem\u017e budeme db\u00e1t na dodr\u017eov\u00e1n\u00ed v\u0161ech hygienick\u00fdch opat\u0159en\u00ed.<\/span><\/p>\n<p style=\"text-align: justify;\"><span style=\"font-size: 12pt; font-family: helvetica, arial, sans-serif; color: #000000;\">V\u011b\u0159\u00edme, \u017ee budete m\u00edt chu\u0165 se bavit a p\u0159ijdete alespo\u0148 v&nbsp;tento den podpo\u0159it na\u0161i akci.&nbsp; T\u011b\u0161\u00edme se na v\u00e1s a srde\u010dn\u011b zveme J.<\/span><\/p>\n<p>&nbsp;<\/p>\n<p style=\"text-align: right;\"><span style=\"font-size: 12pt; font-family: helvetica, arial, sans-serif; color: #000000;\"><strong>Mgr. Marie Buchtov\u00e1<\/strong><\/span><\/p>\n<p style=\"text-align: right;\"><span style=\"font-size: 12pt; font-family: helvetica, arial, sans-serif; color: #000000;\"><em>kulturn\u00ed referent TJ Sokol Kobe\u0159ice<\/em><\/span><\/p>\n<p><img loading=\"lazy\" decoding=\"async\" class=\"aligncenter wp-image-3288 size-medium\" src=\"https:\/\/tjsokolkoberice.cz\/wp-content\/uploads\/2016\/12\/logo-sokol_zs-300x99.png\" alt=\"\" width=\"300\" height=\"99\" srcset=\"https:\/\/tjsokolkoberice.cz\/wp-content\/uploads\/2016\/12\/logo-sokol_zs-300x99.png 300w, https:\/\/tjsokolkoberice.cz\/wp-content\/uploads\/2016\/12\/logo-sokol_zs-768x253.png 768w, https:\/\/tjsokolkoberice.cz\/wp-content\/uploads\/2016\/12\/logo-sokol_zs-816x270.png 816w, https:\/\/tjsokolkoberice.cz\/wp-content\/uploads\/2016\/12\/logo-sokol_zs.png 820w\" sizes=\"auto, (max-width:767px) 300px, 300px\" \/><\/p>\n","protected":false},"excerpt":{"rendered":"<p>V\u00e1\u017een\u00ed spoluob\u010dan\u00e9, v\u00fdkonn\u00fd v\u00fdbor TJ Sokol Kobe\u0159ice se vzhledem ke koronavirov\u00e9 situaci a jej\u00edmu \u201edozvuku\u201c rozhodl, \u017ee se letos tradi\u010dn\u00ed Sportovn\u00ed slavnost konat nebude. Nechceme nikoho<span class=\"excerpt-hellip\"> [\u2026]<\/span><\/p>\n","protected":false},"author":3,"featured_media":1886,"comment_status":"closed","ping_status":"open","sticky":false,"template":"","format":"standard","meta":{"ngg_post_thumbnail":0,"footnotes":""},"categories":[127,150],"tags":[],"class_list":["post-6800","post","type-post","status-publish","format-standard","has-post-thumbnail","hentry","category-kulturni-akce","category-vse"],"_links":{"self":[{"href":"https:\/\/tjsokolkoberice.cz\/index.php?rest_route=\/wp\/v2\/posts\/6800","targetHints":{"allow":["GET"]}}],"collection":[{"href":"https:\/\/tjsokolkoberice.cz\/index.php?rest_route=\/wp\/v2\/posts"}],"about":[{"href":"https:\/\/tjsokolkoberice.cz\/index.php?rest_route=\/wp\/v2\/types\/post"}],"author":[{"embeddable":true,"href":"https:\/\/tjsokolkoberice.cz\/index.php?rest_route=\/wp\/v2\/users\/3"}],"replies":[{"embeddable":true,"href":"https:\/\/tjsokolkoberice.cz\/index.php?rest_route=%2Fwp%2Fv2%2Fcomments&post=6800"}],"version-history":[{"count":6,"href":"https:\/\/tjsokolkoberice.cz\/index.php?rest_route=\/wp\/v2\/posts\/6800\/revisions"}],"predecessor-version":[{"id":6808,"href":"https:\/\/tjsokolkoberice.cz\/index.php?rest_route=\/wp\/v2\/posts\/6800\/revisions\/6808"}],"wp:featuredmedia":[{"embeddable":true,"href":"https:\/\/tjsokolkoberice.cz\/index.php?rest_route=\/wp\/v2\/media\/1886"}],"wp:attachment":[{"href":"https:\/\/tjsokolkoberice.cz\/index.php?rest_route=%2Fwp%2Fv2%2Fmedia&parent=6800"}],"wp:term":[{"taxonomy":"category","embeddable":true,"href":"https:\/\/tjsokolkoberice.cz\/index.php?rest_route=%2Fwp%2Fv2%2Fcategories&post=6800"},{"taxonomy":"post_tag","embeddable":true,"href":"https:\/\/tjsokolkoberice.cz\/index.php?rest_route=%2Fwp%2Fv2%2Ftags&post=6800"}],"curies":[{"name":"wp","href":"https:\/\/api.w.org\/{rel}","templated":true}]}}