{"id":6873,"date":"2020-08-14T07:27:17","date_gmt":"2020-08-14T06:27:17","guid":{"rendered":"https:\/\/tjsokolkoberice.cz\/?p=6873"},"modified":"2025-10-14T11:51:24","modified_gmt":"2025-10-14T10:51:24","slug":"zmeny-v-kadru-a-muzstva-2","status":"publish","type":"post","link":"https:\/\/tjsokolkoberice.cz\/?p=6873","title":{"rendered":"Zm\u011bny v k\u00e1dru A mu\u017estva"},"content":{"rendered":"<p style=\"text-align: justify;\"><span style=\"font-size: 12pt; font-family: helvetica, arial, sans-serif;\">Oproti minul\u00e9mu sout\u011b\u017en\u00edmu ro\u010dn\u00edku do\u0161lo v&nbsp;k\u00e1dru A mu\u017estva k&nbsp;n\u011bkolika zm\u011bn\u00e1m. Kobe\u0159ick\u00fd dres opustili Ka\u0161n\u00fd, Lan\u00edk, Kry\u0161tof a Hartmann P.. V\u0161em hr\u00e1\u010d\u016fm d\u011bkujeme za odveden\u00e9 slu\u017eby a p\u0159ejeme hodn\u011b \u0161t\u011bst\u00ed v&nbsp;dal\u0161\u00ed kari\u00e9\u0159e!<\/span><\/p>\n<p style=\"text-align: justify;\"><span style=\"font-size: 12pt; font-family: helvetica, arial, sans-serif;\">Novicem v&nbsp;na\u0161em t\u00fdmu je slavkovsk\u00fd z\u00e1lo\u017en\u00edk Jan Kr\u00e1l a pevnou sou\u010d\u00e1st\u00ed se stali dorostenci Hartmann A. a Schlischka M. S&nbsp;t\u00fdmem se p\u0159ipravuje tak\u00e9 obr\u00e1nce Tom\u00e1\u0161 Nov\u00e1k, kter\u00e9mu skon\u010dil dorosteneck\u00fd v\u011bk.<\/span><\/p>\n<p style=\"text-align: justify;\"><span style=\"font-size: 12pt; font-family: helvetica, arial, sans-serif;\">K dlouhodob\u011b zran\u011bn\u00fdm hr\u00e1\u010d\u016fm Ve\u010derkovi a \u0160van\u010darovi p\u0159ibyl tak\u00e9 brank\u00e1\u0159 Strzibn\u00fd. V\u0161em p\u0159ejeme brzk\u00e9 uzdraven\u00ed.<\/span><\/p>\n<p>&nbsp;<\/p>\n<p style=\"text-align: justify;\"><span style=\"font-size: 14pt; font-family: helvetica, arial, sans-serif;\"><strong>Sou\u010dasn\u00e1 podoba k\u00e1dru A mu\u017estva:<\/strong><\/span><\/p>\n<p>&nbsp;<\/p>\n<p style=\"text-align: justify;\"><span style=\"font-size: 12pt; font-family: helvetica, arial, sans-serif;\"><strong>Brank\u00e1\u0159i:<\/strong> \u0160tencel Petr, Strzibn\u00fd Ond\u0159ej<\/span><\/p>\n<p style=\"text-align: justify;\"><span style=\"font-size: 12pt; font-family: helvetica, arial, sans-serif;\"><strong>Obr\u00e1nci:<\/strong> Kollek Filip, Kolar\u010d\u00edk Andreas, Buchta Jan, \u0160evior Pavel, Wirth Ren\u00e9, Nov\u00e1k Tom\u00e1\u0161<\/span><\/p>\n<p style=\"text-align: justify;\"><span style=\"font-size: 12pt; font-family: helvetica, arial, sans-serif;\"><strong>Z\u00e1lo\u017en\u00edci:<\/strong> Stuchl\u00edk Petr, Rother Filip, Wirth Robin, Kubn\u00fd Anton\u00edn, Kr\u00e1l Jan, Oberherr Jan, Schlischka Martin<\/span><\/p>\n<p style=\"text-align: justify;\"><span style=\"font-size: 12pt; font-family: helvetica, arial, sans-serif;\"><strong>\u00dato\u010dn\u00edci<\/strong>: St\u0159\u00edbn\u00fd Martin, \u0160ime\u010dek Adam<\/span><\/p>\n<p>&nbsp;<\/p>\n<p style=\"text-align: justify;\"><span style=\"font-size: 12pt; font-family: helvetica, arial, sans-serif;\">Dlouhodob\u011b zran\u011bn\u00ed: Ve\u010derek Michal, \u0160van\u010dar Sebastian<\/span><\/p>\n<p style=\"text-align: justify;\"><span style=\"font-size: 12pt; font-family: helvetica, arial, sans-serif;\"><strong>Tren\u00e9r<\/strong>: Christoph Du\u0161an<\/span><\/p>\n<p style=\"text-align: justify;\"><span style=\"font-size: 12pt; font-family: helvetica, arial, sans-serif;\"><strong>Vedouc\u00ed:<\/strong> \u010cujek Jan<\/span><\/p>\n\n\n<p><\/p>\n","protected":false},"excerpt":{"rendered":"<p>Oproti minul\u00e9mu sout\u011b\u017en\u00edmu ro\u010dn\u00edku do\u0161lo v&nbsp;k\u00e1dru A mu\u017estva k&nbsp;n\u011bkolika zm\u011bn\u00e1m. Kobe\u0159ick\u00fd dres opustili Ka\u0161n\u00fd, Lan\u00edk, Kry\u0161tof a Hartmann P.. V\u0161em hr\u00e1\u010d\u016fm d\u011bkujeme za odveden\u00e9 slu\u017eby a<span class=\"excerpt-hellip\"> [\u2026]<\/span><\/p>\n","protected":false},"author":3,"featured_media":6783,"comment_status":"closed","ping_status":"open","sticky":false,"template":"","format":"standard","meta":{"ngg_post_thumbnail":0,"footnotes":""},"categories":[115,107],"tags":[],"class_list":["post-6873","post","type-post","status-publish","format-standard","has-post-thumbnail","hentry","category-a-tym","category-fotbal"],"_links":{"self":[{"href":"https:\/\/tjsokolkoberice.cz\/index.php?rest_route=\/wp\/v2\/posts\/6873","targetHints":{"allow":["GET"]}}],"collection":[{"href":"https:\/\/tjsokolkoberice.cz\/index.php?rest_route=\/wp\/v2\/posts"}],"about":[{"href":"https:\/\/tjsokolkoberice.cz\/index.php?rest_route=\/wp\/v2\/types\/post"}],"author":[{"embeddable":true,"href":"https:\/\/tjsokolkoberice.cz\/index.php?rest_route=\/wp\/v2\/users\/3"}],"replies":[{"embeddable":true,"href":"https:\/\/tjsokolkoberice.cz\/index.php?rest_route=%2Fwp%2Fv2%2Fcomments&post=6873"}],"version-history":[{"count":3,"href":"https:\/\/tjsokolkoberice.cz\/index.php?rest_route=\/wp\/v2\/posts\/6873\/revisions"}],"predecessor-version":[{"id":6877,"href":"https:\/\/tjsokolkoberice.cz\/index.php?rest_route=\/wp\/v2\/posts\/6873\/revisions\/6877"}],"wp:featuredmedia":[{"embeddable":true,"href":"https:\/\/tjsokolkoberice.cz\/index.php?rest_route=\/wp\/v2\/media\/6783"}],"wp:attachment":[{"href":"https:\/\/tjsokolkoberice.cz\/index.php?rest_route=%2Fwp%2Fv2%2Fmedia&parent=6873"}],"wp:term":[{"taxonomy":"category","embeddable":true,"href":"https:\/\/tjsokolkoberice.cz\/index.php?rest_route=%2Fwp%2Fv2%2Fcategories&post=6873"},{"taxonomy":"post_tag","embeddable":true,"href":"https:\/\/tjsokolkoberice.cz\/index.php?rest_route=%2Fwp%2Fv2%2Ftags&post=6873"}],"curies":[{"name":"wp","href":"https:\/\/api.w.org\/{rel}","templated":true}]}}