{"id":6909,"date":"2020-08-28T16:22:57","date_gmt":"2020-08-28T15:22:57","guid":{"rendered":"https:\/\/tjsokolkoberice.cz\/?p=6909"},"modified":"2025-10-14T11:51:09","modified_gmt":"2025-10-14T10:51:09","slug":"a-muzi-opet-nebodovali-bystrici-podlehli-12","status":"publish","type":"post","link":"https:\/\/tjsokolkoberice.cz\/?p=6909","title":{"rendered":"A mu\u017ei op\u011bt nebodovali, Byst\u0159ici podlehli 1:2"},"content":{"rendered":"<p><span style=\"font-size: 12pt; font-family: helvetica, arial, sans-serif;\"><strong>St\u0159eda 26.8.2020 vlo\u017een\u00e9 15. kolo KP<\/strong><\/span><\/p>\n<p>&nbsp;<\/p>\n<p><span style=\"font-size: 14pt; font-family: helvetica, arial, sans-serif;\"><strong>A mu\u017ei \u2013 TJ Byst\u0159ice&nbsp;&nbsp; 1:2 (1:1)<\/strong><\/span><\/p>\n<p>&nbsp;<\/p>\n<p><span style=\"font-size: 12pt; font-family: helvetica, arial, sans-serif;\"><strong>Branky: <\/strong>&nbsp;23. Wirth Robin&nbsp;&#8211;&nbsp;14. Liberda Ale\u0161, 88. Buryan Filip<\/span><\/p>\n<p><span style=\"font-size: 12pt; font-family: helvetica, arial, sans-serif;\"><strong>Div\u00e1ci:<\/strong> 136<\/span><\/p>\n<p><span style=\"font-size: 12pt; font-family: helvetica, arial, sans-serif;\"><strong>Rozhod\u010d\u00ed:<\/strong> Jurajda David &#8211; Fry\u010d Luk\u00e1\u0161, Tab\u00e1\u0161ek Kamil. Deleg\u00e1t: Mu\u017e\u00edk Franti\u0161ek.<\/span><\/p>\n<p><span style=\"font-size: 12pt; font-family: helvetica, arial, sans-serif;\"><strong>Sestava:<\/strong>&nbsp;\u0160tencel &#8211; Stuchl\u00edk, \u0160evior, Robin Wirth, Ren\u00e9 Wirth \u2013 Rother, Schlischka (67. Kolar\u010d\u00edk), Kubn\u00fd, Kr\u00e1l, St\u0159\u00edbn\u00fd (78. Biel\u00e1k), \u0160ime\u010dek,&nbsp;<\/span><\/p>\n<p><span style=\"font-size: 12pt; font-family: helvetica, arial, sans-serif;\"><strong>Tren\u00e9r <\/strong>&#8211; Du\u0161an Christoph<\/span><\/p>\n<p><span style=\"font-size: 12pt; font-family: helvetica, arial, sans-serif;\">P\u0159\u00ed\u0161t\u00ed utk\u00e1n\u00ed sehraj\u00ed ji\u017e tuto ned\u011bli 30.8.2020 doma od 17 hod. s&nbsp;H\u00e1jem ve Slezsku!<\/span><\/p>\n","protected":false},"excerpt":{"rendered":"<p>St\u0159eda 26.8.2020 vlo\u017een\u00e9 15. kolo KP &nbsp; A mu\u017ei \u2013 TJ Byst\u0159ice&nbsp;&nbsp; 1:2 (1:1) &nbsp; Branky: &nbsp;23. Wirth Robin&nbsp;&#8211;&nbsp;14. Liberda Ale\u0161, 88. Buryan Filip Div\u00e1ci: 136<span class=\"excerpt-hellip\"> [\u2026]<\/span><\/p>\n","protected":false},"author":3,"featured_media":2929,"comment_status":"closed","ping_status":"open","sticky":false,"template":"","format":"standard","meta":{"ngg_post_thumbnail":0,"footnotes":""},"categories":[115,107,104,102],"tags":[],"class_list":["post-6909","post","type-post","status-publish","format-standard","has-post-thumbnail","hentry","category-a-tym","category-fotbal","category-vysledky","category-zapasy"],"_links":{"self":[{"href":"https:\/\/tjsokolkoberice.cz\/index.php?rest_route=\/wp\/v2\/posts\/6909","targetHints":{"allow":["GET"]}}],"collection":[{"href":"https:\/\/tjsokolkoberice.cz\/index.php?rest_route=\/wp\/v2\/posts"}],"about":[{"href":"https:\/\/tjsokolkoberice.cz\/index.php?rest_route=\/wp\/v2\/types\/post"}],"author":[{"embeddable":true,"href":"https:\/\/tjsokolkoberice.cz\/index.php?rest_route=\/wp\/v2\/users\/3"}],"replies":[{"embeddable":true,"href":"https:\/\/tjsokolkoberice.cz\/index.php?rest_route=%2Fwp%2Fv2%2Fcomments&post=6909"}],"version-history":[{"count":3,"href":"https:\/\/tjsokolkoberice.cz\/index.php?rest_route=\/wp\/v2\/posts\/6909\/revisions"}],"predecessor-version":[{"id":6912,"href":"https:\/\/tjsokolkoberice.cz\/index.php?rest_route=\/wp\/v2\/posts\/6909\/revisions\/6912"}],"wp:featuredmedia":[{"embeddable":true,"href":"https:\/\/tjsokolkoberice.cz\/index.php?rest_route=\/wp\/v2\/media\/2929"}],"wp:attachment":[{"href":"https:\/\/tjsokolkoberice.cz\/index.php?rest_route=%2Fwp%2Fv2%2Fmedia&parent=6909"}],"wp:term":[{"taxonomy":"category","embeddable":true,"href":"https:\/\/tjsokolkoberice.cz\/index.php?rest_route=%2Fwp%2Fv2%2Fcategories&post=6909"},{"taxonomy":"post_tag","embeddable":true,"href":"https:\/\/tjsokolkoberice.cz\/index.php?rest_route=%2Fwp%2Fv2%2Ftags&post=6909"}],"curies":[{"name":"wp","href":"https:\/\/api.w.org\/{rel}","templated":true}]}}