{"id":6914,"date":"2020-09-04T07:15:14","date_gmt":"2020-09-04T06:15:14","guid":{"rendered":"https:\/\/tjsokolkoberice.cz\/?p=6914"},"modified":"2025-10-14T11:51:09","modified_gmt":"2025-10-14T10:51:09","slug":"vysledkovy-servis-nasich-muzstev-12","status":"publish","type":"post","link":"https:\/\/tjsokolkoberice.cz\/?p=6914","title":{"rendered":"V\u00fdsledkov\u00fd servis na\u0161ich mu\u017estev"},"content":{"rendered":"<p style=\"text-align: justify;\"><span style=\"font-family: helvetica, arial, sans-serif; font-size: 14pt;\"><strong>A mu\u017ei \u2013 H\u00e1j ve Slezsku&nbsp;&nbsp; 2:1 (2:1)<\/strong><\/span><\/p>\n<p style=\"text-align: justify;\"><span style=\"font-family: helvetica, arial, sans-serif; font-size: 12pt;\">Kobe\u0159ice ve st\u0159ede\u010dn\u00edm vlo\u017een\u00e9m kole podlehly doma Byst\u0159ici, tak\u017ee v&nbsp;ned\u011bln\u00edm derby&nbsp; s&nbsp;H\u00e1jem m\u011bly rozhodn\u011b &nbsp;co napravovat. Dom\u00e1c\u00ed sice nechytili za\u010d\u00e1tek utk\u00e1n\u00ed, ale postupem \u010dasu se zlep\u0161ovali, tak\u017ee v&nbsp;prvn\u00ed p\u016fli dok\u00e1zali oto\u010dit nep\u0159\u00edzniv\u00fd stav.<\/span><\/p>\n<p style=\"text-align: justify;\"><span style=\"font-family: helvetica, arial, sans-serif; font-size: 12pt;\">Zpo\u010d\u00e1tku tla\u010dili na pilu zejm\u00e9na host\u00e9, kter\u00e9 povzbudila 7. minuta. Rychlonoh\u00fd \u0160ec, kter\u00fd prol\u00e9tl kolem Ren\u00e9 Wirtha, ztroskotal na brank\u00e1\u0159i \u0160tenclovi, ale dor\u00e1\u017eka Lampy se ot\u0159ela o b\u0159evno a skon\u010dila za z\u00e1dy brank\u00e1\u0159e \u0160tencela &#8211; 0:1. V&nbsp;dal\u0161\u00ed p\u0159\u00edle\u017eitosti selhal Uv\u00edra, co\u017e se host\u00edm z\u00e1hy vymstilo. Kubn\u00fd si toti\u017e narazil m\u00ed\u010d s&nbsp;Robinem Wirthem a poslal m\u00ed\u010d k bli\u017e\u0161\u00ed t\u00fd\u010di &#8211; 1:1. Na opa\u010dn\u00e9 stran\u011b st\u00e1le tropil neplechu \u0160ec,&nbsp; jen\u017ee po spolupr\u00e1ci s&nbsp;Uv\u00edrou rozvlnil pouze bo\u010dn\u00ed s\u00ed\u0165. T\u011bsn\u011b p\u0159ed p\u0159est\u00e1vkou tedy ude\u0159ily Kobe\u0159ice. P\u011bknou kombina\u010dn\u00ed akci rozjel Rother, \u0160ime\u010dek se pak vymanil se sev\u0159en\u00ed Konvi\u010dky a Robin Wirth zbl\u00edzka nezav\u00e1hal &#8211; 2:1.<\/span><\/p>\n<p style=\"text-align: justify;\"><span style=\"font-family: helvetica, arial, sans-serif; font-size: 12pt;\">Za\u010d\u00e1tek druh\u00e9 p\u016fle or\u00e1movaly p\u0159\u00edle\u017eitost\u00ed \u0160ime\u010dka. Postupn\u011b v\u0161ak p\u0159eb\u00edrali taktovku h\u00e1je\u010dt\u00ed fotbalist\u00e9 a n\u011bkolikr\u00e1t sahali po vyrovn\u00e1n\u00ed. Rem\u00edzu m\u011bli na kopa\u010dk\u00e1ch \u0160ec, Uv\u00edra, Er\u0161il a Lampa, kter\u00fd dokonce rozkym\u00e1cel b\u0159evno. \u201e<em>Kone\u010dn\u011b se k&nbsp;n\u00e1m oto\u010dilo \u0161t\u011bst\u00ed. Za\u010d\u00e1tek n\u00e1m nevy\u0161el, kdy\u017e jsme brzy prohr\u00e1vali po zbyte\u010dn\u00e9 chyb\u011b. Na\u0161t\u011bst\u00ed n\u00e1m to tam dvakr\u00e1t spadlo a po p\u0159est\u00e1vce jsme to ubojovali, p\u0159iznal kobe\u0159ick\u00fd tren\u00e9r Du\u0161an Christhoph <\/em>(zdroj Region Opavsko).<\/span><\/p>\n<p style=\"text-align: justify;\"><span style=\"font-family: helvetica, arial, sans-serif; font-size: 12pt;\"><strong>Branky: <\/strong>&nbsp;15. Kubn\u00fd Anton\u00edn, 41. Wirth Robin&nbsp;&#8211;&nbsp;7. Lampa Jan<\/span><\/p>\n<p style=\"text-align: justify;\"><span style=\"font-family: helvetica, arial, sans-serif; font-size: 12pt;\"><strong>Div\u00e1ci:<\/strong> 236<\/span><\/p>\n<p style=\"text-align: justify;\"><span style=\"font-family: helvetica, arial, sans-serif; font-size: 12pt;\"><strong>Rozhod\u010d\u00ed:<\/strong> Ochodek Ji\u0159\u00ed &#8211; Juryg\u00e1\u010dek Ren\u00e9, Jur\u010dek Ond\u0159ej.<\/span><\/p>\n<p style=\"text-align: justify;\"><span style=\"font-family: helvetica, arial, sans-serif; font-size: 12pt;\"><strong>Sestava:<\/strong>&nbsp;\u0160tencel \u2013 Stuchl\u00edk, Buchta, \u0160evior, Ren\u00e9 Wirth- Rother (70. Tom\u00e1\u0161ek), Robin Wirth, Kubn\u00fd, Kr\u00e1l (90. Oberherr A.), St\u0159\u00edbn\u00fd (90. Kolar\u010d\u00edk), \u0160ime\u010dek (82. Schlischka M.)&nbsp;<\/span><\/p>\n<p style=\"text-align: justify;\"><span style=\"font-family: helvetica, arial, sans-serif; font-size: 12pt;\"><strong>Tren\u00e9r <\/strong>&#8211; Du\u0161an Christoph<\/span><\/p>\n<p style=\"text-align: justify;\">&nbsp;<\/p>\n<p style=\"text-align: justify;\"><span style=\"font-family: helvetica, arial, sans-serif; font-size: 14pt;\"><strong>Kozmice B \u2013 Mu\u017ei B &nbsp;&nbsp;&nbsp;1:4 (0:2)<\/strong><\/span><\/p>\n<p style=\"text-align: justify;\"><span style=\"font-family: helvetica, arial, sans-serif; font-size: 12pt;\"><strong>Branky: <\/strong>&nbsp;88. Gai Tom\u00e1\u0161&nbsp;&#8211;&nbsp;12. Nov\u00e1k Tom\u00e1\u0161, 38. Jur\u010dek Luk\u00e1\u0161, 59. N\u00e1vrat Jan, 69. Las\u00e1k Du\u0161an<\/span><\/p>\n<p style=\"text-align: justify;\"><span style=\"font-family: helvetica, arial, sans-serif; font-size: 12pt;\"><strong>Div\u00e1ci:<\/strong> 50<\/span><\/p>\n<p style=\"text-align: justify;\"><span style=\"font-family: helvetica, arial, sans-serif; font-size: 12pt;\"><strong>Sestava: <\/strong>Jur\u010dek P., Kube\u0161a, Nev\u0159ela, Nov\u00e1k (67. Las\u00e1k D.), Rycka (63. Be\u010dica), Jur\u010dek L. (61. Jani\u0161), Oberherr A., Jan\u00edk L., Latka (77. Jan\u00edk V.), Zbo\u0159il (69. Ullrich)<\/span><\/p>\n<p>&nbsp;<\/p>\n<p style=\"text-align: justify;\"><span style=\"font-family: helvetica, arial, sans-serif; font-size: 14pt;\"><strong>Dorost &#8211; V\u00edtkov 3:0 (2:0)<\/strong><\/span><\/p>\n<p style=\"text-align: justify;\"><span style=\"font-family: helvetica, arial, sans-serif; font-size: 12pt;\"><strong>Branky: <\/strong>&nbsp;19. Kubn\u00fd Mat\u011bj, 39. Zvon\u00edk Du\u0161an, 92. Schiedek Daniel<\/span><\/p>\n<p style=\"text-align: justify;\"><span style=\"font-family: helvetica, arial, sans-serif; font-size: 12pt;\"><strong>Div\u00e1ci:<\/strong> 64<\/span><\/p>\n<p style=\"text-align: justify;\"><span style=\"font-family: helvetica, arial, sans-serif; font-size: 12pt;\"><strong>Sestava: <\/strong>Reichel, Zvon\u00edk (76. Pa\u0161ek), Halfar (46. Dohner), Li\u0161ka, Sotorn\u00edk, Kubn\u00fd, Harazim (60. Stuchl\u00edk), Biel\u00e1k, Voln\u00fd (90. Nev\u0159ela), Kaspar (65. Schiedek), Dohner, Kretek (92. Vit\u00e1sek)<\/span><\/p>\n<p style=\"text-align: justify;\">&nbsp;<\/p>\n<p style=\"text-align: justify;\"><span style=\"font-family: helvetica, arial, sans-serif; font-size: 14pt;\"><strong>St. \u017e\u00e1ci \u2013 M\u011bsto Albrechtice&nbsp; 10:1&nbsp; (5:0)<\/strong><\/span><\/p>\n<p style=\"text-align: justify;\"><span style=\"font-family: helvetica, arial, sans-serif; font-size: 12pt;\"><strong>Branky: <\/strong>&nbsp;12. Slanina Maxmili\u00e1n, 15. V\u00e1clav\u00edk Adam, 21. Cziepl\u00fd Martin, 27. V\u00e1clav\u00edk Adam, 28. V\u00e1clav\u00edk Adam, 37. Slanina Maxmili\u00e1n, 40. Birtek Michal, 42. V\u00e1clav\u00edk Adam, 47. Birtek Michal, 63. V\u00e1clav\u00edk Adam&nbsp;&#8211;&nbsp;43. Vyle\u017e\u00edk Mat\u011bj<\/span><\/p>\n<p style=\"text-align: justify;\"><span style=\"font-family: helvetica, arial, sans-serif; font-size: 14pt;\"><strong>Ml. \u017e\u00e1ci &#8211; M\u011bsto Albrechtice&nbsp; 2:17&nbsp; (1:9)<\/strong><\/span><\/p>\n<p style=\"text-align: justify;\"><span style=\"font-family: helvetica, arial, sans-serif; font-size: 12pt;\"><strong>Branky: <\/strong>&nbsp;&nbsp;7. Herich Filip, 43. St\u0159\u00edbn\u00fd Vojt\u011bch&nbsp;&#8211;&nbsp;5. Divi\u0161 Maty\u00e1\u0161, 8. Divi\u0161 Maty\u00e1\u0161, 12. \u017div\u010d\u00e1k Daniel, 13. Krej\u010di\u0159\u00edk Martin, 21. \u017div\u010d\u00e1k Daniel, 22. Fuskov\u00e1 Lucie, 23. Divi\u0161 Maty\u00e1\u0161, 27. \u017div\u010d\u00e1k Daniel, 29. Divi\u0161 Maty\u00e1\u0161, 34. Kvasnica David, 36. Kusenda Michal, 38. Kvasnica David, 40. \u017div\u010d\u00e1k Daniel, 42. Kusenda Michal, 44. Kvasnica David, 54. Ondr\u00e1k Radim, 59. Ondr\u00e1k Radim<\/span><\/p>\n\n\n<p><\/p>\n","protected":false},"excerpt":{"rendered":"<p>A mu\u017ei \u2013 H\u00e1j ve Slezsku&nbsp;&nbsp; 2:1 (2:1) Kobe\u0159ice ve st\u0159ede\u010dn\u00edm vlo\u017een\u00e9m kole podlehly doma Byst\u0159ici, tak\u017ee v&nbsp;ned\u011bln\u00edm derby&nbsp; s&nbsp;H\u00e1jem m\u011bly rozhodn\u011b &nbsp;co napravovat. Dom\u00e1c\u00ed sice<span class=\"excerpt-hellip\"> [\u2026]<\/span><\/p>\n","protected":false},"author":3,"featured_media":3370,"comment_status":"closed","ping_status":"open","sticky":false,"template":"","format":"standard","meta":{"ngg_post_thumbnail":0,"footnotes":""},"categories":[115,112,110,107,117,111],"tags":[],"class_list":["post-6914","post","type-post","status-publish","format-standard","has-post-thumbnail","hentry","category-a-tym","category-b-tym","category-dorost","category-fotbal","category-mladsi-zaci","category-starsi-zaci"],"_links":{"self":[{"href":"https:\/\/tjsokolkoberice.cz\/index.php?rest_route=\/wp\/v2\/posts\/6914","targetHints":{"allow":["GET"]}}],"collection":[{"href":"https:\/\/tjsokolkoberice.cz\/index.php?rest_route=\/wp\/v2\/posts"}],"about":[{"href":"https:\/\/tjsokolkoberice.cz\/index.php?rest_route=\/wp\/v2\/types\/post"}],"author":[{"embeddable":true,"href":"https:\/\/tjsokolkoberice.cz\/index.php?rest_route=\/wp\/v2\/users\/3"}],"replies":[{"embeddable":true,"href":"https:\/\/tjsokolkoberice.cz\/index.php?rest_route=%2Fwp%2Fv2%2Fcomments&post=6914"}],"version-history":[{"count":1,"href":"https:\/\/tjsokolkoberice.cz\/index.php?rest_route=\/wp\/v2\/posts\/6914\/revisions"}],"predecessor-version":[{"id":6915,"href":"https:\/\/tjsokolkoberice.cz\/index.php?rest_route=\/wp\/v2\/posts\/6914\/revisions\/6915"}],"wp:featuredmedia":[{"embeddable":true,"href":"https:\/\/tjsokolkoberice.cz\/index.php?rest_route=\/wp\/v2\/media\/3370"}],"wp:attachment":[{"href":"https:\/\/tjsokolkoberice.cz\/index.php?rest_route=%2Fwp%2Fv2%2Fmedia&parent=6914"}],"wp:term":[{"taxonomy":"category","embeddable":true,"href":"https:\/\/tjsokolkoberice.cz\/index.php?rest_route=%2Fwp%2Fv2%2Fcategories&post=6914"},{"taxonomy":"post_tag","embeddable":true,"href":"https:\/\/tjsokolkoberice.cz\/index.php?rest_route=%2Fwp%2Fv2%2Ftags&post=6914"}],"curies":[{"name":"wp","href":"https:\/\/api.w.org\/{rel}","templated":true}]}}