{"id":7052,"date":"2020-12-18T11:08:41","date_gmt":"2020-12-18T10:08:41","guid":{"rendered":"https:\/\/tjsokolkoberice.cz\/?p=7052"},"modified":"2025-10-14T11:50:30","modified_gmt":"2025-10-14T10:50:30","slug":"mikulas-kubny-si-odbyl-ligovou-premieru-v-dresu-opavy","status":"publish","type":"post","link":"https:\/\/tjsokolkoberice.cz\/?p=7052","title":{"rendered":"Mikul\u00e1\u0161 Kubn\u00fd si odbyl ligovou premi\u00e9ru v dresu Opavy!"},"content":{"rendered":"<div style=\"text-align: justify;\"><span style=\"font-family: helvetica, arial, sans-serif; font-size: 12pt;\">V 16 letech a 3 m\u011bs\u00edc\u00edch se stal nejmlad\u0161\u00edm brank\u00e1\u0159em v historii samostatn\u00e9 \u010desk\u00e9 fotbalov\u00e9 ligy! \u0158e\u010d je o odchovanci kobe\u0159ick\u00e9ho fotbalu&nbsp;<b>Mikul\u00e1\u0161i Kubn\u00e9m<\/b>, kter\u00fd si ve st\u0159edu 16.12.2020 v dresu SFC Opava odbyl svou prvoligovou premi\u00e9ru v utk\u00e1ni na h\u0159i\u0161ti Slovanu Liberec. Vlivem pozitivn\u00edch test\u016f na Covid -19 u v\u0161ech t\u0159\u00ed brank\u00e1\u0159\u016f Opavy byl tren\u00e9r Radoslav Kov\u00e1\u010d nucen povolat teprve 16 let\u00e9ho mlad\u0161\u00edho dorostence z Kobe\u0159ic. Ten se mu v utk\u00e1n\u00ed odvd\u011b\u010dil bravurn\u00edm v\u00fdkonem, i tak por\u00e1\u017ece sv\u00e9ho t\u00fdmu 0:2 nezabr\u00e1nil.<\/span><\/div>\n<div style=\"text-align: justify;\"><span style=\"font-family: helvetica, arial, sans-serif; font-size: 12pt;\">Mikul\u00e1\u0161i velmi gratulujeme k takov\u00e9muto \u00fasp\u011bchu a p\u0159ejeme, aby nez\u016fstalo u tohoto jednoho startu a v budoucnu p\u0159idal dal\u0161\u00ed ligov\u00e9 starty! Mikul\u00e1\u0161i bravo, a\u0165 se da\u0159\u00ed!<\/span><\/div>\n<div style=\"text-align: justify;\"><span style=\"font-family: helvetica, arial, sans-serif; font-size: 12pt;\"><b>&nbsp;<\/b><\/span><\/div>\n<div style=\"text-align: justify;\"><span style=\"font-family: helvetica, arial, sans-serif; font-size: 12pt;\"><b>Nejmlad\u0161\u00ed ligov\u00ed brank\u00e1\u0159i:<\/b><\/span><\/div>\n<div>&nbsp;<\/div>\n<div>\n<table>\n<tbody>\n<tr>\n<td width=\"28\">\n<p>1.<\/p>\n<\/td>\n<td width=\"85\">\n<p>Kubn\u00fd<\/p>\n<\/td>\n<td width=\"57\">\n<p>16 let<\/p>\n<\/td>\n<td width=\"76\">\n<p>Opava<\/p>\n<\/td>\n<\/tr>\n<tr>\n<td width=\"28\">\n<p>2.<\/p>\n<\/td>\n<td width=\"85\">\n<p>Dost\u00e1l<\/p>\n<\/td>\n<td width=\"57\">\n<p>17 let<\/p>\n<\/td>\n<td width=\"76\">\n<p>Zl\u00edn<\/p>\n<\/td>\n<\/tr>\n<tr>\n<td width=\"28\">\n<p>3.<\/p>\n<\/td>\n<td width=\"85\">\n<p>\u010cech<\/p>\n<\/td>\n<td width=\"57\">\n<p>17 let<\/p>\n<\/td>\n<td width=\"76\">\n<p>Bl\u0161any<\/p>\n<\/td>\n<\/tr>\n<tr>\n<td width=\"28\">\n<p>4.<\/p>\n<\/td>\n<td width=\"85\">\n<p>Mar\u0161\u00e1lek<\/p>\n<\/td>\n<td width=\"57\">\n<p>17 let<\/p>\n<\/td>\n<td width=\"76\">\n<p>Blasany<\/p>\n<\/td>\n<\/tr>\n<tr>\n<td width=\"28\">\n<p>5.<\/p>\n<\/td>\n<td width=\"85\">\n<p>Sk\u00e1cel<\/p>\n<\/td>\n<td width=\"57\">\n<p>17 let<\/p>\n<\/td>\n<td width=\"76\">\n<p>Olomouc<\/p>\n<\/td>\n<\/tr>\n<tr>\n<td width=\"28\">\n<p>6.<\/p>\n<\/td>\n<td width=\"85\">\n<p>Markovi\u010d<\/p>\n<\/td>\n<td width=\"57\">\n<p>18 let<\/p>\n<\/td>\n<td width=\"76\">\n<p>Slavia<\/p>\n<\/td>\n<\/tr>\n<\/tbody>\n<\/table>\n<\/div>\n\n\n<figure class=\"wp-block-embed-youtube aligncenter wp-block-embed is-type-video is-provider-youtube wp-embed-aspect-16-9 wp-has-aspect-ratio\"><div class=\"wp-block-embed__wrapper\">\n<iframe loading=\"lazy\" title=\"ROZHOVOR | Mikul\u00e1\u0161 Kubn\u00fd po proh\u0159e s Libercem\" width=\"1220\" height=\"686\" src=\"https:\/\/www.youtube.com\/embed\/f08ffKtRbSg?feature=oembed\" frameborder=\"0\" allow=\"accelerometer; autoplay; clipboard-write; encrypted-media; gyroscope; picture-in-picture; web-share\" referrerpolicy=\"strict-origin-when-cross-origin\" allowfullscreen><\/iframe>\n<\/div><\/figure>\n\n\n\n<div class=\"wp-block-image\"><figure class=\"aligncenter size-large is-resized\"><img loading=\"lazy\" decoding=\"async\" src=\"https:\/\/tjsokolkoberice.cz\/wp-content\/uploads\/2016\/12\/logo-sokol_zs.png\" alt=\"\" class=\"wp-image-3288\" width=\"407\" height=\"133\" srcset=\"https:\/\/tjsokolkoberice.cz\/wp-content\/uploads\/2016\/12\/logo-sokol_zs.png 820w, https:\/\/tjsokolkoberice.cz\/wp-content\/uploads\/2016\/12\/logo-sokol_zs-300x99.png 300w, https:\/\/tjsokolkoberice.cz\/wp-content\/uploads\/2016\/12\/logo-sokol_zs-768x253.png 768w\" sizes=\"auto, (max-width:767px) 407px, 407px\" \/><\/figure><\/div>\n","protected":false},"excerpt":{"rendered":"<p>V 16 letech a 3 m\u011bs\u00edc\u00edch se stal nejmlad\u0161\u00edm brank\u00e1\u0159em v historii samostatn\u00e9 \u010desk\u00e9 fotbalov\u00e9 ligy! \u0158e\u010d je o odchovanci kobe\u0159ick\u00e9ho fotbalu&nbsp;Mikul\u00e1\u0161i Kubn\u00e9m, kter\u00fd si ve<span class=\"excerpt-hellip\"> [\u2026]<\/span><\/p>\n","protected":false},"author":3,"featured_media":2993,"comment_status":"closed","ping_status":"open","sticky":false,"template":"","format":"standard","meta":{"ngg_post_thumbnail":0,"footnotes":""},"categories":[107,150],"tags":[],"class_list":["post-7052","post","type-post","status-publish","format-standard","has-post-thumbnail","hentry","category-fotbal","category-vse"],"_links":{"self":[{"href":"https:\/\/tjsokolkoberice.cz\/index.php?rest_route=\/wp\/v2\/posts\/7052","targetHints":{"allow":["GET"]}}],"collection":[{"href":"https:\/\/tjsokolkoberice.cz\/index.php?rest_route=\/wp\/v2\/posts"}],"about":[{"href":"https:\/\/tjsokolkoberice.cz\/index.php?rest_route=\/wp\/v2\/types\/post"}],"author":[{"embeddable":true,"href":"https:\/\/tjsokolkoberice.cz\/index.php?rest_route=\/wp\/v2\/users\/3"}],"replies":[{"embeddable":true,"href":"https:\/\/tjsokolkoberice.cz\/index.php?rest_route=%2Fwp%2Fv2%2Fcomments&post=7052"}],"version-history":[{"count":5,"href":"https:\/\/tjsokolkoberice.cz\/index.php?rest_route=\/wp\/v2\/posts\/7052\/revisions"}],"predecessor-version":[{"id":7058,"href":"https:\/\/tjsokolkoberice.cz\/index.php?rest_route=\/wp\/v2\/posts\/7052\/revisions\/7058"}],"wp:featuredmedia":[{"embeddable":true,"href":"https:\/\/tjsokolkoberice.cz\/index.php?rest_route=\/wp\/v2\/media\/2993"}],"wp:attachment":[{"href":"https:\/\/tjsokolkoberice.cz\/index.php?rest_route=%2Fwp%2Fv2%2Fmedia&parent=7052"}],"wp:term":[{"taxonomy":"category","embeddable":true,"href":"https:\/\/tjsokolkoberice.cz\/index.php?rest_route=%2Fwp%2Fv2%2Fcategories&post=7052"},{"taxonomy":"post_tag","embeddable":true,"href":"https:\/\/tjsokolkoberice.cz\/index.php?rest_route=%2Fwp%2Fv2%2Ftags&post=7052"}],"curies":[{"name":"wp","href":"https:\/\/api.w.org\/{rel}","templated":true}]}}