{"id":7084,"date":"2021-07-09T06:24:18","date_gmt":"2021-07-09T05:24:18","guid":{"rendered":"https:\/\/tjsokolkoberice.cz\/?p=7084"},"modified":"2025-10-14T11:50:30","modified_gmt":"2025-10-14T10:50:30","slug":"v-sobotu-na-nasem-hristi-opava-vs-liptovsky-mikulas","status":"publish","type":"post","link":"https:\/\/tjsokolkoberice.cz\/?p=7084","title":{"rendered":"V sobotu na na\u0161em h\u0159i\u0161ti Opava vs. Liptovsk\u00fd Mikul\u00e1\u0161"},"content":{"rendered":"<p style=\"text-align: justify;\"><span style=\"font-family: helvetica, arial, sans-serif; font-size: 12pt;\">K&nbsp;zaj\u00edmav\u00e9 konfrontaci dojde v&nbsp;sobotu 10. \u010dervence od 10:30 hod. na na\u0161em h\u0159i\u0161ti v&nbsp;Kobe\u0159ic\u00edch. V&nbsp;p\u0159\u00edpravn\u00e9m utk\u00e1n\u00ed se st\u0159etne druholigov\u00fd <strong>Slezsk\u00fd FC Opava<\/strong> s nov\u00e1\u010dkem nejvy\u0161\u0161\u00ed slovensk\u00e9 sout\u011b\u017ee <strong>Tatranem Liptovsk\u00fd Mikul\u00e1\u0161<\/strong>.<\/span><\/p>\n<p style=\"text-align: justify;\"><span style=\"font-family: helvetica, arial, sans-serif; font-size: 12pt;\">V\u0161ichni div\u00e1ci mus\u00ed celou dobu pobytu v are\u00e1lu TJ Sokol Kobe\u0159ice dodr\u017eovat aktu\u00e1ln\u00ed na\u0159\u00edzen\u00ed, nosit ochrann\u00fd prost\u0159edek d\u00fdchac\u00edch cest (respir\u00e1tor FFP2 \u010di KN95 bez v\u00fddechov\u00e9ho ventilu) a dodr\u017eovat pat\u0159i\u010dn\u00e9 rozestupy. Z\u00e1rove\u0148 mus\u00ed dodr\u017eet vzd\u00e1lenost 2 metry od hrac\u00ed plochy.<\/span><\/p>\n<p style=\"text-align: justify;\"><span style=\"font-family: helvetica, arial, sans-serif; font-size: 12pt;\"><strong>Vstupn\u00e9 na utk\u00e1n\u00ed:<\/strong> mu\u017ei 30 K\u010d, \u017eeny a d\u011bti zdarma<\/span><\/p>\n<p style=\"text-align: justify;\"><span style=\"font-family: helvetica, arial, sans-serif; font-size: 12pt;\"><strong>P\u0159ed vstupem na stadion se mus\u00edte prok\u00e1zat jedn\u00edm z t\u011bchto dokument\u016f:<\/strong><\/span><\/p>\n<ul style=\"text-align: justify;\">\n<li><span style=\"font-family: helvetica, arial, sans-serif; font-size: 12pt;\">certifik\u00e1tem o o\u010dkov\u00e1n\u00ed (nejm\u00e9n\u011b 22 dn\u00ed po 1. d\u00e1vce ve dvoud\u00e1vkov\u00e9m sch\u00e9matu nebo nejm\u00e9n\u011b 14 dn\u00ed po prvn\u00ed d\u00e1vce v jednod\u00e1vkov\u00e9m sch\u00e9matu)<\/span><\/li>\n<li><span style=\"font-family: helvetica, arial, sans-serif; font-size: 12pt;\">negativn\u00edm PCR testem (ne star\u0161\u00edm ne\u017e 7 dn\u00ed)<\/span><\/li>\n<li><span style=\"font-family: helvetica, arial, sans-serif; font-size: 12pt;\">negativn\u00edm antigenn\u00edm testem (ne star\u0161\u00edm ne\u017e 72 hodin)<\/span><\/li>\n<li><span style=\"font-family: helvetica, arial, sans-serif; font-size: 12pt;\">potvrzen\u00edm o prod\u011bl\u00e1n\u00ed nemoci COVID-19 ve lh\u016ft\u011b 180 dn\u00ed<\/span><\/li>\n<li><span style=\"font-family: helvetica, arial, sans-serif; font-size: 12pt;\">potvrzen\u00edm \u010di \u010destn\u00fdm prohl\u00e1\u0161en\u00edm o proveden\u00ed testov\u00e1n\u00ed v zam\u011bstn\u00e1n\u00ed (ne star\u0161\u00edm 72 hodin)<\/span><\/li>\n<\/ul>\n<p style=\"text-align: justify;\"><span style=\"font-family: helvetica, arial, sans-serif; font-size: 12pt;\">Bez jednoho z v\u00fd\u0161e uveden\u00fdch dokument\u016f nebude div\u00e1k vpu\u0161t\u011bn do are\u00e1lu TJ Sokol Kobe\u0159ice. D\u011bkujeme za pochopen\u00ed, t\u011b\u0161\u00edme se na V\u00e1s!<\/span><\/p>\n","protected":false},"excerpt":{"rendered":"<p>K&nbsp;zaj\u00edmav\u00e9 konfrontaci dojde v&nbsp;sobotu 10. \u010dervence od 10:30 hod. na na\u0161em h\u0159i\u0161ti v&nbsp;Kobe\u0159ic\u00edch. V&nbsp;p\u0159\u00edpravn\u00e9m utk\u00e1n\u00ed se st\u0159etne druholigov\u00fd Slezsk\u00fd FC Opava s nov\u00e1\u010dkem nejvy\u0161\u0161\u00ed slovensk\u00e9 sout\u011b\u017ee<span class=\"excerpt-hellip\"> [\u2026]<\/span><\/p>\n","protected":false},"author":3,"featured_media":6131,"comment_status":"closed","ping_status":"open","sticky":false,"template":"","format":"standard","meta":{"ngg_post_thumbnail":0,"footnotes":""},"categories":[115,107],"tags":[],"class_list":["post-7084","post","type-post","status-publish","format-standard","has-post-thumbnail","hentry","category-a-tym","category-fotbal"],"_links":{"self":[{"href":"https:\/\/tjsokolkoberice.cz\/index.php?rest_route=\/wp\/v2\/posts\/7084","targetHints":{"allow":["GET"]}}],"collection":[{"href":"https:\/\/tjsokolkoberice.cz\/index.php?rest_route=\/wp\/v2\/posts"}],"about":[{"href":"https:\/\/tjsokolkoberice.cz\/index.php?rest_route=\/wp\/v2\/types\/post"}],"author":[{"embeddable":true,"href":"https:\/\/tjsokolkoberice.cz\/index.php?rest_route=\/wp\/v2\/users\/3"}],"replies":[{"embeddable":true,"href":"https:\/\/tjsokolkoberice.cz\/index.php?rest_route=%2Fwp%2Fv2%2Fcomments&post=7084"}],"version-history":[{"count":1,"href":"https:\/\/tjsokolkoberice.cz\/index.php?rest_route=\/wp\/v2\/posts\/7084\/revisions"}],"predecessor-version":[{"id":7085,"href":"https:\/\/tjsokolkoberice.cz\/index.php?rest_route=\/wp\/v2\/posts\/7084\/revisions\/7085"}],"wp:featuredmedia":[{"embeddable":true,"href":"https:\/\/tjsokolkoberice.cz\/index.php?rest_route=\/wp\/v2\/media\/6131"}],"wp:attachment":[{"href":"https:\/\/tjsokolkoberice.cz\/index.php?rest_route=%2Fwp%2Fv2%2Fmedia&parent=7084"}],"wp:term":[{"taxonomy":"category","embeddable":true,"href":"https:\/\/tjsokolkoberice.cz\/index.php?rest_route=%2Fwp%2Fv2%2Fcategories&post=7084"},{"taxonomy":"post_tag","embeddable":true,"href":"https:\/\/tjsokolkoberice.cz\/index.php?rest_route=%2Fwp%2Fv2%2Ftags&post=7084"}],"curies":[{"name":"wp","href":"https:\/\/api.w.org\/{rel}","templated":true}]}}