{"id":7103,"date":"2021-08-06T12:41:54","date_gmt":"2021-08-06T11:41:54","guid":{"rendered":"https:\/\/tjsokolkoberice.cz\/?p=7103"},"modified":"2025-10-14T11:50:29","modified_gmt":"2025-10-14T10:50:29","slug":"zmeny-v-kadru-a-muzstva-3","status":"publish","type":"post","link":"https:\/\/tjsokolkoberice.cz\/?p=7103","title":{"rendered":"Zm\u011bny v k\u00e1dru A mu\u017estva"},"content":{"rendered":"<p style=\"text-align: justify;\"><span style=\"font-size: 12pt; font-family: helvetica, arial, sans-serif;\">Oproti minul\u00e9mu sout\u011b\u017en\u00edmu ro\u010dn\u00edku do\u0161lo v&nbsp;k\u00e1dru A mu\u017estva k&nbsp;n\u011bkolika zm\u011bn\u00e1m. Kobe\u0159ick\u00fd dres ji\u017e neobl\u00e9kaj\u00ed Sebastian \u0160van\u010dar, Adam Hartmann, Jan Oberherr, Michal Ve\u010derek a brank\u00e1\u0159 Ond\u0159ej Strzibn\u00fd. V\u0161em hr\u00e1\u010d\u016fm d\u011bkujeme za odveden\u00e9 slu\u017eby a p\u0159ejeme hodn\u011b \u0161t\u011bst\u00ed v&nbsp;dal\u0161\u00ed kari\u00e9\u0159e!<\/span><\/p>\n<p style=\"text-align: justify;\"><span style=\"font-size: 12pt; font-family: helvetica, arial, sans-serif;\">Novicem v&nbsp;na\u0161em t\u00fdmu je kobe\u0159ick\u00fd odchovanec a b\u00fdval\u00fd ligov\u00fd fotbalista Dominik Kraut. Staronov\u00fdmi \u010dleny k\u00e1dru jsou tak\u00e9 Jakub St\u0159\u00edbn\u00fd, Petr Ka\u0161n\u00fd, Zden\u011bk Kry\u0161tof a Adam Oberherr. Lo\u0148sk\u00fd podzim ji\u017e za na\u0161e mu\u017estvo odehr\u00e1li tak\u00e9 V\u00e1clav Tom\u00e1\u0161ek, Jan Kr\u00e1l a Ond\u0159ej Ve\u010derek.<\/span><\/p>\n<p style=\"text-align: justify;\"><span style=\"font-size: 12pt; font-family: helvetica, arial, sans-serif;\">P\u0159ejeme v\u0161em hr\u00e1\u010d\u016fm, aby se jim v&nbsp;Kobe\u0159ic\u00edm l\u00edbilo, vyh\u00fdbala se jim zran\u011bn\u00ed a hlavn\u011b aby se jim da\u0159ilo na h\u0159i\u0161ti!<\/span><\/p>\n<p>&nbsp;<\/p>\n<p style=\"text-align: justify;\"><span style=\"font-size: 14pt; font-family: helvetica, arial, sans-serif;\"><strong>Sou\u010dasn\u00e1 podoba k\u00e1dru A mu\u017estva:<\/strong><\/span><\/p>\n<p style=\"text-align: justify;\"><span style=\"font-size: 12pt; font-family: helvetica, arial, sans-serif;\"><strong>Brank\u00e1\u0159i:<\/strong> \u0160tencel Petr, St\u0159\u00edbn\u00fd Jakub<\/span><\/p>\n<p style=\"text-align: justify;\"><span style=\"font-size: 12pt; font-family: helvetica, arial, sans-serif;\"><strong>Obr\u00e1nci:<\/strong> Kollek Filip, Kolar\u010d\u00edk Andreas, Buchta Jan, \u0160evior Pavel, Wirth Ren\u00e9, Oberherr Adam, Ve\u010derek Ond\u0159ej<\/span><\/p>\n<p style=\"text-align: justify;\"><span style=\"font-size: 12pt; font-family: helvetica, arial, sans-serif;\"><strong>Z\u00e1lo\u017en\u00edci:<\/strong> Stuchl\u00edk Petr, Rother Filip, Wirth Robin, Kubn\u00fd Anton\u00edn, Kr\u00e1l Jan, Kry\u0161tof Zde\u0148ek, Ka\u0161n\u00fd Petr, Schlischka Martin<\/span><\/p>\n<p style=\"text-align: justify;\"><span style=\"font-size: 12pt; font-family: helvetica, arial, sans-serif;\"><strong>\u00dato\u010dn\u00edci<\/strong>: St\u0159\u00edbn\u00fd Martin, \u0160ime\u010dek Adam, Tom\u00e1\u0161ek V\u00e1clav, Kraut Dominik<\/span><\/p>\n<p style=\"text-align: justify;\"><span style=\"font-size: 12pt; font-family: helvetica, arial, sans-serif;\"><strong>Tren\u00e9r<\/strong>: Christoph Du\u0161an<\/span><\/p>\n<p style=\"text-align: justify;\"><span style=\"font-size: 12pt; font-family: helvetica, arial, sans-serif;\"><strong>Vedouc\u00ed:<\/strong> \u010cujek Jan<\/span><\/p>\n\n\n<p><\/p>\n","protected":false},"excerpt":{"rendered":"<p>Oproti minul\u00e9mu sout\u011b\u017en\u00edmu ro\u010dn\u00edku do\u0161lo v&nbsp;k\u00e1dru A mu\u017estva k&nbsp;n\u011bkolika zm\u011bn\u00e1m. Kobe\u0159ick\u00fd dres ji\u017e neobl\u00e9kaj\u00ed Sebastian \u0160van\u010dar, Adam Hartmann, Jan Oberherr, Michal Ve\u010derek a brank\u00e1\u0159 Ond\u0159ej Strzibn\u00fd.<span class=\"excerpt-hellip\"> [\u2026]<\/span><\/p>\n","protected":false},"author":3,"featured_media":6783,"comment_status":"closed","ping_status":"open","sticky":false,"template":"","format":"standard","meta":{"ngg_post_thumbnail":0,"footnotes":""},"categories":[115,107],"tags":[],"class_list":["post-7103","post","type-post","status-publish","format-standard","has-post-thumbnail","hentry","category-a-tym","category-fotbal"],"_links":{"self":[{"href":"https:\/\/tjsokolkoberice.cz\/index.php?rest_route=\/wp\/v2\/posts\/7103","targetHints":{"allow":["GET"]}}],"collection":[{"href":"https:\/\/tjsokolkoberice.cz\/index.php?rest_route=\/wp\/v2\/posts"}],"about":[{"href":"https:\/\/tjsokolkoberice.cz\/index.php?rest_route=\/wp\/v2\/types\/post"}],"author":[{"embeddable":true,"href":"https:\/\/tjsokolkoberice.cz\/index.php?rest_route=\/wp\/v2\/users\/3"}],"replies":[{"embeddable":true,"href":"https:\/\/tjsokolkoberice.cz\/index.php?rest_route=%2Fwp%2Fv2%2Fcomments&post=7103"}],"version-history":[{"count":2,"href":"https:\/\/tjsokolkoberice.cz\/index.php?rest_route=\/wp\/v2\/posts\/7103\/revisions"}],"predecessor-version":[{"id":7105,"href":"https:\/\/tjsokolkoberice.cz\/index.php?rest_route=\/wp\/v2\/posts\/7103\/revisions\/7105"}],"wp:featuredmedia":[{"embeddable":true,"href":"https:\/\/tjsokolkoberice.cz\/index.php?rest_route=\/wp\/v2\/media\/6783"}],"wp:attachment":[{"href":"https:\/\/tjsokolkoberice.cz\/index.php?rest_route=%2Fwp%2Fv2%2Fmedia&parent=7103"}],"wp:term":[{"taxonomy":"category","embeddable":true,"href":"https:\/\/tjsokolkoberice.cz\/index.php?rest_route=%2Fwp%2Fv2%2Fcategories&post=7103"},{"taxonomy":"post_tag","embeddable":true,"href":"https:\/\/tjsokolkoberice.cz\/index.php?rest_route=%2Fwp%2Fv2%2Ftags&post=7103"}],"curies":[{"name":"wp","href":"https:\/\/api.w.org\/{rel}","templated":true}]}}