{"id":7106,"date":"2021-08-06T12:51:01","date_gmt":"2021-08-06T11:51:01","guid":{"rendered":"https:\/\/tjsokolkoberice.cz\/?p=7106"},"modified":"2025-10-14T11:50:29","modified_gmt":"2025-10-14T10:50:29","slug":"hygienicko-protiepidemicka-opatreni-pro-konani-amaterskych-soutezi","status":"publish","type":"post","link":"https:\/\/tjsokolkoberice.cz\/?p=7106","title":{"rendered":"Hygienicko-protiepidemick\u00e1 opat\u0159en\u00ed pro kon\u00e1n\u00ed amat\u00e9rsk\u00fdch sout\u011b\u017e\u00ed"},"content":{"rendered":"<a href=\"https:\/\/tjsokolkoberice.cz\/wp-content\/uploads\/2021\/08\/Hygienicko-epidemiologick\u00e1_opat\u0159en\u00ed_pro_kon\u00e1n\u00ed_amat\u00e9rsk\u00fdch_sout\u011b\u017e\u00ed_5_8_2021.pdf\" class=\"pdfemb-viewer\" style=\"\" data-width=\"max\" data-height=\"max\" data-toolbar=\"both\" data-toolbar-fixed=\"on\">Hygienicko-epidemiologick\u00e1_opat\u0159en\u00ed_pro_kon\u00e1n\u00ed_amat\u00e9rsk\u00fdch_sout\u011b\u017e\u00ed_5_8_2021<\/a>\n<p class=\"wp-block-pdfemb-pdf-embedder-viewer\"><\/p>\n\n\n<p>&nbsp;<\/p>\n<p><span style=\"color: #008080;\"><a style=\"color: #008080;\" href=\"https:\/\/tjsokolkoberice.cz\/wp-content\/uploads\/2021\/08\/F_A_Q_-_\u010dasto_kladen\u00e9_dotazy_k_hygienicko-epidemiologick\u00fdm_opat\u0159en\u00edm_pro_kon\u00e1n\u00ed_amat\u00e9rsk\u00fdch_sout\u011b\u017e\u00ed-ver.-3.8..docx\" target=\"_blank\" rel=\"noopener noreferrer\"><span style=\"font-family: helvetica, arial, sans-serif; font-size: 12pt;\">FAQ &#8211; \u010casto kladen\u00e9 dotazy (klikni pro sta\u017een\u00ed Word .docx)<\/span><\/a><\/span><\/p>\n\n<p>V\u00e1\u017een\u00ed \u010dlenov\u00e9 FA\u010cR,<\/p>\n<p>&nbsp;<\/p>\n<p>minul\u00fd v\u00edkend se odehr\u00e1lo prvn\u00ed kolo n\u011bkter\u00fdch amat\u00e9rsk\u00fdch sout\u011b\u017e\u00ed, kter\u00e9 krom\u011b restartu amat\u00e9rsk\u00e9ho fotbalu p\u0159ineslo i reakce \u010dlensk\u00e9 z\u00e1kladny na nastaven\u00ed Hygienicko-protiepidemick\u00fdch opat\u0159en\u00ed pro kon\u00e1n\u00ed amat\u00e9rsk\u00fdch sout\u011b\u017e\u00ed, v&nbsp;n\u00e1vaznosti na kter\u00e9 bylo rozhodnuto o zm\u011bn\u011b pravidel tak, aby l\u00e9pe odpov\u00eddala skute\u010dn\u00e9 praxi.<\/p>\n<p>Nov\u011b rozhod\u010d\u00ed nebude kontrolovat bezinfek\u010dnost v\u0161ech p\u0159\u00edm\u00fdch \u00fa\u010dastn\u00edk\u016f utk\u00e1n\u00ed, ale pouze osob delegovan\u00fdch, tzn. rozhod\u010d\u00edch, pop\u0159. deleg\u00e1ta. Kontrolu p\u0159\u00edslu\u0161n\u00edk\u016f dru\u017estva provede vedouc\u00ed p\u0159\u00edslu\u0161n\u00e9ho dru\u017estva a v\u00fdsledek nahl\u00e1s\u00ed rozhod\u010d\u00edmu, kter\u00fd jej potvrd\u00ed v&nbsp;elektronick\u00e9m z\u00e1pise o utk\u00e1n\u00ed. V\u0161echny ostatn\u00ed povinnosti vypl\u00fdvaj\u00edc\u00ed z&nbsp;aktu\u00e1ln\u011b platn\u00fdch mimo\u0159\u00e1dn\u00fdch opat\u0159en\u00ed MZ\u010cR z\u016fst\u00e1vaj\u00ed beze zm\u011bny. Upraven\u00e1 pravidla naleznete v&nbsp;p\u0159\u00edloze tohoto sd\u011blen\u00ed.<\/p>\n<p>Hygienicko-protiepidemick\u00e1 opat\u0159en\u00ed pro kon\u00e1n\u00ed amat\u00e9rsk\u00fdch sout\u011b\u017e\u00ed vych\u00e1z\u00ed z&nbsp;aktu\u00e1ln\u011b platn\u00fdch mimo\u0159\u00e1dn\u00fdch opat\u0159en\u00ed MZ\u010cR a jejich c\u00edlem je aplikovat pravidla stanoven\u00e1 MZ\u010cR na fotbal. Mimo\u0159\u00e1dn\u00e1 opat\u0159en\u00ed MZ\u010cR jsou obecn\u011b z\u00e1vazn\u00fdmi pr\u00e1vn\u00edmi p\u0159edpisy, jejich pou\u017eit\u00ed tak m\u00e1 p\u0159ednost p\u0159ed p\u0159edpisy FA\u010cR, konkr\u00e9tn\u011b P\u0159\u00edlohou \u010d. 6 Sout\u011b\u017en\u00edho \u0159\u00e1du, Pravidly proti \u0161\u00ed\u0159en\u00ed nemoci covid-19, kter\u00e1 se pou\u017eije p\u0159im\u011b\u0159en\u011b.<\/p>\n<p>Pro \u00faplnost upozor\u0148ujeme, \u017ee \u0159\u00edd\u00edc\u00ed org\u00e1ny sout\u011b\u017e\u00ed nejsou opr\u00e1vn\u011bny k&nbsp;vyd\u00e1v\u00e1n\u00ed vlastn\u00edch pravidel upravuj\u00edc\u00edch hygienicko-protiepidemick\u00e9 podm\u00ednky pro kon\u00e1n\u00ed amat\u00e9rsk\u00fdch sout\u011b\u017e\u00ed, kter\u00e9 by byly v&nbsp;rozporu s&nbsp;aktu\u00e1ln\u011b platn\u00fdmi mimo\u0159\u00e1dn\u00fdmi opat\u0159en\u00edmi MZ\u010cR.<\/p>\n<p>N\u00ed\u017ee op\u011bt naleznete dopln\u011bn\u00e9 odpov\u011bdi na nej\u010dast\u011bj\u0161\u00ed dotazy.<\/p>\n<p><strong>&nbsp;<\/strong><\/p>\n<p><strong>Osoby p\u0159\u00edmo se \u00fa\u010dastn\u00edc\u00ed utk\u00e1n\u00ed (hr\u00e1\u010di, rozhod\u010d\u00ed a \u010dlenov\u00e9 realiza\u010dn\u00edho t\u00fdmu)<\/strong><\/p>\n<ol>\n<li><strong>Jak\u00fdm zp\u016fsobem m\u00e1 b\u00fdt kontrola spln\u011bn\u00ed bezinfek\u010dnosti prov\u00e1d\u011bna?<\/strong><\/li>\n<\/ol>\n<p><em>Osoba p\u0159\u00edmo se \u00fa\u010dastn\u00edc\u00ed utk\u00e1n\u00ed je povinna p\u0159ed zah\u00e1jen\u00edm utk\u00e1n\u00ed prok\u00e1zat svou bezinfek\u010dnost, a to jedn\u00edm ze zp\u016fsob\u016f uveden\u00fdm v&nbsp;aktu\u00e1ln\u011b platn\u00e9m mimo\u0159\u00e1dn\u00e9m opat\u0159en\u00ed MZ\u010cR. Certifik\u00e1t o proveden\u00ed testu, o\u010dkov\u00e1n\u00ed \u010di potvrzen\u00ed o prod\u011bl\u00e1n\u00ed nemoci je osoba p\u0159\u00edmo \u00fa\u010dastn\u00edc\u00ed se utk\u00e1n\u00ed opr\u00e1vn\u011bna p\u0159edlo\u017eit v&nbsp;ti\u0161t\u011bn\u00e9 \u010di elektronick\u00e9 podob\u011b.<\/em><\/p>\n<ol start=\"2\">\n<li><strong>Kdo je odpov\u011bdn\u00fd za kontrolu spln\u011bn\u00ed bezinfek\u010dnosti osob p\u0159\u00edmo se \u00fa\u010dastn\u00edc\u00edch utk\u00e1n\u00ed?<\/strong><\/li>\n<\/ol>\n<p><em>Za kontrolu bezinfek\u010dnosti osob p\u0159\u00edmo se \u00fa\u010dastn\u00edc\u00edch utk\u00e1n\u00ed odpov\u00edd\u00e1 vedouc\u00ed dru\u017estva, kter\u00fd zkontroluje v\u0161echny p\u0159\u00edslu\u0161n\u00edky sv\u00e9ho dru\u017estva \u00fa\u010dastn\u00edc\u00ed se utk\u00e1n\u00ed, a jejich bezinfek\u010dnost potvrd\u00ed rozhod\u010d\u00edmu, a d\u00e1le rozhod\u010d\u00ed, kter\u00fd zkontroluje delegovan\u00e9 osoby, tj. rozhod\u010d\u00ed, pop\u0159. deleg\u00e1ta. <\/em><\/p>\n<ol start=\"3\">\n<li><strong>Kdo rozhoduje o z\u00e1kazu vstupu osoby p\u0159\u00edmo se \u00fa\u010dastn\u00edc\u00ed utk\u00e1n\u00ed z&nbsp;d\u016fvodu neprok\u00e1z\u00e1n\u00ed bezinfek\u010dnosti na utk\u00e1n\u00ed?<\/strong><\/li>\n<\/ol>\n<p><em>O nep\u0159ipu\u0161t\u011bn\u00ed osoby p\u0159\u00edmo se \u00fa\u010dastn\u00edc\u00ed utk\u00e1n\u00ed z&nbsp;d\u016fvodu neprok\u00e1z\u00e1n\u00ed bezinfek\u010dnosti rozhoduje vedouc\u00ed dru\u017estva v&nbsp;p\u0159\u00edpad\u011b p\u0159\u00edslu\u0161n\u00edk\u016f sv\u00e9ho dru\u017estva a rozhod\u010d\u00ed v&nbsp;p\u0159\u00edpad\u011b delegovan\u00fdch osob, tj. rozhod\u010d\u00edch a deleg\u00e1ta.<\/em><\/p>\n<ol start=\"4\">\n<li><strong>Ve kter\u00fdch p\u0159\u00edpadech sta\u010d\u00ed k&nbsp;prok\u00e1z\u00e1n\u00ed bezinfek\u010dnosti \u010destn\u00e9 prohl\u00e1\u0161en\u00ed?<\/strong><\/li>\n<\/ol>\n<p><em>\u010cestn\u00fdm prohl\u00e1\u0161en\u00edm se mohou prok\u00e1zat pouze osoby, kter\u00e9 absolvovaly test ve \u0161kole \u010di \u0161kolsk\u00e9m za\u0159\u00edzen\u00ed v&nbsp;souladu s&nbsp;aktu\u00e1ln\u011b platn\u00fdm mimo\u0159\u00e1dn\u00fdm opat\u0159en\u00edm MZ\u010cR.<\/em><\/p>\n<ol start=\"5\">\n<li><strong>Jak postupovat v&nbsp;p\u0159\u00edpad\u011b pozitivn\u00edho samotestu proveden\u00e9ho na m\u00edst\u011b?<\/strong><\/li>\n<\/ol>\n<p><em>V&nbsp;p\u0159\u00edpad\u011b pozitivn\u00edho samotestu je osoba povinna podstoupit kontroln\u00ed PCR test a d\u00e1le se postupuje dle aktu\u00e1ln\u011b platn\u00e9ho mimo\u0159\u00e1dn\u00e9ho opat\u0159en\u00ed MZ\u010cR.<\/em><\/p>\n<ol start=\"6\">\n<li><strong>Jak\u00fdm zp\u016fsobem prov\u00e9st samotest na m\u00edst\u011b?<\/strong><\/li>\n<\/ol>\n<p><em>Osoba p\u0159\u00edmo se \u00fa\u010dastn\u00edc\u00ed utk\u00e1n\u00ed si p\u0159inese vlastn\u00ed samotest, kter\u00fd sama provede na m\u00edst\u011b a vedouc\u00ed dru\u017estva, resp. rozhod\u010d\u00ed utk\u00e1n\u00ed zkontroluje v\u00fdsledek. Vedouc\u00ed dru\u017estva, rozhod\u010d\u00ed ani po\u0159adatel utk\u00e1n\u00ed nejsou povinni m\u00edt na m\u00edst\u011b k dispozici samotesty (ani zadarmo, ani za \u00fahradu). Prok\u00e1z\u00e1n\u00ed bezinfek\u010dnosti osoby p\u0159\u00edmo se \u00fa\u010dastn\u00edc\u00ed utk\u00e1n\u00ed je jej\u00ed povinnost\u00ed a je pln\u011b v jej\u00ed odpov\u011bdnosti.<\/em><\/p>\n<ol start=\"7\">\n<li><strong>\u010c\u00edm se \u0159\u00eddit v&nbsp;p\u0159\u00edpad\u011b kolize aktu\u00e1ln\u011b platn\u00fdch mimo\u0159\u00e1dn\u00fdch opat\u0159en\u00ed MZ\u010cR a P\u0159\u00edlohy \u010d. 6 Sout\u011b\u017en\u00edho \u0159\u00e1du FA\u010cR, Pravidel proti \u0161\u00ed\u0159en\u00ed nemoci covid-19?<\/strong><\/li>\n<\/ol>\n<p><em>V&nbsp;p\u0159\u00edpad\u011b rozporu v&nbsp;povinnostech maj\u00ed v\u017edy p\u0159ednost aktu\u00e1ln\u011b platn\u00e1 mimo\u0159\u00e1dn\u00e1 opat\u0159en\u00ed MZ\u010cR a P\u0159\u00edloha \u010d. 6 Sout\u011b\u017en\u00edho \u0159\u00e1du FA\u010cR, Pravidla proti \u0161\u00ed\u0159en\u00ed nemoci covid-19, se pou\u017eije p\u0159im\u011b\u0159en\u011b.<\/em><\/p>\n<p><em>&nbsp;<\/em><\/p>\n<p><strong>&nbsp;<\/strong><\/p>\n<p><strong>Div\u00e1ci<\/strong><\/p>\n<ol>\n<li><strong>Jak\u00fdm zp\u016fsobem m\u00e1 b\u00fdt kontrola spln\u011bn\u00ed bezinfek\u010dnosti prov\u00e1d\u011bna?<\/strong><\/li>\n<\/ol>\n<p><em>Div\u00e1k je povinen p\u0159i vstupu na utk\u00e1n\u00ed prok\u00e1zat svou bezinfek\u010dnost, a to jedn\u00edm ze zp\u016fsob\u016f uveden\u00fdm v&nbsp;aktu\u00e1ln\u011b platn\u00e9m mimo\u0159\u00e1dn\u00e9m opat\u0159en\u00ed MZ\u010cR. Certifik\u00e1t o proveden\u00ed testu, o\u010dkov\u00e1n\u00ed \u010di potvrzen\u00ed o prod\u011bl\u00e1n\u00ed nemoci je div\u00e1k opr\u00e1vn\u011bn p\u0159edlo\u017eit v&nbsp;ti\u0161t\u011bn\u00e9 \u010di elektronick\u00e9 podob\u011b.<\/em><\/p>\n<ol start=\"2\">\n<li><strong>Kdo je odpov\u011bdn\u00fd za kontrolu spln\u011bn\u00ed bezinfek\u010dnosti u div\u00e1k\u016f?<\/strong><\/li>\n<\/ol>\n<p><em>Za kontrolu bezinfek\u010dnosti div\u00e1k\u016f odpov\u00edd\u00e1 po\u0159adatel utk\u00e1n\u00ed.<\/em><\/p>\n<ol start=\"3\">\n<li><strong>Kdo rozhoduje o z\u00e1kazu vstupu div\u00e1ka z&nbsp;d\u016fvodu neprok\u00e1z\u00e1n\u00ed bezinfek\u010dnosti na utk\u00e1n\u00ed?<\/strong><\/li>\n<\/ol>\n<p><em>O nep\u0159ipu\u0161t\u011bn\u00ed div\u00e1ka na utk\u00e1n\u00ed z&nbsp;d\u016fvodu neprok\u00e1z\u00e1n\u00ed bezinfek\u010dnosti rozhoduje po\u0159adatel utk\u00e1n\u00ed.<\/em><\/p>\n<ol start=\"4\">\n<li><strong>Ve kter\u00fdch p\u0159\u00edpadech sta\u010d\u00ed k&nbsp;prok\u00e1z\u00e1n\u00ed bezinfek\u010dnosti \u010destn\u00e9 prohl\u00e1\u0161en\u00ed?<\/strong><\/li>\n<\/ol>\n<p><em>\u010cestn\u00fdm prohl\u00e1\u0161en\u00edm se mohou prok\u00e1zat pouze osoby, kter\u00e9 absolvovaly test ve \u0161kole \u010di \u0161kolsk\u00e9m za\u0159\u00edzen\u00ed v&nbsp;souladu s&nbsp;aktu\u00e1ln\u011b platn\u00fdm mimo\u0159\u00e1dn\u00fdm opat\u0159en\u00edm MZ\u010cR.<\/em><\/p>\n<ol start=\"5\">\n<li><strong>Je pot\u0159eba v\u00e9st evidenci div\u00e1k\u016f \u00fa\u010dastn\u00edc\u00edch se utk\u00e1n\u00ed?<\/strong><\/li>\n<\/ol>\n<p><em>Evidence div\u00e1k\u016f se nevede.<\/em><\/p>\n<ol start=\"6\">\n<li><strong>Kdo nen\u00ed povinen prokazovat bezinfek\u010dnost?<\/strong><\/li>\n<\/ol>\n<p><em>Bezinfek\u010dnost nejsou povinny prokazovat d\u011bti ve v\u011bku do 6 let (tzn. div\u00e1ci ve v\u011bku 6 let v\u010detn\u011b a v\u00fd\u0161e tuto povinnost maj\u00ed).<\/em><\/p>\n<ol start=\"7\">\n<li><strong>Jak\u00fdm zp\u016fsobem prov\u00e9st samotest na m\u00edst\u011b?<\/strong><\/li>\n<\/ol>\n<p><em>Div\u00e1k si p\u0159inese vlastn\u00ed samotest, kter\u00fd s\u00e1m provede na m\u00edst\u011b a po\u0159adatel utk\u00e1n\u00ed zkontroluje v\u00fdsledek. Po\u0159adatel utk\u00e1n\u00ed nen\u00ed povinen m\u00edt na m\u00edst\u011b k dispozici samotesty (ani zadarmo, ani za \u00fahradu). Prok\u00e1z\u00e1n\u00ed bezinfek\u010dnosti div\u00e1ka je jeho povinnost\u00ed a je pln\u011b v jeho odpov\u011bdnosti.<\/em><\/p>\n<p><em>&nbsp;<\/em><\/p>\n<p>Tyto dotazy budou pr\u016fb\u011b\u017en\u011b aktualizov\u00e1ny a dopl\u0148ov\u00e1ny. V&nbsp;p\u0159\u00edpad\u011b nejasnost\u00ed je Va\u0161e dotazy mo\u017en\u00e9 zas\u00edlat na emailovou adresu <a href=\"mailto:covid@fotbal.cz\">covid@fotbal.cz<\/a>.<\/p>","protected":false},"excerpt":{"rendered":"<p>&nbsp; FAQ &#8211; \u010casto kladen\u00e9 dotazy (klikni pro sta\u017een\u00ed Word .docx) V\u00e1\u017een\u00ed \u010dlenov\u00e9 FA\u010cR, &nbsp; minul\u00fd v\u00edkend se odehr\u00e1lo prvn\u00ed kolo n\u011bkter\u00fdch amat\u00e9rsk\u00fdch sout\u011b\u017e\u00ed, kter\u00e9 krom\u011b<span class=\"excerpt-hellip\"> [\u2026]<\/span><\/p>\n","protected":false},"author":3,"featured_media":1886,"comment_status":"closed","ping_status":"open","sticky":false,"template":"","format":"standard","meta":{"ngg_post_thumbnail":0,"footnotes":""},"categories":[115,112,110,107,120,119,117,204,111],"tags":[],"class_list":["post-7106","post","type-post","status-publish","format-standard","has-post-thumbnail","hentry","category-a-tym","category-b-tym","category-dorost","category-fotbal","category-mini-mladsi","category-mini-starsi","category-mladsi-zaci","category-sokolcata","category-starsi-zaci"],"_links":{"self":[{"href":"https:\/\/tjsokolkoberice.cz\/index.php?rest_route=\/wp\/v2\/posts\/7106","targetHints":{"allow":["GET"]}}],"collection":[{"href":"https:\/\/tjsokolkoberice.cz\/index.php?rest_route=\/wp\/v2\/posts"}],"about":[{"href":"https:\/\/tjsokolkoberice.cz\/index.php?rest_route=\/wp\/v2\/types\/post"}],"author":[{"embeddable":true,"href":"https:\/\/tjsokolkoberice.cz\/index.php?rest_route=\/wp\/v2\/users\/3"}],"replies":[{"embeddable":true,"href":"https:\/\/tjsokolkoberice.cz\/index.php?rest_route=%2Fwp%2Fv2%2Fcomments&post=7106"}],"version-history":[{"count":4,"href":"https:\/\/tjsokolkoberice.cz\/index.php?rest_route=\/wp\/v2\/posts\/7106\/revisions"}],"predecessor-version":[{"id":7113,"href":"https:\/\/tjsokolkoberice.cz\/index.php?rest_route=\/wp\/v2\/posts\/7106\/revisions\/7113"}],"wp:featuredmedia":[{"embeddable":true,"href":"https:\/\/tjsokolkoberice.cz\/index.php?rest_route=\/wp\/v2\/media\/1886"}],"wp:attachment":[{"href":"https:\/\/tjsokolkoberice.cz\/index.php?rest_route=%2Fwp%2Fv2%2Fmedia&parent=7106"}],"wp:term":[{"taxonomy":"category","embeddable":true,"href":"https:\/\/tjsokolkoberice.cz\/index.php?rest_route=%2Fwp%2Fv2%2Fcategories&post=7106"},{"taxonomy":"post_tag","embeddable":true,"href":"https:\/\/tjsokolkoberice.cz\/index.php?rest_route=%2Fwp%2Fv2%2Ftags&post=7106"}],"curies":[{"name":"wp","href":"https:\/\/api.w.org\/{rel}","templated":true}]}}