{"id":7120,"date":"2021-08-24T15:52:36","date_gmt":"2021-08-24T14:52:36","guid":{"rendered":"https:\/\/tjsokolkoberice.cz\/?p=7120"},"modified":"2025-10-14T11:50:29","modified_gmt":"2025-10-14T10:50:29","slug":"vysledkovy-servis-predesleho-tydne","status":"publish","type":"post","link":"https:\/\/tjsokolkoberice.cz\/?p=7120","title":{"rendered":"V\u00fdsledkov\u00fd servis &#8211; 8. 8. 2021"},"content":{"rendered":"<p style=\"text-align: justify;\"><span style=\"font-family: helvetica, arial, sans-serif; font-size: 12pt;\"><strong>Ned\u011ble 8. srpna 2021<\/strong><\/span><\/p>\n<p style=\"text-align: justify;\"><span style=\"font-family: helvetica, arial, sans-serif; font-size: 14pt;\"><strong>A mu\u017ei \u2013 SC Pust\u00e1 Polom &nbsp;&nbsp;2:3 (1:1)<\/strong><\/span><\/p>\n<p style=\"text-align: justify;\"><span style=\"font-family: helvetica, arial, sans-serif; font-size: 12pt;\"><strong>Branky: <\/strong>&nbsp;3. \u0160ime\u010dek Adam, 79. Kr\u00e1l Jan&nbsp;&#8211;&nbsp;31. Mr\u00e1zek Tom\u00e1\u0161, 65. Kludka Tade\u00e1\u0161, 73. Rodek Marcel<\/span><\/p>\n<p style=\"text-align: justify;\"><span style=\"font-family: helvetica, arial, sans-serif; font-size: 12pt;\"><strong>Div\u00e1ci:<\/strong> 240<\/span><\/p>\n<p style=\"text-align: justify;\"><span style=\"font-family: helvetica, arial, sans-serif; font-size: 12pt;\"><strong>Rozhod\u010d\u00ed:<\/strong> Vi\u0161\u010dor Michael &#8211; \u0160aback\u00fd Filip, Smetana Patrik. Deleg\u00e1t: Kontor\u0161ikov Maxim.<\/span><\/p>\n<p style=\"text-align: justify;\"><span style=\"font-family: helvetica, arial, sans-serif; font-size: 12pt;\"><strong>Sestava:<\/strong>&nbsp;\u0160tencel \u2013 Schlischka M. (72. Kollek), \u0160evior (61. Buchta), Ve\u010derek O., Ren\u00e9 Wirth \u2013 Stuchl\u00edk, Robin Wirth, Ka\u0161n\u00fd, Kr\u00e1l, \u0160ime\u010dek (66. Kry\u0161tof), St\u0159\u00edbn\u00fd (66. Rother)<\/span><\/p>\n<p style=\"text-align: justify;\"><span style=\"font-family: helvetica, arial, sans-serif; font-size: 12pt;\"><strong>Tren\u00e9r <\/strong>&#8211; Du\u0161an Christoph<\/span><\/p>\n<p style=\"text-align: justify;\">&nbsp;<\/p>\n<p style=\"text-align: justify;\"><span style=\"font-family: helvetica, arial, sans-serif; font-size: 12pt;\"><strong>St. dorost \u2013 SO Brunt\u00e1l &nbsp;7:4 (4:2)<\/strong><\/span><\/p>\n<p style=\"text-align: justify;\"><span style=\"font-family: helvetica, arial, sans-serif; font-size: 12pt;\"><strong>Branky: <\/strong>&nbsp;&nbsp;5., 58. Harazim Ivo, 7. Zvon\u00edk Du\u0161an, 21., 86. (pen) Voln\u00fd Daniel, 28. St\u0159ibn\u00fd Vojt\u011bch, 72. Stuchl\u00edk Ond\u0159ej&nbsp;&#8211;&nbsp;34., 40., 56. Ku\u010dera Maty\u00e1\u0161, 81. Oravec Richard<\/span><\/p>\n<p style=\"text-align: justify;\"><span style=\"font-family: helvetica, arial, sans-serif; font-size: 12pt;\"><strong>Div\u00e1ci:<\/strong> 20<\/span><\/p>\n<p style=\"text-align: justify;\"><span style=\"font-family: helvetica, arial, sans-serif; font-size: 12pt;\"><strong>Sestava: <\/strong>Biel\u00e1k ,D\u00f6hner, Stuchl\u00edk D, Hant\u00e1k, Mrovec, Li\u0161ka, St\u0159\u00edbn\u00fd, Stuchl\u00edk &nbsp;O, Harazim, Voln\u00fd, Kubn\u00fd, Pa\u0161ek ,Halfar, V\u00e1clav\u00edk ,Vit\u00e1sek ,Nev\u0159ela, Kretek<\/span><\/p>\n<p style=\"text-align: justify;\">&nbsp;<\/p>\n<p style=\"text-align: justify;\"><span style=\"font-family: helvetica, arial, sans-serif; font-size: 12pt;\"><strong>Ml. dorost \u2013 SO Brunt\u00e1l&nbsp; 10:0 (8:0)<\/strong><\/span><\/p>\n<p style=\"text-align: justify;\"><span style=\"font-family: helvetica, arial, sans-serif; font-size: 12pt;\"><strong>Branky: <\/strong>&nbsp;&nbsp;5., 31., 38. V\u00e1clav\u00edk Adam, 19. \u010cmiel Adam (vl.), 26. Birtek Michal, 30. Slanina Maxmili\u00e1n, 32., 34. Stuchl\u00edk Ond\u0159ej, 57. Slanina Maxmili\u00e1n, 72. Pa\u0161ek Erik (pen.)<\/span><\/p>\n<p style=\"text-align: justify;\"><span style=\"font-family: helvetica, arial, sans-serif; font-size: 12pt;\"><strong>Div\u00e1ci:<\/strong> 20<\/span><\/p>\n<p style=\"text-align: justify;\"><span style=\"font-family: helvetica, arial, sans-serif; font-size: 12pt;\"><strong>Sestava: <\/strong>Pavlovi\u010d, D\u00f6hner ,Hant\u00e1k ,Cziepl\u00fd, St\u0159\u00edbn\u00fd, Pa\u0161ek, Mrovec, Grigar\u010d\u00edk, V\u00e1clav\u00edk , Stuchl\u00edk ,Kubn\u00fd , Voln\u00fd , Birtek , Nev\u0159ela ,Li\u0161ka ,\u0160oltys, Slanina, Halfar<\/span><\/p>\n","protected":false},"excerpt":{"rendered":"<p>Ned\u011ble 8. srpna 2021 A mu\u017ei \u2013 SC Pust\u00e1 Polom &nbsp;&nbsp;2:3 (1:1) Branky: &nbsp;3. \u0160ime\u010dek Adam, 79. Kr\u00e1l Jan&nbsp;&#8211;&nbsp;31. Mr\u00e1zek Tom\u00e1\u0161, 65. Kludka Tade\u00e1\u0161, 73. Rodek<span class=\"excerpt-hellip\"> [\u2026]<\/span><\/p>\n","protected":false},"author":3,"featured_media":3787,"comment_status":"closed","ping_status":"open","sticky":false,"template":"","format":"standard","meta":{"ngg_post_thumbnail":0,"footnotes":""},"categories":[115,112,110,107,120,119,117,204,111],"tags":[],"class_list":["post-7120","post","type-post","status-publish","format-standard","has-post-thumbnail","hentry","category-a-tym","category-b-tym","category-dorost","category-fotbal","category-mini-mladsi","category-mini-starsi","category-mladsi-zaci","category-sokolcata","category-starsi-zaci"],"_links":{"self":[{"href":"https:\/\/tjsokolkoberice.cz\/index.php?rest_route=\/wp\/v2\/posts\/7120","targetHints":{"allow":["GET"]}}],"collection":[{"href":"https:\/\/tjsokolkoberice.cz\/index.php?rest_route=\/wp\/v2\/posts"}],"about":[{"href":"https:\/\/tjsokolkoberice.cz\/index.php?rest_route=\/wp\/v2\/types\/post"}],"author":[{"embeddable":true,"href":"https:\/\/tjsokolkoberice.cz\/index.php?rest_route=\/wp\/v2\/users\/3"}],"replies":[{"embeddable":true,"href":"https:\/\/tjsokolkoberice.cz\/index.php?rest_route=%2Fwp%2Fv2%2Fcomments&post=7120"}],"version-history":[{"count":2,"href":"https:\/\/tjsokolkoberice.cz\/index.php?rest_route=\/wp\/v2\/posts\/7120\/revisions"}],"predecessor-version":[{"id":7125,"href":"https:\/\/tjsokolkoberice.cz\/index.php?rest_route=\/wp\/v2\/posts\/7120\/revisions\/7125"}],"wp:featuredmedia":[{"embeddable":true,"href":"https:\/\/tjsokolkoberice.cz\/index.php?rest_route=\/wp\/v2\/media\/3787"}],"wp:attachment":[{"href":"https:\/\/tjsokolkoberice.cz\/index.php?rest_route=%2Fwp%2Fv2%2Fmedia&parent=7120"}],"wp:term":[{"taxonomy":"category","embeddable":true,"href":"https:\/\/tjsokolkoberice.cz\/index.php?rest_route=%2Fwp%2Fv2%2Fcategories&post=7120"},{"taxonomy":"post_tag","embeddable":true,"href":"https:\/\/tjsokolkoberice.cz\/index.php?rest_route=%2Fwp%2Fv2%2Ftags&post=7120"}],"curies":[{"name":"wp","href":"https:\/\/api.w.org\/{rel}","templated":true}]}}