{"id":7206,"date":"2021-11-11T14:58:10","date_gmt":"2021-11-11T13:58:10","guid":{"rendered":"https:\/\/tjsokolkoberice.cz\/?p=7206"},"modified":"2025-10-14T11:50:14","modified_gmt":"2025-10-14T10:50:14","slug":"a-muzi-porazili-fulnek-a-vratili-se-na-treti-pozici","status":"publish","type":"post","link":"https:\/\/tjsokolkoberice.cz\/?p=7206","title":{"rendered":"A mu\u017ei porazili Fulnek a vr\u00e1tili se na t\u0159et\u00ed pozici!"},"content":{"rendered":"<p><span style=\"font-size: 12pt; font-family: helvetica, arial, sans-serif;\">Ned\u011ble 7.11. 2021<\/span><\/p>\n<p><span style=\"font-size: 14pt; font-family: helvetica, arial, sans-serif;\"><strong>A mu\u017ei \u2013 Fotbal Fulnek &nbsp;&nbsp;&nbsp;1:0&nbsp; (0:0)<\/strong><\/span><\/p>\n<p><span style=\"font-size: 12pt; font-family: helvetica, arial, sans-serif;\">Dal\u0161\u00ed v\u00edt\u011bzstv\u00ed si p\u0159ipsali na\u0161i fotbalist\u00e9 v&nbsp;utk\u00e1n\u00ed 15. kola proti Fulneku. V\u00edt\u011bzstv\u00ed proti p\u0159edposledn\u00edmu t\u00fdmu sout\u011b\u017ee se v\u0161ak nerodilo lehce. V&nbsp;prvn\u00edm polo\u010dase hr\u00e1li na\u0161i s&nbsp;dosti siln\u00fdm v\u011btrem v&nbsp;z\u00e1dech, ale byli to sp\u00ed\u0161e host\u00e9, kte\u0159\u00ed hrozili z&nbsp;rychl\u00fdch a nebezpe\u010dn\u00fdch brejk\u016f. Na\u0161t\u011bst\u00ed pro na\u0161e se \u017e\u00e1dn\u00fd neujal. Na\u0161i hr\u00e1\u010di toho dop\u0159edu p\u0159\u00edli\u0161 neuk\u00e1zali, ve h\u0159e bylo a\u017e p\u0159\u00edli\u0161 nep\u0159esnost\u00ed, a tak se \u0161lo do kabin za bezbrankov\u00e9ho stavu.<\/span><\/p>\n<p><span style=\"font-size: 12pt; font-family: helvetica, arial, sans-serif;\">Do druh\u00e9ho d\u011bjstv\u00ed vstoupili na\u0161i kluci s&nbsp;chut\u00ed, a proti siln\u00e9mu v\u011btru si za\u010dali vytv\u00e1\u0159et solidn\u00ed p\u0159\u00edle\u017eitosti. Probl\u00e9mem v\u0161ak byla hor\u0161\u00ed fin\u00e1ln\u00ed f\u00e1ze, d\u00edky kter\u00e9 se neujaly nad\u011bjn\u00e9 akce. Rozhodnut\u00ed tak p\u0159i\u0161lo v&nbsp;65. min., kdy po rohu Ka\u0161n\u00e9ho p\u0159izvedl m\u00ed\u010d na p\u0159edn\u00ed ty\u010di Kubn\u00fd a Robin Wirth na zadn\u00ed ty\u010di doklepl m\u00ed\u010d do s\u00edt\u011b. Pot\u00e9 se p\u0159ipomenul i soupe\u0159, ale dv\u011b nad\u011bjn\u00e9 \u0161ance i s&nbsp;p\u0159isp\u011bn\u00edm skv\u011bl\u00e9ho \u0160tencela z\u016fstaly nevyu\u017eity. Kobe\u0159ice m\u011bly je\u0161t\u011b dobr\u00e9 brejkov\u00e9 p\u0159\u00edle\u017eitosti na nav\u00fd\u0161en\u00ed sk\u00f3re, av\u0161ak d\u00edky ji\u017e zm\u00edn\u011bn\u00e9 \u0161patn\u00e9 fin\u00e1ln\u00ed f\u00e1zi se jim dal\u0161\u00ed branku p\u0159idat nepoda\u0159ilo. I tak je des\u00e1t\u00e9 v\u00edt\u011bzstv\u00ed z&nbsp;15 utk\u00e1n\u00ed fam\u00f3zn\u00ed \u00fasp\u011bch.<\/span><\/p>\n<p><span style=\"font-size: 12pt; font-family: helvetica, arial, sans-serif;\"><strong>Div\u00e1ci:<\/strong> 162<\/span><\/p>\n<p><span style=\"font-size: 12pt; font-family: helvetica, arial, sans-serif;\"><strong>Branka:<\/strong> 65. Wirth Robin<\/span><\/p>\n<p><span style=\"font-size: 12pt; font-family: helvetica, arial, sans-serif;\"><strong>Rozhod\u010d\u00ed:<\/strong> Svoboda Marian &#8211; Juryg\u00e1\u010dek Ren\u00e9, Godfryd Vojt\u011bch.<\/span><\/p>\n<p><span style=\"font-size: 12pt; font-family: helvetica, arial, sans-serif;\"><strong>Sestava:<\/strong>&nbsp;\u0160tencel \u2013 Kollek, Wirth Robin, \u0160evior, Wirth Ren\u00e9 (88. Buchta), Stuchl\u00edk P.(77. Schlischka M.), Kr\u00e1l, Kry\u0161tof, Ka\u0161n\u00fd, Ve\u010derek (63. Kubn\u00fd A.), Kraut &nbsp;<\/span><\/p>\n<p>&nbsp;<\/p>\n<p><span style=\"font-size: 14pt; font-family: helvetica, arial, sans-serif;\"><strong>St. dorost \u2013 FK Slavia Opava &nbsp;&nbsp;&nbsp;&nbsp;3:5 (1:0)<\/strong><\/span><\/p>\n<p><span style=\"font-size: 12pt; font-family: helvetica, arial, sans-serif;\"><strong>Branky: <\/strong>&nbsp;&nbsp;3. Stuchl\u00edk Ond\u0159ej, 11. Pa\u0161ek Daniel, 27. Stuchl\u00edk Du\u0161an&nbsp;&#8211;&nbsp;38., 52., 68., &nbsp;Hen\u010dl \u0160imon, 72.,82. Meleck\u00fd Ond\u0159ej<\/span><\/p>\n<p><span style=\"font-size: 12pt; font-family: helvetica, arial, sans-serif;\"><strong>Div\u00e1ci:<\/strong> 35<\/span><\/p>\n<p><span style=\"font-size: 12pt; font-family: helvetica, arial, sans-serif;\"><strong>Sestava: <\/strong>Li\u0161ka, Hant\u00e1k, St\u0159\u00edbn\u00fd V., Stuchl\u00edk D., Stuchl\u00edk O., Harazim, Biel\u00e1k (77. Nev\u0159ela), Pa\u0161ek, Voln\u00fd (58. Birtek), Kretek, Kubn\u00fd M. (79. Halfar)<\/span><\/p>\n<p>&nbsp;<\/p>\n<p><span style=\"font-size: 14pt; font-family: helvetica, arial, sans-serif;\"><strong>Ml. dorost \u2013 FK Slavia Opava&nbsp;&nbsp;&nbsp; 1:3 (1:0)<\/strong><\/span><\/p>\n<p><span style=\"font-size: 12pt; font-family: helvetica, arial, sans-serif;\"><strong>Branky: <\/strong>&nbsp;&nbsp;24. Stuchl\u00edk Ond\u0159ej&nbsp;&#8211;&nbsp;41. Hansl\u00edk Mat\u011bj, 56. Glac Anton\u00edn, 60. Macul\u00edk Patrik<\/span><\/p>\n<p><span style=\"font-size: 12pt; font-family: helvetica, arial, sans-serif;\"><strong>Div\u00e1ci:<\/strong> 52<\/span><\/p>\n<p><span style=\"font-size: 12pt; font-family: helvetica, arial, sans-serif;\"><strong>Sestava: <\/strong>Pavlovi\u010d, D\u00f6hner , Hant\u00e1k , Cziepl\u00fd , St\u0159\u00edbn\u00fd , Pa\u0161ek , Besta , Grigar\u010d\u00edk , V\u00e1clav\u00edk , Stuchl\u00edk , Kubn\u00fd<\/span><\/p>\n<p><span style=\"font-size: 12pt; font-family: helvetica, arial, sans-serif;\"><strong>N\u00e1hradn\u00edci<\/strong>: Poni\u0161t, Birtek, Li\u0161ka, Voln\u00fd ,\u0160oltys , Slanina, Halfar, Nev\u0159ela<\/span><\/p>\n\n\n<p><\/p>\n","protected":false},"excerpt":{"rendered":"<p>Ned\u011ble 7.11. 2021 A mu\u017ei \u2013 Fotbal Fulnek &nbsp;&nbsp;&nbsp;1:0&nbsp; (0:0) Dal\u0161\u00ed v\u00edt\u011bzstv\u00ed si p\u0159ipsali na\u0161i fotbalist\u00e9 v&nbsp;utk\u00e1n\u00ed 15. kola proti Fulneku. V\u00edt\u011bzstv\u00ed proti p\u0159edposledn\u00edmu t\u00fdmu sout\u011b\u017ee<span class=\"excerpt-hellip\"> [\u2026]<\/span><\/p>\n","protected":false},"author":3,"featured_media":3787,"comment_status":"closed","ping_status":"open","sticky":false,"template":"","format":"standard","meta":{"ngg_post_thumbnail":0,"footnotes":""},"categories":[115,112,110,107,117],"tags":[],"class_list":["post-7206","post","type-post","status-publish","format-standard","has-post-thumbnail","hentry","category-a-tym","category-b-tym","category-dorost","category-fotbal","category-mladsi-zaci"],"_links":{"self":[{"href":"https:\/\/tjsokolkoberice.cz\/index.php?rest_route=\/wp\/v2\/posts\/7206","targetHints":{"allow":["GET"]}}],"collection":[{"href":"https:\/\/tjsokolkoberice.cz\/index.php?rest_route=\/wp\/v2\/posts"}],"about":[{"href":"https:\/\/tjsokolkoberice.cz\/index.php?rest_route=\/wp\/v2\/types\/post"}],"author":[{"embeddable":true,"href":"https:\/\/tjsokolkoberice.cz\/index.php?rest_route=\/wp\/v2\/users\/3"}],"replies":[{"embeddable":true,"href":"https:\/\/tjsokolkoberice.cz\/index.php?rest_route=%2Fwp%2Fv2%2Fcomments&post=7206"}],"version-history":[{"count":1,"href":"https:\/\/tjsokolkoberice.cz\/index.php?rest_route=\/wp\/v2\/posts\/7206\/revisions"}],"predecessor-version":[{"id":7207,"href":"https:\/\/tjsokolkoberice.cz\/index.php?rest_route=\/wp\/v2\/posts\/7206\/revisions\/7207"}],"wp:featuredmedia":[{"embeddable":true,"href":"https:\/\/tjsokolkoberice.cz\/index.php?rest_route=\/wp\/v2\/media\/3787"}],"wp:attachment":[{"href":"https:\/\/tjsokolkoberice.cz\/index.php?rest_route=%2Fwp%2Fv2%2Fmedia&parent=7206"}],"wp:term":[{"taxonomy":"category","embeddable":true,"href":"https:\/\/tjsokolkoberice.cz\/index.php?rest_route=%2Fwp%2Fv2%2Fcategories&post=7206"},{"taxonomy":"post_tag","embeddable":true,"href":"https:\/\/tjsokolkoberice.cz\/index.php?rest_route=%2Fwp%2Fv2%2Ftags&post=7206"}],"curies":[{"name":"wp","href":"https:\/\/api.w.org\/{rel}","templated":true}]}}