{"id":7211,"date":"2021-11-19T08:36:02","date_gmt":"2021-11-19T07:36:02","guid":{"rendered":"https:\/\/tjsokolkoberice.cz\/?p=7211"},"modified":"2025-10-14T11:50:00","modified_gmt":"2025-10-14T10:50:00","slug":"a-muzi-porazili-na-zaver-podzimu-cesky-tesin-a-prezimuji-na-skvele-druhe-pozici","status":"publish","type":"post","link":"https:\/\/tjsokolkoberice.cz\/?p=7211","title":{"rendered":"A mu\u017ei porazili na z\u00e1v\u011br podzimu \u010cesk\u00fd T\u011b\u0161\u00edn a p\u0159ezimuj\u00ed na skv\u011bl\u00e9 druh\u00e9 pozici!"},"content":{"rendered":"<p style=\"text-align: justify;\"><span style=\"font-family: helvetica, arial, sans-serif; font-size: 12pt;\">Ned\u011ble 14.11. 2021<\/span><\/p>\n<p style=\"text-align: justify;\"><span style=\"font-size: 14pt;\"><span style=\"font-family: helvetica, arial, sans-serif;\"><strong>A mu\u017ei \u2013 FK \u010cesk\u00fd T\u011b\u0161\u00edn &nbsp;&nbsp;&nbsp;2:1&nbsp; (1:1)<\/strong><\/span><span style=\"font-family: helvetica, arial, sans-serif;\"><strong>&nbsp;<\/strong><\/span><\/span><\/p>\n<p style=\"text-align: justify;\"><span style=\"font-family: helvetica, arial, sans-serif; font-size: 12pt;\">P\u0159edehr\u00e1van\u00fdm 16. kolem zakon\u010dili podzimn\u00ed \u010d\u00e1st sez\u00f3ny hr\u00e1\u010di A mu\u017estva z\u00e1pasem proti \u010cesk\u00e9mu T\u011b\u0161\u00ednu. Ve vyrovnan\u00e9m utk\u00e1n\u00ed jsme nakonec i se \u0161t\u011bst\u00edm soupe\u0159e porazili a p\u0159ezimujeme tak na druh\u00e9 pozici!<\/span><\/p>\n<p style=\"text-align: justify;\"><span style=\"font-family: helvetica, arial, sans-serif; font-size: 12pt;\">Utk\u00e1n\u00ed za\u010dalo ne\u0161\u0165astn\u011b pro dom\u00e1c\u00edho Ve\u010derka, kter\u00fd kv\u016fli zran\u011bn\u00ed musel hned v&nbsp;5. minut\u011b st\u0159\u00eddat. Hned pot\u00e9 po rozehran\u00e9m autu p\u0159ekonal na\u0161eho brank\u00e1\u0159e hostuj\u00edc\u00ed Mace\u010dek a host\u00e9 se ujali veden\u00ed. Na\u0161t\u011bst\u00ed se na vyrovn\u00e1n\u00ed ne\u010dekalo dlouho, to kdy\u017e Tonda Kubn\u00fd nap\u0159\u00e1hl z 20 metr\u016f a trefil horn\u00ed roh hostuj\u00edc\u00ed svatyn\u011b. Do polo\u010dasu se toho ji\u017e moc nestalo, a tak ob\u011b mu\u017estva \u0161la do kabin za nerozhodn\u00e9ho stavu.<\/span><\/p>\n<p style=\"text-align: justify;\"><span style=\"font-family: helvetica, arial, sans-serif; font-size: 12pt;\">Ve druh\u00e9m polo\u010dase pokra\u010doval vyrovnan\u00fd boj bez velk\u00fdch \u0161anc\u00ed. Rozhodnut\u00ed p\u0159inesla 76. min., kdy po pr\u016fnikov\u00e9 p\u0159ihr\u00e1vce Kr\u00e1le b\u011b\u017eel s\u00e1m na br\u00e1nu Kubn\u00fd a p\u0159\u00edzemn\u00ed st\u0159elou prost\u0159elil hostuj\u00edc\u00edho brank\u00e1\u0159e. O v\u00edt\u011bzstv\u00ed mohli na\u0161i hr\u00e1\u010di p\u0159ij\u00edt v&nbsp;nastaven\u00ed, kdy v&nbsp;posledn\u00ed vte\u0159in\u011b trefil hostuj\u00edc\u00ed Mace\u010dek hlavou b\u0159evno. I d\u00edky \u0161t\u011bst\u00ed jsme nakonec t\u011bsn\u00e9 veden\u00ed udr\u017eeli a do tabulky jsme si p\u0159ipsali ji\u017e 11 podzimn\u00ed v\u00edt\u011bzstv\u00ed. V&nbsp;tabulce jsme posko\u010dili na v\u00fdborn\u00e9 2. m\u00edsto s&nbsp;\u00fa\u017easn\u00fdmi 35 body, co\u017e je skv\u011bl\u00fd po\u010din, za kter\u00fd je t\u0159eba na\u0161im hr\u00e1\u010d\u016fm i \u010dlen\u016fm realiza\u010dn\u00edho t\u00fdmu moc pod\u011bkovat!<\/span><\/p>\n<p style=\"text-align: justify;\"><span style=\"font-family: helvetica, arial, sans-serif; font-size: 12pt;\"><strong>Div\u00e1ci:<\/strong> 208<\/span><\/p>\n<p style=\"text-align: justify;\"><span style=\"font-family: helvetica, arial, sans-serif; font-size: 12pt;\"><strong>Branka:<\/strong> 13.,76. Kubn\u00fd Anton\u00edn&nbsp;&#8211;&nbsp;6. Mace\u010dek David<\/span><\/p>\n<p style=\"text-align: justify;\"><span style=\"font-family: helvetica, arial, sans-serif; font-size: 12pt;\"><strong>Rozhod\u010d\u00ed:<\/strong> \u0160vec Marek &#8211; Vojkovsk\u00fd Michael, Schneider Pavel. Deleg\u00e1t: Dudek Rostislav.<\/span><\/p>\n<p style=\"text-align: justify;\"><span style=\"font-family: helvetica, arial, sans-serif; font-size: 12pt;\"><strong>Sestava:<\/strong>&nbsp;\u0160tencel \u2013 Ve\u010derek (5. Rother), Wirth Robin, \u0160evior, Wirth Ren\u00e9, Stuchl\u00edk P., Kr\u00e1l, Kry\u0161tof (79. St\u0159\u00edbn\u00fd M.), Ka\u0161n\u00fd, Kubn\u00fd A., Kraut &nbsp;<\/span><\/p>\n<p style=\"text-align: justify;\">&nbsp;<\/p>\n<p style=\"text-align: justify;\"><span style=\"font-family: helvetica, arial, sans-serif; font-size: 14pt;\"><strong>St. dorost \u2013 MFK Krava\u0159e &nbsp;&nbsp;&nbsp;&nbsp;2:2 (1:1)<\/strong><\/span><\/p>\n<p style=\"text-align: justify;\"><span style=\"font-family: helvetica, arial, sans-serif; font-size: 12pt;\"><strong>Branky: <\/strong>&nbsp;&nbsp;18., 61. Voln\u00fd Daniel&nbsp;&#8211;&nbsp;2. Schiedek Daniel, 66. Fabisz Adam<\/span><\/p>\n<p style=\"text-align: justify;\"><span style=\"font-family: helvetica, arial, sans-serif; font-size: 12pt;\"><strong>Div\u00e1ci:<\/strong> 35<\/span><\/p>\n<p style=\"text-align: justify;\"><span style=\"font-family: helvetica, arial, sans-serif; font-size: 12pt;\"><strong>Sestava: <\/strong>Li\u0161ka, Hant\u00e1k, St\u0159\u00edbn\u00fd V., Stuchl\u00edk D. (90. Halfar), Stuchl\u00edk O., Harazim, Pa\u0161ek (56. Slanina), Voln\u00fd, Birtek, Kretek, Kubn\u00fd M.<\/span><\/p>\n<p style=\"text-align: justify;\">&nbsp;<\/p>\n<p style=\"text-align: justify;\"><span style=\"font-family: helvetica, arial, sans-serif; font-size: 14pt;\"><strong>Ml. dorost \u2013 MFK Krava\u0159e&nbsp;&nbsp;&nbsp; 7:0 (1:0)<\/strong><\/span><\/p>\n<p style=\"text-align: justify;\"><span style=\"font-family: helvetica, arial, sans-serif; font-size: 12pt;\"><strong>Branky: <\/strong>&nbsp;&nbsp;33., 46., 59., 73. V\u00e1clav\u00edk Adam, 43., 75. Stuchl\u00edk Ond\u0159ej, 57. Birtek Michal<\/span><\/p>\n<p style=\"text-align: justify;\"><span style=\"font-family: helvetica, arial, sans-serif; font-size: 12pt;\"><strong>Div\u00e1ci:<\/strong> 40<\/span><\/p>\n<p style=\"text-align: justify;\"><span style=\"font-family: helvetica, arial, sans-serif; font-size: 12pt;\"><strong>Sestava: <\/strong>Pavlovi\u010d, D\u00f6hner , Hant\u00e1k , Cziepl\u00fd , St\u0159\u00edbn\u00fd , Pa\u0161ek , Besta , Grigar\u010d\u00edk , V\u00e1clav\u00edk , Stuchl\u00edk , Kubn\u00fd<\/span><\/p>\n<p style=\"text-align: justify;\"><span style=\"font-family: helvetica, arial, sans-serif; font-size: 12pt;\"><strong>N\u00e1hradn\u00edci<\/strong>: Poni\u0161t, Birtek, Li\u0161ka, Voln\u00fd ,\u0160oltys , Slanina, Halfar, Nev\u0159ela<\/span><\/p>\n","protected":false},"excerpt":{"rendered":"<p>Ned\u011ble 14.11. 2021 A mu\u017ei \u2013 FK \u010cesk\u00fd T\u011b\u0161\u00edn &nbsp;&nbsp;&nbsp;2:1&nbsp; (1:1)&nbsp; P\u0159edehr\u00e1van\u00fdm 16. kolem zakon\u010dili podzimn\u00ed \u010d\u00e1st sez\u00f3ny hr\u00e1\u010di A mu\u017estva z\u00e1pasem proti \u010cesk\u00e9mu T\u011b\u0161\u00ednu. Ve<span class=\"excerpt-hellip\"> [\u2026]<\/span><\/p>\n","protected":false},"author":3,"featured_media":7162,"comment_status":"closed","ping_status":"open","sticky":false,"template":"","format":"standard","meta":{"ngg_post_thumbnail":0,"footnotes":""},"categories":[115,110,107],"tags":[],"class_list":["post-7211","post","type-post","status-publish","format-standard","has-post-thumbnail","hentry","category-a-tym","category-dorost","category-fotbal"],"_links":{"self":[{"href":"https:\/\/tjsokolkoberice.cz\/index.php?rest_route=\/wp\/v2\/posts\/7211","targetHints":{"allow":["GET"]}}],"collection":[{"href":"https:\/\/tjsokolkoberice.cz\/index.php?rest_route=\/wp\/v2\/posts"}],"about":[{"href":"https:\/\/tjsokolkoberice.cz\/index.php?rest_route=\/wp\/v2\/types\/post"}],"author":[{"embeddable":true,"href":"https:\/\/tjsokolkoberice.cz\/index.php?rest_route=\/wp\/v2\/users\/3"}],"replies":[{"embeddable":true,"href":"https:\/\/tjsokolkoberice.cz\/index.php?rest_route=%2Fwp%2Fv2%2Fcomments&post=7211"}],"version-history":[{"count":1,"href":"https:\/\/tjsokolkoberice.cz\/index.php?rest_route=\/wp\/v2\/posts\/7211\/revisions"}],"predecessor-version":[{"id":7212,"href":"https:\/\/tjsokolkoberice.cz\/index.php?rest_route=\/wp\/v2\/posts\/7211\/revisions\/7212"}],"wp:featuredmedia":[{"embeddable":true,"href":"https:\/\/tjsokolkoberice.cz\/index.php?rest_route=\/wp\/v2\/media\/7162"}],"wp:attachment":[{"href":"https:\/\/tjsokolkoberice.cz\/index.php?rest_route=%2Fwp%2Fv2%2Fmedia&parent=7211"}],"wp:term":[{"taxonomy":"category","embeddable":true,"href":"https:\/\/tjsokolkoberice.cz\/index.php?rest_route=%2Fwp%2Fv2%2Fcategories&post=7211"},{"taxonomy":"post_tag","embeddable":true,"href":"https:\/\/tjsokolkoberice.cz\/index.php?rest_route=%2Fwp%2Fv2%2Ftags&post=7211"}],"curies":[{"name":"wp","href":"https:\/\/api.w.org\/{rel}","templated":true}]}}