{"id":7221,"date":"2021-11-28T11:50:57","date_gmt":"2021-11-28T10:50:57","guid":{"rendered":"https:\/\/tjsokolkoberice.cz\/?p=7221"},"modified":"2025-10-14T11:50:00","modified_gmt":"2025-10-14T10:50:00","slug":"skvela-podzimni-cast-vynesla-a-muzstvo-na-druhou-pricku","status":"publish","type":"post","link":"https:\/\/tjsokolkoberice.cz\/?p=7221","title":{"rendered":"Skv\u011bl\u00e1 podzimn\u00ed \u010d\u00e1st vynesla A mu\u017estvo na druhou p\u0159\u00ed\u010dku!"},"content":{"rendered":"<p style=\"text-align: justify;\"><span style=\"font-size: 12pt; font-family: helvetica, arial, sans-serif;\">Posledn\u00ed utk\u00e1n\u00ed s&nbsp;\u010cesk\u00fdm T\u011b\u0161\u00ednem a v\u00edt\u011bzstv\u00ed 2:1 znamenalo kone\u010dn\u00e9 druh\u00e9 m\u00edsto po podzimn\u00ed \u010d\u00e1sti v&nbsp;tabulce krajsk\u00e9ho p\u0159eboru. Jedn\u00e1 se tak o nejlep\u0161\u00ed um\u00edst\u011bn\u00ed v&nbsp;krajsk\u00e9m p\u0159eboru po polovin\u011b sezony v&nbsp;historii kobe\u0159ick\u00e9ho fotbalu. Bilance jeden\u00e1cti v\u00edt\u011bzstv\u00ed, dvou rem\u00edz a t\u0159\u00ed por\u00e1\u017eek je skv\u011bl\u00fdm po\u010dinem, kter\u00fd je hoden uzn\u00e1n\u00ed a obdivu. V&nbsp;posledn\u00edch letech, pokud jde o boje v&nbsp;krajsk\u00e9m p\u0159eboru, jsme byli zvykl\u00ed v\u00edd\u00e1vat na\u0161e mu\u017estvo sp\u00ed\u0161e ve spodn\u00edch patrech tabulky.<\/span><\/p>\n<p style=\"text-align: justify;\"><span style=\"font-size: 12pt; font-family: helvetica, arial, sans-serif;\">Na \u00favod nov\u00e9ho ro\u010dn\u00edku nic nenasv\u011bd\u010dovalo tomu, \u017ee by m\u011blo b\u00fdt n\u011bco jinak. Po \u00favodn\u00edch dvou kolech a prohr\u00e1ch doma s&nbsp;Pustou Polom\u00ed a v&nbsp;Krnov\u011b jsme m\u011bli 0 bod\u016f a op\u011bt zn\u011bly hlasy, \u017ee budeme bojovat o hol\u00fd \u017eivot. Pak ov\u0161em nastal zlom v&nbsp;podob\u011b t\u0159\u00ed v\u00edt\u011bzstv\u00ed b\u011bhem sedmi dn\u016f, kdy jsme nejprve porazili doma silnou B\u0159idli\u010dnou, pot\u00e9 jsme ve vlo\u017een\u00e9m kole ve st\u0159edu vyhr\u00e1li v&nbsp;\u010cesk\u00e9m T\u011b\u0161\u00edn\u011b a hned v&nbsp;sobotu jsme zv\u00edt\u011bzili v&nbsp;Bru\u0161perku. Cenn\u011bj\u0161\u00ed na t\u011bchto v\u00edt\u011bzstv\u00edch byl i fakt, \u017ee n\u00e1s od \u00favodu su\u017eovala zran\u011bn\u00ed a k&nbsp;z\u00e1pas\u016fm jsme mnohdy nastupovali i s&nbsp;dorostenci a hr\u00e1\u010di B mu\u017estva na lavi\u010dce. Tak\u00e9 tento fakt n\u00e1s o to v\u00edce stmelil a nastartoval fantastickou \u0161\u0148\u016fru dev\u00edti v\u00edt\u011bzstv\u00ed v&nbsp;\u0159ad\u011b, kter\u00e1 nem\u00e1 v&nbsp;historii kobe\u0159ick\u00e9ho fotbalu obdoby. Po ji\u017e zm\u00edn\u011bn\u00fdch t\u0159ech v\u00edt\u011bzn\u00fdch utk\u00e1n\u00ed b\u011bhem t\u00fddne pak n\u00e1sledovaly v\u00fdhry doma s&nbsp;Jakub\u010dovicemi, pot\u00e9 dv\u011b venkovn\u00ed v\u00edt\u011bzstv\u00ed v&nbsp;Doln\u00ed Datyni a v&nbsp;\u010celadn\u00e9. N\u00e1sledn\u011b jsme v&nbsp;derby udolali Old\u0159i\u0161ov, pak vyhr\u00e1li jednozna\u010dn\u011b v&nbsp;Petrovic\u00edch a dev\u00e1t\u00e9 v\u00edt\u011bzstv\u00ed p\u0159i\u0161lo doma proti Orlov\u00e9.<\/span><\/p>\n<p style=\"text-align: justify;\"><span style=\"font-size: 12pt; font-family: helvetica, arial, sans-serif;\">Podobn\u011b skv\u011bl\u00fd vstup do sout\u011b\u017ee jsme m\u011bli tak\u00e9 v&nbsp;sez\u00f3n\u011b 2006\/2007, kdy jsme po osmi kolech dokonce vedli tabulku s&nbsp;21 body. Pot\u00e9 v\u0161ak p\u0159i\u0161el v\u00fdsledkov\u00fd i hern\u00ed \u00fatlum, kter\u00fd vyvrcholil sestupem do 1. A t\u0159\u00eddy. K&nbsp;na\u0161\u00ed sm\u016fle tehdy doch\u00e1zelo k&nbsp;reorganizac\u00edm sout\u011b\u017e\u00ed a na\u0161e mu\u017estvo tehdy sestoupilo ze t\u0159et\u00edho m\u00edsta od konce.<\/span><\/p>\n<p style=\"text-align: justify;\"><span style=\"font-size: 12pt; font-family: helvetica, arial, sans-serif;\">Podobn\u00e9 my\u0161lenky v\u0161ak ji\u017e nehroz\u00ed, nebo\u0165 se sou\u010dasn\u00fdmi 35 body spadnout nem\u016f\u017eeme. Ba naopak, je t\u0159eba nav\u00e1zat na povedenou podzimn\u00ed \u010d\u00e1st i na ja\u0159e a sna\u017eit se bojovat o co nejlep\u0161\u00ed um\u00edst\u011bn\u00ed.<\/span><\/p>\n<p style=\"text-align: justify;\"><span style=\"font-size: 12pt; font-family: helvetica, arial, sans-serif;\">Abychom dokon\u010dili pr\u016f\u0159ez podzimn\u00edmi z\u00e1pasy, po on\u00e9 fantastick\u00e9 s\u00e9rii v\u00edt\u011bzn\u00fdch utk\u00e1n\u00ed p\u0159i\u0161el lehk\u00fd v\u00fdsledkov\u00fd \u00fatlum v&nbsp;podob\u011b dvou rem\u00edz na Hlubin\u011b a doma s&nbsp;H\u00e1jem ve Slezsku. V&nbsp;Pet\u0159valdu na Morav\u011b n\u00e1m utk\u00e1n\u00ed nevy\u0161lo v\u00fdsledkov\u011b ani hern\u011b a byla z&nbsp;toho t\u0159et\u00ed por\u00e1\u017eka v sez\u00f3n\u011b. Chu\u0165 jsme si zpravili v&nbsp;posledn\u00edch dvou dom\u00e1c\u00edch utk\u00e1n\u00edch, kdy\u017e jsme nejprve t\u011bsn\u011b porazili Fulnek a v&nbsp;posledn\u00edm p\u0159edehr\u00e1van\u00e9m jarn\u00edm utk\u00e1n\u00ed jsme udolali hou\u017eevnat\u00fd \u010cesk\u00fd T\u011b\u0161\u00edn.<\/span><\/p>\n<p style=\"text-align: justify;\"><span style=\"font-size: 12pt; font-family: helvetica, arial, sans-serif;\">Nutno dodat, \u017ee v&nbsp;n\u011bkter\u00fdch utk\u00e1n\u00edch jsme nebyli vylo\u017een\u011b lep\u0161\u00edm t\u00fdmem, n\u011bkdy se k&nbsp;n\u00e1m p\u0159iklonilo i trochu toho pov\u011bstn\u00e9ho \u0161t\u011bst\u00ed, kter\u00e9 n\u00e1m v&nbsp;minul\u00fdch sez\u00f3n\u00e1ch n\u011bkdy sch\u00e1zelo. Ov\u0161em n\u011bkter\u00e1 utk\u00e1n\u00ed jsme zvl\u00e1dli s&nbsp;p\u0159ehledem, kvalitou a fotbalovost\u00ed.<\/span><\/p>\n<p style=\"text-align: justify;\"><span style=\"font-size: 12pt; font-family: helvetica, arial, sans-serif;\">V\u00fdsledkem je tedy kr\u00e1sn\u00e9 druh\u00e9 m\u00edsto se ziskem \u00fa\u017easn\u00fdch 35 bod\u016f, kter\u00e9 jsme n\u011bkdy nem\u011bli ani za celou sez\u00f3nu. Je t\u0159eba na\u0161emu t\u00fdmu moc pod\u011bkovat za skv\u011blou pr\u00e1ci, pod\u00edvanou a z\u00e1\u017eitky, kter\u00e9 mohli nab\u00eddnout na\u0161im fanou\u0161k\u016fm. Na\u0161i hr\u00e1\u010di jim d\u011bkuj\u00ed za podporu a doufaj\u00ed, \u017ee takovou fotbalovou radost jim nab\u00eddnou i v&nbsp;jarn\u00ed \u010d\u00e1sti.<\/span><\/p>\n<p style=\"text-align: justify;\"><span style=\"font-size: 12pt; font-family: helvetica, arial, sans-serif;\">Povedenou podzimn\u00ed \u010d\u00e1st zakon\u010dili na\u0161i hr\u00e1\u010di spole\u010dn\u00fdm ve\u010d\u00edrkem, kter\u00fd se nesl ve znamen\u00ed \u201efilmov\u00fdch hv\u011bzd\u201c. Ukon\u010dili tak spanilou j\u00edzdu podzimn\u00ed \u010d\u00e1st\u00ed, na kterou se v&nbsp;Kobe\u0159ic\u00edch bude je\u0161t\u011b dlouho vzpom\u00ednat!<\/span><\/p>\n<p style=\"text-align: justify;\"><span style=\"font-size: 12pt; font-family: helvetica, arial, sans-serif;\">Kluci d\u011bkujeme!!!<\/span><\/p>\n<p style=\"text-align: justify;\"><span style=\"font-size: 12pt; font-family: helvetica, arial, sans-serif;\"><strong><u>Hr\u00e1\u010di A mu\u017estva \u2013 podzim 2021<\/u><\/strong><\/span><\/p>\n<p style=\"text-align: justify;\"><span style=\"font-size: 12pt; font-family: helvetica, arial, sans-serif;\"><strong>Brank\u00e1\u0159i: <\/strong>\u0160tencel Petr, St\u0159\u00edbn\u00fd Jakub<\/span><\/p>\n<p style=\"text-align: justify;\"><span style=\"font-size: 12pt; font-family: helvetica, arial, sans-serif;\"><strong>Obr\u00e1nci: <\/strong>Kollek Filip, Wirth Ren\u00e9, Buchta Jan, \u0160evior Pavel, Wirth Robin, Ve\u010derek Ond\u0159ej, Schlischka Martin<\/span><\/p>\n<p style=\"text-align: justify;\"><span style=\"font-size: 12pt; font-family: helvetica, arial, sans-serif;\"><strong>Z\u00e1lo\u017en\u00edci: <\/strong>Kr\u00e1l Jan, Ka\u0161n\u00fd Petr, Stuchl\u00edk Petr, Kry\u0161tof Zden\u011bk, Kubn\u00fd Anton\u00edn, Rother Filip, St\u0159\u00edbn\u00fd Martin<\/span><\/p>\n<p style=\"text-align: justify;\"><span style=\"font-size: 12pt; font-family: helvetica, arial, sans-serif;\"><strong>\u00dato\u010dn\u00edci: <\/strong>\u0160ime\u010dek Adam, Kraut Dominik, Stuchl\u00edk Ond\u0159ej<\/span><\/p>\n<p style=\"text-align: justify;\"><span style=\"font-size: 12pt; font-family: helvetica, arial, sans-serif;\"><strong>Tren\u00e9r:<\/strong> Christoph Du\u0161an, <strong>vedouc\u00ed:<\/strong> \u010cujek Jan<\/span><\/p>\n<p style=\"text-align: justify;\">&nbsp;<\/p>\n<p style=\"text-align: justify;\"><span style=\"font-size: 12pt; font-family: helvetica, arial, sans-serif;\"><strong><u>Podzimn\u00ed v\u00fdsledky A mu\u017estva <\/u><\/strong><\/span><\/p>\n<p style=\"text-align: justify;\"><span style=\"font-size: 12pt; font-family: helvetica, arial, sans-serif;\"><a href=\"https:\/\/souteze.fotbal.cz\/zapasy\/zapas\/c631bca6-4a93-4423-8d3e-e11184218929\"><strong>Kobe\u0159ice<\/strong>&nbsp;&#8211;&nbsp;<strong>Pust\u00e1 Polom<\/strong>&nbsp;<strong>2:3<\/strong>&nbsp;(1:1)<\/a><\/span><\/p>\n<p style=\"text-align: justify;\"><span style=\"font-size: 12pt; font-family: helvetica, arial, sans-serif;\"><a href=\"https:\/\/souteze.fotbal.cz\/zapasy\/zapas\/9637d9fa-4cf2-41fa-807a-6084b614ae63\"><strong>Krnov<\/strong>&nbsp;&#8211;&nbsp;<strong>Kobe\u0159ice<\/strong>&nbsp;<strong>3:1<\/strong>&nbsp;(2:1)<\/a><\/span><\/p>\n<p style=\"text-align: justify;\"><span style=\"font-size: 12pt; font-family: helvetica, arial, sans-serif;\"><a href=\"https:\/\/souteze.fotbal.cz\/zapasy\/zapas\/999ba594-6861-4f89-8c9c-f2f77dff8e52\"><strong>Kobe\u0159ice<\/strong>&nbsp;&#8211;&nbsp;<strong>B\u0159idli\u010dn\u00e1<\/strong>&nbsp;<strong>2:1<\/strong>&nbsp;(1:0)<\/a><\/span><\/p>\n<p style=\"text-align: justify;\"><span style=\"font-size: 12pt; font-family: helvetica, arial, sans-serif;\"><a href=\"https:\/\/souteze.fotbal.cz\/zapasy\/zapas\/4af91b1d-f40f-4183-84ea-1f4b47bcb958\"><strong>\u010cesk\u00fd T\u011b\u0161\u00edn<\/strong>&nbsp;&#8211;&nbsp;<strong>Kobe\u0159ice<\/strong>&nbsp;<strong>1:3<\/strong>&nbsp;(1:1)<\/a><\/span><\/p>\n<p style=\"text-align: justify;\"><span style=\"font-size: 12pt; font-family: helvetica, arial, sans-serif;\"><a href=\"https:\/\/souteze.fotbal.cz\/zapasy\/zapas\/0fd6565b-f2df-4ac5-ab88-cc08b7503b24\"><strong>Bru\u0161perk<\/strong>&nbsp;&#8211;&nbsp;<strong>Kobe\u0159ice<\/strong>&nbsp;<strong>0:1<\/strong>&nbsp;(0:1)<\/a><\/span><\/p>\n<p style=\"text-align: justify;\"><span style=\"font-size: 12pt; font-family: helvetica, arial, sans-serif;\"><a href=\"https:\/\/souteze.fotbal.cz\/zapasy\/zapas\/221dfc43-6dcd-415c-91d4-362da63850f0\"><strong>Kobe\u0159ice<\/strong>&nbsp;&#8211;&nbsp;<strong>Jakub\u010dovice&nbsp;<\/strong><strong>2:1<\/strong>&nbsp;(1:1)<\/a><\/span><\/p>\n<p style=\"text-align: justify;\"><span style=\"font-size: 12pt; font-family: helvetica, arial, sans-serif;\"><a href=\"https:\/\/souteze.fotbal.cz\/zapasy\/zapas\/1074edc3-0a9a-498c-b56d-71dfbfda6d80\"><strong>Doln\u00ed Datyn\u011b<\/strong>&nbsp;&#8211;&nbsp;<strong>Kobe\u0159ice<\/strong>&nbsp;<strong>0:1<\/strong>&nbsp;(0:1)<\/a><\/span><\/p>\n<p style=\"text-align: justify;\"><span style=\"font-size: 12pt; font-family: helvetica, arial, sans-serif;\"><a href=\"https:\/\/souteze.fotbal.cz\/zapasy\/zapas\/e0aaa46b-8b50-46cc-8de6-54dc30d11e8c\"><strong>\u010celadn\u00e1<\/strong>&nbsp;&#8211;&nbsp;<strong>Kobe\u0159ice<\/strong>&nbsp;<strong>0:5<\/strong>&nbsp;(0:4)<\/a><\/span><\/p>\n<p style=\"text-align: justify;\"><span style=\"font-size: 12pt; font-family: helvetica, arial, sans-serif;\"><a href=\"https:\/\/souteze.fotbal.cz\/zapasy\/zapas\/8d6b750a-f578-47c2-a7d5-ef8c39bb575d\"><strong>Kobe\u0159ice<\/strong>&nbsp;&#8211;&nbsp;<strong>Old\u0159i\u0161ov<\/strong>&nbsp;<strong>2:1<\/strong>&nbsp;(1:0)<\/a><\/span><\/p>\n<p style=\"text-align: justify;\"><span style=\"font-size: 12pt; font-family: helvetica, arial, sans-serif;\"><a href=\"https:\/\/souteze.fotbal.cz\/zapasy\/zapas\/f2d224e9-0b48-426b-a21f-e3b57b037faf\"><strong>Loko. Petrovice<\/strong>&nbsp;&#8211;&nbsp;<strong>Kobe\u0159ice<\/strong>&nbsp;<strong>0:4<\/strong>&nbsp;(0:2)<\/a><\/span><\/p>\n<p style=\"text-align: justify;\"><span style=\"font-size: 12pt; font-family: helvetica, arial, sans-serif;\"><a href=\"https:\/\/souteze.fotbal.cz\/zapasy\/zapas\/8e4e5dbd-d44e-4cf4-a0e3-68f278000a16\"><strong>Hlubina<\/strong>&nbsp;&#8211;&nbsp;<strong>Kobe\u0159ice<\/strong>&nbsp;<strong>1:1<\/strong>&nbsp;(1:0)<\/a><\/span><\/p>\n<p style=\"text-align: justify;\"><span style=\"font-size: 12pt; font-family: helvetica, arial, sans-serif;\"><a href=\"https:\/\/souteze.fotbal.cz\/zapasy\/zapas\/bb7b077c-1967-4233-8c79-4c69df6eede9\"><strong>Kobe\u0159ice<\/strong>&nbsp;&#8211;&nbsp;<strong>H\u00e1j ve Slezsku<\/strong>&nbsp;<strong>0:0<\/strong>&nbsp;(0:0)<\/a><\/span><\/p>\n<p style=\"text-align: justify;\"><span style=\"font-size: 12pt; font-family: helvetica, arial, sans-serif;\"><a href=\"https:\/\/souteze.fotbal.cz\/zapasy\/zapas\/ad53fd44-0e72-4fe8-995b-eb34a516c4b2\"><strong>Pet\u0159vald n\/M<\/strong>&nbsp;&#8211;&nbsp;<strong>Kobe\u0159ice<\/strong>&nbsp;<strong>4:2<\/strong>&nbsp;(3:1)<\/a><\/span><\/p>\n<p style=\"text-align: justify;\"><span style=\"font-size: 12pt; font-family: helvetica, arial, sans-serif;\"><strong>Kobe\u0159ice<\/strong>&nbsp;&#8211;&nbsp;<strong>Fulnek<\/strong>&nbsp;<strong>1:0<\/strong>&nbsp;(0:0)<\/span><\/p>\n<p style=\"text-align: justify;\"><span style=\"font-size: 12pt; font-family: helvetica, arial, sans-serif;\"><strong>Kobe\u0159ice<\/strong>&nbsp;&#8211;&nbsp;<strong>\u010cesk\u00fd T\u011b\u0161\u00edn<\/strong>&nbsp;<strong>2:1<\/strong>&nbsp;(1:1)<\/span><\/p>\n<p><img loading=\"lazy\" decoding=\"async\" class=\"aligncenter wp-image-7232 size-full\" src=\"https:\/\/tjsokolkoberice.cz\/wp-content\/uploads\/2021\/11\/Amuzi-ukonceni.jpg\" alt=\"\" width=\"768\" height=\"366\" srcset=\"https:\/\/tjsokolkoberice.cz\/wp-content\/uploads\/2021\/11\/Amuzi-ukonceni.jpg 768w, https:\/\/tjsokolkoberice.cz\/wp-content\/uploads\/2021\/11\/Amuzi-ukonceni-300x143.jpg 300w\" sizes=\"auto, (max-width:767px) 480px, (max-width:768px) 100vw, 768px\" \/><\/p>\n<p style=\"text-align: justify;\">&nbsp;<\/p>\n","protected":false},"excerpt":{"rendered":"<p>Posledn\u00ed utk\u00e1n\u00ed s&nbsp;\u010cesk\u00fdm T\u011b\u0161\u00ednem a v\u00edt\u011bzstv\u00ed 2:1 znamenalo kone\u010dn\u00e9 druh\u00e9 m\u00edsto po podzimn\u00ed \u010d\u00e1sti v&nbsp;tabulce krajsk\u00e9ho p\u0159eboru. Jedn\u00e1 se tak o nejlep\u0161\u00ed um\u00edst\u011bn\u00ed v&nbsp;krajsk\u00e9m p\u0159eboru po<span class=\"excerpt-hellip\"> [\u2026]<\/span><\/p>\n","protected":false},"author":3,"featured_media":7222,"comment_status":"closed","ping_status":"open","sticky":false,"template":"","format":"standard","meta":{"ngg_post_thumbnail":0,"footnotes":""},"categories":[115,107],"tags":[],"class_list":["post-7221","post","type-post","status-publish","format-standard","has-post-thumbnail","hentry","category-a-tym","category-fotbal"],"_links":{"self":[{"href":"https:\/\/tjsokolkoberice.cz\/index.php?rest_route=\/wp\/v2\/posts\/7221","targetHints":{"allow":["GET"]}}],"collection":[{"href":"https:\/\/tjsokolkoberice.cz\/index.php?rest_route=\/wp\/v2\/posts"}],"about":[{"href":"https:\/\/tjsokolkoberice.cz\/index.php?rest_route=\/wp\/v2\/types\/post"}],"author":[{"embeddable":true,"href":"https:\/\/tjsokolkoberice.cz\/index.php?rest_route=\/wp\/v2\/users\/3"}],"replies":[{"embeddable":true,"href":"https:\/\/tjsokolkoberice.cz\/index.php?rest_route=%2Fwp%2Fv2%2Fcomments&post=7221"}],"version-history":[{"count":2,"href":"https:\/\/tjsokolkoberice.cz\/index.php?rest_route=\/wp\/v2\/posts\/7221\/revisions"}],"predecessor-version":[{"id":7233,"href":"https:\/\/tjsokolkoberice.cz\/index.php?rest_route=\/wp\/v2\/posts\/7221\/revisions\/7233"}],"wp:featuredmedia":[{"embeddable":true,"href":"https:\/\/tjsokolkoberice.cz\/index.php?rest_route=\/wp\/v2\/media\/7222"}],"wp:attachment":[{"href":"https:\/\/tjsokolkoberice.cz\/index.php?rest_route=%2Fwp%2Fv2%2Fmedia&parent=7221"}],"wp:term":[{"taxonomy":"category","embeddable":true,"href":"https:\/\/tjsokolkoberice.cz\/index.php?rest_route=%2Fwp%2Fv2%2Fcategories&post=7221"},{"taxonomy":"post_tag","embeddable":true,"href":"https:\/\/tjsokolkoberice.cz\/index.php?rest_route=%2Fwp%2Fv2%2Ftags&post=7221"}],"curies":[{"name":"wp","href":"https:\/\/api.w.org\/{rel}","templated":true}]}}