{"id":7252,"date":"2021-12-24T09:07:56","date_gmt":"2021-12-24T08:07:56","guid":{"rendered":"https:\/\/tjsokolkoberice.cz\/?p=7252"},"modified":"2025-10-14T11:50:00","modified_gmt":"2025-10-14T10:50:00","slug":"podekovani-pavlu-svanovi","status":"publish","type":"post","link":"https:\/\/tjsokolkoberice.cz\/?p=7252","title":{"rendered":"Pod\u011bkov\u00e1n\u00ed Pavlu \u0160vanovi"},"content":{"rendered":"<p style=\"text-align: justify;\"><span style=\"font-family: helvetica, arial, sans-serif; font-size: 14pt;\">Po dlouh\u00fdch 22 letech skon\u010dil ve funkci hospod\u00e1\u0159e TJ Sokol Kobe\u0159ice pan <strong>Pavel \u0160van<\/strong>. B\u011bhem t\u00e9to dlouh\u00e9 doby odvedl velk\u00fd kus pr\u00e1ce a pro\u017eil na h\u0159i\u0161ti podstatnou \u010d\u00e1st sv\u00e9ho \u017eivota.<\/span><\/p>\n<p style=\"text-align: justify;\"><span style=\"font-family: helvetica, arial, sans-serif; font-size: 14pt;\">T\u00edmto bychom cht\u011bli Pavlovi velmi pod\u011bkovat za tuto dlouholetou \u010dinnost a pop\u0159\u00e1t mu do dal\u0161\u00edch let hlavn\u011b pevn\u00e9 zdrav\u00ed a spokojenost v&nbsp;osobn\u00edm \u017eivot\u011b!<\/span><\/p>\n<p style=\"text-align: justify;\"><span style=\"font-family: helvetica, arial, sans-serif; font-size: 14pt;\">Pavle d\u011bkujeme!<\/span><\/p>\n<p><img loading=\"lazy\" decoding=\"async\" class=\"aligncenter wp-image-7253 size-medium\" src=\"https:\/\/tjsokolkoberice.cz\/wp-content\/uploads\/2021\/12\/P1088088-300x225.jpg\" alt=\"\" width=\"300\" height=\"225\" srcset=\"https:\/\/tjsokolkoberice.cz\/wp-content\/uploads\/2021\/12\/P1088088-300x225.jpg 300w, https:\/\/tjsokolkoberice.cz\/wp-content\/uploads\/2021\/12\/P1088088-1024x768.jpg 1024w, https:\/\/tjsokolkoberice.cz\/wp-content\/uploads\/2021\/12\/P1088088-768x576.jpg 768w, https:\/\/tjsokolkoberice.cz\/wp-content\/uploads\/2021\/12\/P1088088-1536x1152.jpg 1536w, https:\/\/tjsokolkoberice.cz\/wp-content\/uploads\/2021\/12\/P1088088-2048x1536.jpg 2048w, https:\/\/tjsokolkoberice.cz\/wp-content\/uploads\/2021\/12\/P1088088-390x293.jpg 390w, https:\/\/tjsokolkoberice.cz\/wp-content\/uploads\/2021\/12\/P1088088-250x188.jpg 250w, https:\/\/tjsokolkoberice.cz\/wp-content\/uploads\/2021\/12\/P1088088-190x143.jpg 190w\" sizes=\"auto, (max-width:767px) 300px, 300px\" \/><\/p>\n<p><img loading=\"lazy\" decoding=\"async\" class=\"aligncenter wp-image-7254 size-medium\" src=\"https:\/\/tjsokolkoberice.cz\/wp-content\/uploads\/2021\/12\/P1088089-300x225.jpg\" alt=\"\" width=\"300\" height=\"225\" srcset=\"https:\/\/tjsokolkoberice.cz\/wp-content\/uploads\/2021\/12\/P1088089-300x225.jpg 300w, https:\/\/tjsokolkoberice.cz\/wp-content\/uploads\/2021\/12\/P1088089-1024x768.jpg 1024w, https:\/\/tjsokolkoberice.cz\/wp-content\/uploads\/2021\/12\/P1088089-768x576.jpg 768w, https:\/\/tjsokolkoberice.cz\/wp-content\/uploads\/2021\/12\/P1088089-1536x1152.jpg 1536w, https:\/\/tjsokolkoberice.cz\/wp-content\/uploads\/2021\/12\/P1088089-2048x1536.jpg 2048w, https:\/\/tjsokolkoberice.cz\/wp-content\/uploads\/2021\/12\/P1088089-390x293.jpg 390w, https:\/\/tjsokolkoberice.cz\/wp-content\/uploads\/2021\/12\/P1088089-250x188.jpg 250w, https:\/\/tjsokolkoberice.cz\/wp-content\/uploads\/2021\/12\/P1088089-190x143.jpg 190w\" sizes=\"auto, (max-width:767px) 300px, 300px\" \/><\/p>\n<p><img loading=\"lazy\" decoding=\"async\" class=\"aligncenter wp-image-7255 size-medium\" src=\"https:\/\/tjsokolkoberice.cz\/wp-content\/uploads\/2021\/12\/P1088092-300x225.jpg\" alt=\"\" width=\"300\" height=\"225\" srcset=\"https:\/\/tjsokolkoberice.cz\/wp-content\/uploads\/2021\/12\/P1088092-300x225.jpg 300w, https:\/\/tjsokolkoberice.cz\/wp-content\/uploads\/2021\/12\/P1088092-1024x768.jpg 1024w, https:\/\/tjsokolkoberice.cz\/wp-content\/uploads\/2021\/12\/P1088092-768x576.jpg 768w, https:\/\/tjsokolkoberice.cz\/wp-content\/uploads\/2021\/12\/P1088092-1536x1152.jpg 1536w, https:\/\/tjsokolkoberice.cz\/wp-content\/uploads\/2021\/12\/P1088092-2048x1536.jpg 2048w, https:\/\/tjsokolkoberice.cz\/wp-content\/uploads\/2021\/12\/P1088092-390x293.jpg 390w, https:\/\/tjsokolkoberice.cz\/wp-content\/uploads\/2021\/12\/P1088092-250x188.jpg 250w, https:\/\/tjsokolkoberice.cz\/wp-content\/uploads\/2021\/12\/P1088092-190x143.jpg 190w\" sizes=\"auto, (max-width:767px) 300px, 300px\" \/><\/p>\n<p><img loading=\"lazy\" decoding=\"async\" class=\"aligncenter wp-image-7256 size-medium\" src=\"https:\/\/tjsokolkoberice.cz\/wp-content\/uploads\/2021\/12\/P1088094-300x225.jpg\" alt=\"\" width=\"300\" height=\"225\" srcset=\"https:\/\/tjsokolkoberice.cz\/wp-content\/uploads\/2021\/12\/P1088094-300x225.jpg 300w, https:\/\/tjsokolkoberice.cz\/wp-content\/uploads\/2021\/12\/P1088094-1024x768.jpg 1024w, https:\/\/tjsokolkoberice.cz\/wp-content\/uploads\/2021\/12\/P1088094-768x576.jpg 768w, https:\/\/tjsokolkoberice.cz\/wp-content\/uploads\/2021\/12\/P1088094-1536x1152.jpg 1536w, https:\/\/tjsokolkoberice.cz\/wp-content\/uploads\/2021\/12\/P1088094-2048x1536.jpg 2048w, https:\/\/tjsokolkoberice.cz\/wp-content\/uploads\/2021\/12\/P1088094-390x293.jpg 390w, https:\/\/tjsokolkoberice.cz\/wp-content\/uploads\/2021\/12\/P1088094-250x188.jpg 250w, https:\/\/tjsokolkoberice.cz\/wp-content\/uploads\/2021\/12\/P1088094-190x143.jpg 190w\" sizes=\"auto, (max-width:767px) 300px, 300px\" \/><\/p>\n","protected":false},"excerpt":{"rendered":"<p>Po dlouh\u00fdch 22 letech skon\u010dil ve funkci hospod\u00e1\u0159e TJ Sokol Kobe\u0159ice pan Pavel \u0160van. B\u011bhem t\u00e9to dlouh\u00e9 doby odvedl velk\u00fd kus pr\u00e1ce a pro\u017eil na h\u0159i\u0161ti<span class=\"excerpt-hellip\"> [\u2026]<\/span><\/p>\n","protected":false},"author":3,"featured_media":3291,"comment_status":"closed","ping_status":"open","sticky":false,"template":"","format":"standard","meta":{"ngg_post_thumbnail":0,"footnotes":""},"categories":[107,150],"tags":[],"class_list":["post-7252","post","type-post","status-publish","format-standard","has-post-thumbnail","hentry","category-fotbal","category-vse"],"_links":{"self":[{"href":"https:\/\/tjsokolkoberice.cz\/index.php?rest_route=\/wp\/v2\/posts\/7252","targetHints":{"allow":["GET"]}}],"collection":[{"href":"https:\/\/tjsokolkoberice.cz\/index.php?rest_route=\/wp\/v2\/posts"}],"about":[{"href":"https:\/\/tjsokolkoberice.cz\/index.php?rest_route=\/wp\/v2\/types\/post"}],"author":[{"embeddable":true,"href":"https:\/\/tjsokolkoberice.cz\/index.php?rest_route=\/wp\/v2\/users\/3"}],"replies":[{"embeddable":true,"href":"https:\/\/tjsokolkoberice.cz\/index.php?rest_route=%2Fwp%2Fv2%2Fcomments&post=7252"}],"version-history":[{"count":2,"href":"https:\/\/tjsokolkoberice.cz\/index.php?rest_route=\/wp\/v2\/posts\/7252\/revisions"}],"predecessor-version":[{"id":7258,"href":"https:\/\/tjsokolkoberice.cz\/index.php?rest_route=\/wp\/v2\/posts\/7252\/revisions\/7258"}],"wp:featuredmedia":[{"embeddable":true,"href":"https:\/\/tjsokolkoberice.cz\/index.php?rest_route=\/wp\/v2\/media\/3291"}],"wp:attachment":[{"href":"https:\/\/tjsokolkoberice.cz\/index.php?rest_route=%2Fwp%2Fv2%2Fmedia&parent=7252"}],"wp:term":[{"taxonomy":"category","embeddable":true,"href":"https:\/\/tjsokolkoberice.cz\/index.php?rest_route=%2Fwp%2Fv2%2Fcategories&post=7252"},{"taxonomy":"post_tag","embeddable":true,"href":"https:\/\/tjsokolkoberice.cz\/index.php?rest_route=%2Fwp%2Fv2%2Ftags&post=7252"}],"curies":[{"name":"wp","href":"https:\/\/api.w.org\/{rel}","templated":true}]}}