{"id":7319,"date":"2022-03-18T18:51:44","date_gmt":"2022-03-18T17:51:44","guid":{"rendered":"https:\/\/tjsokolkoberice.cz\/?p=7319"},"modified":"2025-10-14T11:49:59","modified_gmt":"2025-10-14T10:49:59","slug":"o-vikendu-startuje-fotbalove-jaro","status":"publish","type":"post","link":"https:\/\/tjsokolkoberice.cz\/?p=7319","title":{"rendered":"O v\u00edkendu startuje fotbalov\u00e9 jaro"},"content":{"rendered":"<p style=\"text-align: justify;\"><span style=\"font-size: 12pt; font-family: helvetica, arial, sans-serif;\"><strong><u>O v\u00edkendu startuje fotbalov\u00e9 jaro!<\/u><\/strong><\/span><\/p>\n<p style=\"text-align: justify;\"><span style=\"font-size: 12pt; font-family: helvetica, arial, sans-serif;\">Ji\u017e o tomto v\u00edkendu startuje po dlouh\u00e9 4 m\u011bs\u00ed\u010dn\u00ed pauze fotbalov\u00e9 jaro! Do n\u011bj prozat\u00edm vstoup\u00ed pouze A mu\u017ei, kter\u00e9 \u010dek\u00e1 \u00favodn\u00ed utk\u00e1n\u00ed na h\u0159i\u0161ti Fulneku.<\/span><\/p>\n<p style=\"text-align: justify;\"><span style=\"font-size: 12pt; font-family: helvetica, arial, sans-serif;\">Dlouhou zimn\u00ed p\u0159est\u00e1vku vyplnili na\u0161i fotbalist\u00e9 n\u011bkolika p\u0159\u00edpravn\u00fdmi z\u00e1pasy, ve kter\u00fdch porazili postupn\u011b Strahovice 9:3, Old\u0159i\u0161ov 6:3, \u0160t\u011bp\u00e1nkovice 8:0, D\u011btmarovice 4:3 a v&nbsp;posledn\u00edm utk\u00e1n\u00ed Kozmice 5:4.<\/span><\/p>\n<p style=\"text-align: justify;\"><span style=\"font-size: 12pt; font-family: helvetica, arial, sans-serif;\">Na za\u010d\u00e1tku \u00fanora absolvovali zimn\u00ed soust\u0159ed\u011bn\u00ed v&nbsp;are\u00e1lu ve Smilovic\u00edch u T\u0159ince, kter\u00e9 bylo zam\u011b\u0159eno sp\u00ed\u0161e na nab\u00edr\u00e1n\u00ed kondice a s\u00edly.<\/span><\/p>\n<p style=\"text-align: justify;\"><span style=\"font-size: 12pt; font-family: helvetica, arial, sans-serif;\">Oproti podzimu do\u0161lo v&nbsp;k\u00e1dru pouze k drobn\u00fdm zm\u011bn\u00e1m. Kv\u016fli zdravotn\u00edm obt\u00ed\u017e\u00edm prozat\u00edm netr\u00e9nuje brank\u00e1\u0159 Jakub St\u0159\u00edbn\u00fd. Z&nbsp;dorostu se do p\u0159\u00edpravy zapojili brank\u00e1\u0159 Oliver Hartmann a hr\u00e1\u010di Ondra Stuchl\u00edk a Theo Biel\u00e1k. Tito v\u0161ichni budou hr\u00e1t p\u0159ev\u00e1\u017en\u011b za dorost a budou sb\u00edrat pot\u0159ebn\u00e9 zku\u0161enosti v&nbsp;sestav\u011b A t\u00fdmu.<\/span><\/p>\n<p style=\"text-align: justify;\"><span style=\"font-size: 12pt; font-family: helvetica, arial, sans-serif;\">Na\u0161i fotbalist\u00e9 p\u0159edvedli na podzim fantastickou j\u00edzdu krajsk\u00fdm p\u0159eborem a byli ur\u010dit\u011b nejv\u011bt\u0161\u00edm p\u0159ekvapen\u00edm. Aktu\u00e1ln\u011b se nach\u00e1zej\u00ed na 2. m\u00edst\u011b se ziskem 35 bod\u016f za 11 v\u00edt\u011bzstv\u00ed, 2 rem\u00edzy a 3 por\u00e1\u017eky. V\u011b\u0159me, \u017ee podobn\u00e9 v\u00fdkony a v\u00fdsledky budou p\u0159edv\u00e1d\u011bt i v&nbsp;jarn\u00ed \u010d\u00e1sti a udr\u017e\u00ed se na p\u0159edn\u00edch m\u00edstech v&nbsp;tabulce.<\/span><\/p>\n<p style=\"text-align: justify;\"><span style=\"font-size: 12pt; font-family: helvetica, arial, sans-serif;\">K&nbsp;\u00favodn\u00edmu utk\u00e1n\u00ed jara zaj\u00ed\u017ed\u011bj\u00ed v&nbsp;sobotu 19.3. 2022 na h\u0159i\u0161t\u011b Fulneku, kter\u00fd jsme na podzim porazili doma 1:0 brankou Robina Wirtha. N\u00e1\u0161 sobotn\u00ed soupe\u0159 okupuje 15. pozici se ziskem 9 bod\u016f za 3 v\u00edt\u011bzstv\u00ed a 13 por\u00e1\u017eek.<\/span><\/p>\n<p style=\"text-align: justify;\"><span style=\"font-size: 12pt; font-family: helvetica, arial, sans-serif;\">P\u0159ejeme na\u0161im fotbalist\u016fm \u00fasp\u011b\u0161n\u00fd start do jarn\u00ed \u010d\u00e1sti, aby se jim da\u0159ilo a hlavn\u011b aby se jim vyh\u00fdbala zran\u011bn\u00ed!<\/span><\/p>\n<p style=\"text-align: justify;\"><span style=\"font-size: 12pt; font-family: helvetica, arial, sans-serif;\"><strong>Kobe\u0159ice do toho!!!<\/strong><\/span><\/p>\n<p style=\"text-align: justify;\">&nbsp;<\/p>\n<p style=\"text-align: justify;\"><span style=\"font-size: 12pt; font-family: helvetica, arial, sans-serif;\"><strong><u>Aktu\u00e1ln\u00ed slo\u017een\u00ed k\u00e1dru A mu\u017estva:<\/u><\/strong><\/span><\/p>\n<p style=\"text-align: justify;\"><span style=\"font-size: 12pt; font-family: helvetica, arial, sans-serif;\"><strong>Brank\u00e1\u0159i: <\/strong>\u0160tencel Petr, Hartmann Oliver<\/span><\/p>\n<p style=\"text-align: justify;\"><span style=\"font-size: 12pt; font-family: helvetica, arial, sans-serif;\"><strong>Obr\u00e1nci:<\/strong> Ve\u010derek Ond\u0159ej, Kollek Filip, Buchta Jan, \u0160evior Pavel, Wirth Robin, Wirth Ren\u00e9, Stuchl\u00edk Petr<\/span><\/p>\n<p style=\"text-align: justify;\"><span style=\"font-size: 12pt; font-family: helvetica, arial, sans-serif;\"><strong>Z\u00e1lo\u017en\u00edci: <\/strong>Kry\u0161tof Zden\u011bk, St\u0159\u00edbn\u00fd Martin, Kr\u00e1l Jan, Kubn\u00fd Anton\u00edn, Ka\u0161n\u00fd Petr, Schlischka Martin, Biel\u00e1k Theodor, Rother Filip<\/span><\/p>\n<p style=\"text-align: justify;\"><span style=\"font-size: 12pt; font-family: helvetica, arial, sans-serif;\"><strong>\u00dato\u010dn\u00edci:<\/strong> Kraut Dominik, \u0160ime\u010dek Adam, Stuchl\u00edk Ond\u0159ej<\/span><\/p>\n<p style=\"text-align: justify;\"><span style=\"font-size: 12pt; font-family: helvetica, arial, sans-serif;\"><strong>Tren\u00e9r:<\/strong> Christoph Du\u0161an, <strong>vedouc\u00ed:<\/strong> \u010cujek Jan<\/span><\/p>\n","protected":false},"excerpt":{"rendered":"<p>O v\u00edkendu startuje fotbalov\u00e9 jaro! Ji\u017e o tomto v\u00edkendu startuje po dlouh\u00e9 4 m\u011bs\u00ed\u010dn\u00ed pauze fotbalov\u00e9 jaro! Do n\u011bj prozat\u00edm vstoup\u00ed pouze A mu\u017ei, kter\u00e9 \u010dek\u00e1<span class=\"excerpt-hellip\"> [\u2026]<\/span><\/p>\n","protected":false},"author":3,"featured_media":7309,"comment_status":"closed","ping_status":"open","sticky":false,"template":"","format":"standard","meta":{"ngg_post_thumbnail":0,"footnotes":""},"categories":[115,107,150],"tags":[],"class_list":["post-7319","post","type-post","status-publish","format-standard","has-post-thumbnail","hentry","category-a-tym","category-fotbal","category-vse"],"_links":{"self":[{"href":"https:\/\/tjsokolkoberice.cz\/index.php?rest_route=\/wp\/v2\/posts\/7319","targetHints":{"allow":["GET"]}}],"collection":[{"href":"https:\/\/tjsokolkoberice.cz\/index.php?rest_route=\/wp\/v2\/posts"}],"about":[{"href":"https:\/\/tjsokolkoberice.cz\/index.php?rest_route=\/wp\/v2\/types\/post"}],"author":[{"embeddable":true,"href":"https:\/\/tjsokolkoberice.cz\/index.php?rest_route=\/wp\/v2\/users\/3"}],"replies":[{"embeddable":true,"href":"https:\/\/tjsokolkoberice.cz\/index.php?rest_route=%2Fwp%2Fv2%2Fcomments&post=7319"}],"version-history":[{"count":1,"href":"https:\/\/tjsokolkoberice.cz\/index.php?rest_route=\/wp\/v2\/posts\/7319\/revisions"}],"predecessor-version":[{"id":7320,"href":"https:\/\/tjsokolkoberice.cz\/index.php?rest_route=\/wp\/v2\/posts\/7319\/revisions\/7320"}],"wp:featuredmedia":[{"embeddable":true,"href":"https:\/\/tjsokolkoberice.cz\/index.php?rest_route=\/wp\/v2\/media\/7309"}],"wp:attachment":[{"href":"https:\/\/tjsokolkoberice.cz\/index.php?rest_route=%2Fwp%2Fv2%2Fmedia&parent=7319"}],"wp:term":[{"taxonomy":"category","embeddable":true,"href":"https:\/\/tjsokolkoberice.cz\/index.php?rest_route=%2Fwp%2Fv2%2Fcategories&post=7319"},{"taxonomy":"post_tag","embeddable":true,"href":"https:\/\/tjsokolkoberice.cz\/index.php?rest_route=%2Fwp%2Fv2%2Ftags&post=7319"}],"curies":[{"name":"wp","href":"https:\/\/api.w.org\/{rel}","templated":true}]}}