{"id":7326,"date":"2022-03-25T07:09:55","date_gmt":"2022-03-25T06:09:55","guid":{"rendered":"https:\/\/tjsokolkoberice.cz\/?p=7326"},"modified":"2025-10-14T11:49:59","modified_gmt":"2025-10-14T10:49:59","slug":"presvedcive-vitezstvi-na-uvod-jarni-casti","status":"publish","type":"post","link":"https:\/\/tjsokolkoberice.cz\/?p=7326","title":{"rendered":"P\u0159esv\u011bd\u010div\u00e9 v\u00edt\u011bzstv\u00ed na \u00favod jarn\u00ed \u010d\u00e1sti!"},"content":{"rendered":"<p style=\"text-align: justify;\"><span style=\"font-family: helvetica, arial, sans-serif; font-size: 14pt;\"><strong>P\u0159esv\u011bd\u010div\u00e9 v\u00edt\u011bzstv\u00ed na \u00favod jarn\u00ed \u010d\u00e1sti!<\/strong><\/span><\/p>\n<p style=\"text-align: justify;\"><span style=\"font-family: helvetica, arial, sans-serif; font-size: 12pt;\">Sobota 19.3. 2022<strong>&nbsp;<\/strong><\/span><\/p>\n<p style=\"text-align: justify;\"><span style=\"font-family: helvetica, arial, sans-serif; font-size: 14pt;\"><strong>Fotbal Fulnek \u2013 A mu\u017ei &nbsp;&nbsp;&nbsp;0:5&nbsp; (0:2)<\/strong><\/span><\/p>\n<p style=\"text-align: justify;\"><span style=\"font-family: helvetica, arial, sans-serif; font-size: 12pt;\">Na \u00favod jarn\u00ed \u010d\u00e1sti \u010dekal na na\u0161e fotbalisty celek Fulneku. Ten m\u011bl v\u016fbec probl\u00e9m sestavit t\u00fdm pro jarn\u00ed boje a i sestava na sobotn\u00ed z\u00e1pas tomu odpov\u00eddala. P\u0159i v\u0161\u00ed \u00fact\u011b k&nbsp;soupe\u0159i ani zdaleka nedosahovala \u00farovn\u011b krajsk\u00e9ho p\u0159eboru a i kone\u010dn\u00fd v\u00fdsledek tomu odpov\u00edd\u00e1.<\/span><\/p>\n<p style=\"text-align: justify;\"><span style=\"font-family: helvetica, arial, sans-serif; font-size: 12pt;\">Pohodovou v\u00fdhru nastartovali na\u0161i hr\u00e1\u010di v&nbsp;10. minut\u011b brankou St\u0159\u00edbn\u00e9ho, v&nbsp;17. min. to bylo ji\u017e o dv\u011b branky po st\u0159ele Kubn\u00e9ho. Pot\u00e9 i vlivem podcen\u011bn\u00ed m\u011bli dv\u011b p\u0159\u00edle\u017eitosti i dom\u00e1c\u00ed, av\u0161ak branku nedali a do \u0161aten se \u0161lo za stavu 0:2-<\/span><\/p>\n<p style=\"text-align: justify;\"><span style=\"font-family: helvetica, arial, sans-serif; font-size: 12pt;\">Po p\u0159est\u00e1vce ji\u017e dom\u00e1c\u00edm doch\u00e1zel dech a hr\u00e1lo se na jednu br\u00e1nu. Sk\u00f3re postupn\u011b nav\u00fd\u0161ili 2x Kubn\u00fd a Kraut z&nbsp;penalty. Kone\u010dn\u00fd v\u00fdsledek 0:5 tak znamen\u00e1 v\u00edt\u011bzn\u00fd vstup do jarn\u00ed \u010d\u00e1sti. Nutno \u0159\u00edci, \u017ee daleko t\u011b\u017e\u0161\u00ed utk\u00e1n\u00ed n\u00e1s teprve \u010dekaj\u00ed,a to hned p\u0159\u00ed\u0161t\u00ed utk\u00e1n\u00ed v&nbsp;Pust\u00e9 Polomi.<\/span><\/p>\n<p style=\"text-align: justify;\"><span style=\"font-family: helvetica, arial, sans-serif; font-size: 12pt;\"><strong>Div\u00e1ci:<\/strong> 110<\/span><\/p>\n<p style=\"text-align: justify;\"><span style=\"font-family: helvetica, arial, sans-serif; font-size: 12pt;\"><strong>Branky:<\/strong> 10. St\u0159\u00edbn\u00fd Martin, 17., 58., 83. Kubn\u00fd Anton\u00edn, 69. Kraut Dominik (pen.)<\/span><\/p>\n<p style=\"text-align: justify;\"><span style=\"font-family: helvetica, arial, sans-serif; font-size: 12pt;\"><strong>Rozhod\u010d\u00ed:<\/strong> Priesol Daniel &#8211; Schneider Pavel, Kret Martin. Deleg\u00e1t: Malinovsk\u00fd Ji\u0159\u00ed.<\/span><\/p>\n<p style=\"text-align: justify;\"><span style=\"font-family: helvetica, arial, sans-serif; font-size: 12pt;\"><strong>Sestava:<\/strong>&nbsp;\u0160tencel \u2013 Schlischka M. (73. Kollek), Wirth Robin, Ve\u010derek O. (54. \u0160evior), Wirth Ren\u00e9, Kry\u0161tof (61. \u0160ime\u010dek), Kr\u00e1l, Kubn\u00fd, Ka\u0161n\u00fd, St\u0159\u00edbn\u00fd M. (73. Stuchl\u00edk P.), Kraut (73. Rother)<\/span><\/p>\n","protected":false},"excerpt":{"rendered":"<p>P\u0159esv\u011bd\u010div\u00e9 v\u00edt\u011bzstv\u00ed na \u00favod jarn\u00ed \u010d\u00e1sti! Sobota 19.3. 2022&nbsp; Fotbal Fulnek \u2013 A mu\u017ei &nbsp;&nbsp;&nbsp;0:5&nbsp; (0:2) Na \u00favod jarn\u00ed \u010d\u00e1sti \u010dekal na na\u0161e fotbalisty celek Fulneku.<span class=\"excerpt-hellip\"> [\u2026]<\/span><\/p>\n","protected":false},"author":3,"featured_media":3370,"comment_status":"closed","ping_status":"open","sticky":false,"template":"","format":"standard","meta":{"ngg_post_thumbnail":0,"footnotes":""},"categories":[115,107,150],"tags":[],"class_list":["post-7326","post","type-post","status-publish","format-standard","has-post-thumbnail","hentry","category-a-tym","category-fotbal","category-vse"],"_links":{"self":[{"href":"https:\/\/tjsokolkoberice.cz\/index.php?rest_route=\/wp\/v2\/posts\/7326","targetHints":{"allow":["GET"]}}],"collection":[{"href":"https:\/\/tjsokolkoberice.cz\/index.php?rest_route=\/wp\/v2\/posts"}],"about":[{"href":"https:\/\/tjsokolkoberice.cz\/index.php?rest_route=\/wp\/v2\/types\/post"}],"author":[{"embeddable":true,"href":"https:\/\/tjsokolkoberice.cz\/index.php?rest_route=\/wp\/v2\/users\/3"}],"replies":[{"embeddable":true,"href":"https:\/\/tjsokolkoberice.cz\/index.php?rest_route=%2Fwp%2Fv2%2Fcomments&post=7326"}],"version-history":[{"count":1,"href":"https:\/\/tjsokolkoberice.cz\/index.php?rest_route=\/wp\/v2\/posts\/7326\/revisions"}],"predecessor-version":[{"id":7327,"href":"https:\/\/tjsokolkoberice.cz\/index.php?rest_route=\/wp\/v2\/posts\/7326\/revisions\/7327"}],"wp:featuredmedia":[{"embeddable":true,"href":"https:\/\/tjsokolkoberice.cz\/index.php?rest_route=\/wp\/v2\/media\/3370"}],"wp:attachment":[{"href":"https:\/\/tjsokolkoberice.cz\/index.php?rest_route=%2Fwp%2Fv2%2Fmedia&parent=7326"}],"wp:term":[{"taxonomy":"category","embeddable":true,"href":"https:\/\/tjsokolkoberice.cz\/index.php?rest_route=%2Fwp%2Fv2%2Fcategories&post=7326"},{"taxonomy":"post_tag","embeddable":true,"href":"https:\/\/tjsokolkoberice.cz\/index.php?rest_route=%2Fwp%2Fv2%2Ftags&post=7326"}],"curies":[{"name":"wp","href":"https:\/\/api.w.org\/{rel}","templated":true}]}}