{"id":7334,"date":"2022-03-31T14:03:56","date_gmt":"2022-03-31T13:03:56","guid":{"rendered":"https:\/\/tjsokolkoberice.cz\/?p=7334"},"modified":"2025-10-14T11:49:47","modified_gmt":"2025-10-14T10:49:47","slug":"a-muzi-remizovali-ve-slagru-kola-v-puste-polomi-dorostenci-vstoupili-do-jara-vitezne","status":"publish","type":"post","link":"https:\/\/tjsokolkoberice.cz\/?p=7334","title":{"rendered":"A mu\u017ei remizovali ve \u0161l\u00e1gru kola v Pust\u00e9 Polomi, dorostenci vstoupili do jara v\u00edt\u011bzn\u011b!"},"content":{"rendered":"<p style=\"text-align: justify;\"><span style=\"font-size: 12pt; font-family: helvetica, arial, sans-serif;\"><strong>A mu\u017ei remizovali ve \u0161l\u00e1gru kola v&nbsp;Pust\u00e9 Polomi, dorostenci vstoupili do jara v\u00edt\u011bzn\u011b!<\/strong><\/span><\/p>\n<p style=\"text-align: justify;\"><span style=\"font-size: 12pt; font-family: helvetica, arial, sans-serif;\">Ned\u011ble 27.3. 2022<\/span><\/p>\n<p style=\"text-align: justify;\"><span style=\"font-size: 12pt; font-family: helvetica, arial, sans-serif;\"><strong>SC Pust\u00e1 Polom \u2013 A mu\u017ei &nbsp;&nbsp;&nbsp;3:3&nbsp; (3:2)<\/strong><\/span><\/p>\n<p style=\"text-align: justify;\"><span style=\"font-size: 12pt; font-family: helvetica, arial, sans-serif;\">Divokou p\u0159est\u0159elkou skon\u010dil ned\u011bln\u00ed \u0161l\u00e1gr krajsk\u00e9ho p\u0159eboru v&nbsp;Pust\u00e9 Polomi, kter\u00e1 remizovala 3:3 s&nbsp;Kobe\u0159icemi.<\/span><\/p>\n<p style=\"text-align: justify;\">&nbsp;<\/p>\n<p style=\"text-align: justify;\"><span style=\"font-size: 12pt; font-family: helvetica, arial, sans-serif;\">Vstup do utk\u00e1n\u00ed m\u011bli host\u00e9 luxusn\u00ed, nebo\u0165 se hned ve 3. minut\u011b ujali veden\u00ed brankou Kubn\u00e9ho. Odpov\u011b\u010f na sebe nenechala dlouho \u010dekat, kdy\u017e se v&nbsp;15. minut\u011b trefil hlavou po rohu Pomp. Odpov\u011b\u010f host\u016f byla bleskov\u00e1, kdy\u017e jim v&nbsp;18. minut\u011b vr\u00e1til veden\u00ed Kraut. Pak ov\u0161em p\u0159evzali ot\u011b\u017ee utk\u00e1n\u00ed dom\u00e1c\u00ed a po chyb\u00e1ch v&nbsp;defenziv\u011b Kobe\u0159ic dvakr\u00e1t ude\u0159ili brankami Rodka z&nbsp;penalty a Franka. Do kabin se tak \u0161lo za stavu 3:2.<\/span><\/p>\n<p style=\"text-align: justify;\"><span style=\"font-size: 12pt; font-family: helvetica, arial, sans-serif;\">Po p\u0159est\u00e1vce m\u011bli v\u00edce ze hry host\u00e9, ale dlouho bez g\u00f3lov\u00e9ho efektu. Naopak dom\u00e1c\u00ed byli nebezpe\u010dn\u00ed z&nbsp;ojedin\u011bl\u00fdch brejk\u016f, av\u0161ak \u017e\u00e1dn\u00e1 ze slibn\u00fdch \u0161anc\u00ed se neujala. Trest v&nbsp;podob\u011b vyrovn\u00e1vac\u00edho g\u00f3lu p\u0159i\u0161el v&nbsp;83. minut\u011b, kdy svoji druhou branku v&nbsp;utk\u00e1n\u00ed p\u0159idal kr\u00e1sn\u00fdm lobem Kraut. V&nbsp;nastaven\u00ed je\u0161t\u011b sp\u00e1lil slibnou p\u0159\u00edle\u017eitost hostuj\u00edc\u00ed Kubn\u00fd, a tak kvalitn\u00ed utk\u00e1n\u00ed oko\u0159enila spravedliv\u00e1 rem\u00edza 3:3.<\/span><\/p>\n<p style=\"text-align: justify;\"><span style=\"font-size: 12pt; font-family: helvetica, arial, sans-serif;\"><strong>Div\u00e1ci:<\/strong> 101<\/span><\/p>\n<p style=\"text-align: justify;\"><span style=\"font-size: 12pt; font-family: helvetica, arial, sans-serif;\"><strong>Branky:<\/strong> 15. Pomp Petr, 30. Rodek Marcel (pen.), 43. Frank Jan&nbsp;&#8211;&nbsp;3. Kubn\u00fd Anton\u00edn, 18., 83. Kraut Dominik<\/span><\/p>\n<p style=\"text-align: justify;\"><span style=\"font-size: 12pt; font-family: helvetica, arial, sans-serif;\"><strong>Rozhod\u010d\u00ed:<\/strong> Juryg\u00e1\u010dek Ren\u00e9 &#8211; Svoboda Marian, Mitura Michal.<\/span><\/p>\n<p style=\"text-align: justify;\"><span style=\"font-size: 12pt; font-family: helvetica, arial, sans-serif;\"><strong>Sestava:<\/strong>&nbsp;\u0160tencel \u2013 Schlischka M. (78. Rother), Wirth Robin, \u0160evior, Wirth Ren\u00e9, \u0160ime\u010dek (90. Stuchl\u00edk P.), Kr\u00e1l, Kubn\u00fd, Ka\u0161n\u00fd, St\u0159\u00edbn\u00fd M. (46. Kry\u0161tof), Kraut &nbsp;<\/span><\/p>\n<p style=\"text-align: justify;\"><span style=\"font-size: 12pt; font-family: helvetica, arial, sans-serif;\">Sobota 26.3.2022<\/span><\/p>\n<p style=\"text-align: justify;\"><span style=\"font-size: 12pt; font-family: helvetica, arial, sans-serif;\"><strong>FC SO Brunt\u00e1l \u2013 St. dorost&nbsp; 1:3&nbsp; (0:1)<\/strong><\/span><\/p>\n<p style=\"text-align: justify;\"><span style=\"font-size: 12pt; font-family: helvetica, arial, sans-serif;\"><strong>Branky:<\/strong> 69. Hurajt Michal&nbsp;&#8211;&nbsp;13. Biel\u00e1k Teodor, 52., 88. Stuchl\u00edk Ond\u0159ej<\/span><\/p>\n<p style=\"text-align: justify;\"><span style=\"font-size: 12pt; font-family: helvetica, arial, sans-serif;\"><strong>Sestava: <\/strong>Hartmann O.<strong>, <\/strong>Hant\u00e1k (46. St\u0159\u00edbn\u00fd V.), Breksa, V\u00e1clav\u00edk D. (80. V\u00e1clav\u00edk A.), Stuchl\u00edk O., Birtek (64. Li\u0161ka), Biel\u00e1k, Pa\u0161ek (46. stuchl\u00edk D.), Kubn\u00fd (46. Harazim), Voln\u00fd, Kretek<\/span><\/p>\n<p style=\"text-align: justify;\"><span style=\"font-size: 12pt; font-family: helvetica, arial, sans-serif;\"><strong>&nbsp;<\/strong><\/span><\/p>\n<p style=\"text-align: justify;\"><span style=\"font-size: 12pt; font-family: helvetica, arial, sans-serif;\"><strong>FC SO Brunt\u00e1l \u2013 Ml. dorost&nbsp; 0:6&nbsp; (0:3)<\/strong><\/span><\/p>\n<p style=\"text-align: justify;\"><span style=\"font-size: 12pt; font-family: helvetica, arial, sans-serif;\"><strong>Branky:<\/strong> 16. V\u00e1clav\u00edk Adam, 18., 37., 68. Stuchl\u00edk Ond\u0159ej, 71. Biel\u00e1k Tom\u00e1\u0161, 79. Kubn\u00fd David<\/span><\/p>\n<p style=\"text-align: justify;\"><span style=\"font-size: 12pt; font-family: helvetica, arial, sans-serif;\"><strong>Sestava: <\/strong>Hartmann O., Nev\u0159ela , Hant\u00e1k , Cziepl\u00fd , St\u0159\u00edbn\u00fd , Pa\u0161ek , Besta , Grigar\u010d\u00edk , V\u00e1clav\u00edk , Stuchl\u00edk , Kubn\u00fd<\/span><\/p>\n<p style=\"text-align: justify;\"><span style=\"font-size: 12pt; font-family: helvetica, arial, sans-serif;\"><strong>N\u00e1hradn\u00edci<\/strong>: Poni\u0161t, Birtek, Li\u0161ka, Voln\u00fd, Biel\u00e1k, Slanina, Breksa<\/span><\/p>\n","protected":false},"excerpt":{"rendered":"<p>A mu\u017ei remizovali ve \u0161l\u00e1gru kola v&nbsp;Pust\u00e9 Polomi, dorostenci vstoupili do jara v\u00edt\u011bzn\u011b! Ned\u011ble 27.3. 2022 SC Pust\u00e1 Polom \u2013 A mu\u017ei &nbsp;&nbsp;&nbsp;3:3&nbsp; (3:2) Divokou p\u0159est\u0159elkou<span class=\"excerpt-hellip\"> [\u2026]<\/span><\/p>\n","protected":false},"author":3,"featured_media":2888,"comment_status":"closed","ping_status":"open","sticky":false,"template":"","format":"standard","meta":{"ngg_post_thumbnail":0,"footnotes":""},"categories":[115,112,110,107],"tags":[],"class_list":["post-7334","post","type-post","status-publish","format-standard","has-post-thumbnail","hentry","category-a-tym","category-b-tym","category-dorost","category-fotbal"],"_links":{"self":[{"href":"https:\/\/tjsokolkoberice.cz\/index.php?rest_route=\/wp\/v2\/posts\/7334","targetHints":{"allow":["GET"]}}],"collection":[{"href":"https:\/\/tjsokolkoberice.cz\/index.php?rest_route=\/wp\/v2\/posts"}],"about":[{"href":"https:\/\/tjsokolkoberice.cz\/index.php?rest_route=\/wp\/v2\/types\/post"}],"author":[{"embeddable":true,"href":"https:\/\/tjsokolkoberice.cz\/index.php?rest_route=\/wp\/v2\/users\/3"}],"replies":[{"embeddable":true,"href":"https:\/\/tjsokolkoberice.cz\/index.php?rest_route=%2Fwp%2Fv2%2Fcomments&post=7334"}],"version-history":[{"count":1,"href":"https:\/\/tjsokolkoberice.cz\/index.php?rest_route=\/wp\/v2\/posts\/7334\/revisions"}],"predecessor-version":[{"id":7335,"href":"https:\/\/tjsokolkoberice.cz\/index.php?rest_route=\/wp\/v2\/posts\/7334\/revisions\/7335"}],"wp:featuredmedia":[{"embeddable":true,"href":"https:\/\/tjsokolkoberice.cz\/index.php?rest_route=\/wp\/v2\/media\/2888"}],"wp:attachment":[{"href":"https:\/\/tjsokolkoberice.cz\/index.php?rest_route=%2Fwp%2Fv2%2Fmedia&parent=7334"}],"wp:term":[{"taxonomy":"category","embeddable":true,"href":"https:\/\/tjsokolkoberice.cz\/index.php?rest_route=%2Fwp%2Fv2%2Fcategories&post=7334"},{"taxonomy":"post_tag","embeddable":true,"href":"https:\/\/tjsokolkoberice.cz\/index.php?rest_route=%2Fwp%2Fv2%2Ftags&post=7334"}],"curies":[{"name":"wp","href":"https:\/\/api.w.org\/{rel}","templated":true}]}}