{"id":7343,"date":"2022-04-03T09:11:30","date_gmt":"2022-04-03T08:11:30","guid":{"rendered":"https:\/\/tjsokolkoberice.cz\/?p=7343"},"modified":"2025-10-14T11:49:47","modified_gmt":"2025-10-14T10:49:47","slug":"zemrel-byvaly-trener-koberic-pan-alfred-kirchner","status":"publish","type":"post","link":"https:\/\/tjsokolkoberice.cz\/?p=7343","title":{"rendered":"Zem\u0159el b\u00fdval\u00fd tren\u00e9r Kobe\u0159ic pan Alfred Kirchner"},"content":{"rendered":"<p style=\"text-align: justify;\"><span style=\"font-size: 14pt;\">Ve st\u0159edu 23. b\u0159ezna 2022 zem\u0159el ve v\u011bku 80 let pan Alfred Kirchner. V 80. letech vedl n\u011bkolik sez\u00f3n z pozice tren\u00e9ra na\u0161e A mu\u017estvo v krajsk\u00e9m p\u0159eboru. Dlouhou dobu tr\u00e9noval tak\u00e9 ml\u00e1de\u017e v Opav\u011b. Rodin\u011b p\u0159ejeme up\u0159\u00edmnou soustrast a Vy, tren\u00e9re, odpo\u010d\u00edvejte v pokoji!<\/span><\/p>\n<p>&nbsp;<\/p>\n<p><img loading=\"lazy\" decoding=\"async\" class=\"aligncenter wp-image-7344 size-full\" src=\"https:\/\/tjsokolkoberice.cz\/wp-content\/uploads\/2022\/04\/AlfredKirchner-parte.jpg\" alt=\"\" width=\"401\" height=\"712\" srcset=\"https:\/\/tjsokolkoberice.cz\/wp-content\/uploads\/2022\/04\/AlfredKirchner-parte.jpg 401w, https:\/\/tjsokolkoberice.cz\/wp-content\/uploads\/2022\/04\/AlfredKirchner-parte-169x300.jpg 169w\" sizes=\"auto, (max-width:767px) 401px, 401px\" \/><\/p>\n","protected":false},"excerpt":{"rendered":"<p>Ve st\u0159edu 23. b\u0159ezna 2022 zem\u0159el ve v\u011bku 80 let pan Alfred Kirchner. V 80. letech vedl n\u011bkolik sez\u00f3n z pozice tren\u00e9ra na\u0161e A mu\u017estvo v<span class=\"excerpt-hellip\"> [\u2026]<\/span><\/p>\n","protected":false},"author":3,"featured_media":3291,"comment_status":"closed","ping_status":"open","sticky":false,"template":"","format":"standard","meta":{"ngg_post_thumbnail":0,"footnotes":""},"categories":[150],"tags":[],"class_list":["post-7343","post","type-post","status-publish","format-standard","has-post-thumbnail","hentry","category-vse"],"_links":{"self":[{"href":"https:\/\/tjsokolkoberice.cz\/index.php?rest_route=\/wp\/v2\/posts\/7343","targetHints":{"allow":["GET"]}}],"collection":[{"href":"https:\/\/tjsokolkoberice.cz\/index.php?rest_route=\/wp\/v2\/posts"}],"about":[{"href":"https:\/\/tjsokolkoberice.cz\/index.php?rest_route=\/wp\/v2\/types\/post"}],"author":[{"embeddable":true,"href":"https:\/\/tjsokolkoberice.cz\/index.php?rest_route=\/wp\/v2\/users\/3"}],"replies":[{"embeddable":true,"href":"https:\/\/tjsokolkoberice.cz\/index.php?rest_route=%2Fwp%2Fv2%2Fcomments&post=7343"}],"version-history":[{"count":1,"href":"https:\/\/tjsokolkoberice.cz\/index.php?rest_route=\/wp\/v2\/posts\/7343\/revisions"}],"predecessor-version":[{"id":7345,"href":"https:\/\/tjsokolkoberice.cz\/index.php?rest_route=\/wp\/v2\/posts\/7343\/revisions\/7345"}],"wp:featuredmedia":[{"embeddable":true,"href":"https:\/\/tjsokolkoberice.cz\/index.php?rest_route=\/wp\/v2\/media\/3291"}],"wp:attachment":[{"href":"https:\/\/tjsokolkoberice.cz\/index.php?rest_route=%2Fwp%2Fv2%2Fmedia&parent=7343"}],"wp:term":[{"taxonomy":"category","embeddable":true,"href":"https:\/\/tjsokolkoberice.cz\/index.php?rest_route=%2Fwp%2Fv2%2Fcategories&post=7343"},{"taxonomy":"post_tag","embeddable":true,"href":"https:\/\/tjsokolkoberice.cz\/index.php?rest_route=%2Fwp%2Fv2%2Ftags&post=7343"}],"curies":[{"name":"wp","href":"https:\/\/api.w.org\/{rel}","templated":true}]}}