{"id":7369,"date":"2022-04-15T11:56:01","date_gmt":"2022-04-15T10:56:01","guid":{"rendered":"https:\/\/tjsokolkoberice.cz\/?p=7369"},"modified":"2025-10-14T11:49:46","modified_gmt":"2025-10-14T10:49:46","slug":"v-dohravce-s-krnovem-jsme-brali-bod","status":"publish","type":"post","link":"https:\/\/tjsokolkoberice.cz\/?p=7369","title":{"rendered":"V\u00a0dohr\u00e1vce s\u00a0Krnovem jsme brali bod!"},"content":{"rendered":"<p style=\"text-align: justify;\"><span style=\"font-size: 12pt; font-family: helvetica, arial, sans-serif;\"><strong>V&nbsp;dohr\u00e1vce s&nbsp;Krnovem jsme brali bod!<\/strong><\/span><\/p>\n<p style=\"text-align: justify;\"><span style=\"font-size: 12pt; font-family: helvetica, arial, sans-serif;\">St\u0159eda 13.4. 2022<\/span><\/p>\n<p style=\"text-align: justify;\"><span style=\"font-size: 12pt; font-family: helvetica, arial, sans-serif;\"><strong>A mu\u017ei \u2013 FK Krnov &nbsp;1:1&nbsp; (0:0) <\/strong><\/span><\/p>\n<p style=\"text-align: justify;\"><span style=\"font-size: 12pt; font-family: helvetica, arial, sans-serif;\">Po sobotn\u00edm nepoveden\u00e9m utk\u00e1n\u00ed v&nbsp;B\u0159idli\u010dn\u00e9 \u010dekala na\u0161e A mu\u017estvo dohr\u00e1vka proti Krnovu. Dal\u0161\u00ed velmi t\u011b\u017ek\u00fd soupe\u0159, suver\u00e9nn\u00ed l\u00eddr tabulky. To v\u0161ak host\u00e9 z&nbsp;Krnova nepotvrdil a v&nbsp;bojovn\u00e9m utk\u00e1n\u00ed s&nbsp;na\u0161imi borci jen remizovali.<\/span><\/p>\n<p style=\"text-align: justify;\"><span style=\"font-size: 12pt; font-family: helvetica, arial, sans-serif;\">\u00davodn\u00ed d\u011bjstv\u00ed bylo sp\u00ed\u0161e vyrovnan\u00fdm bojem ne\u017e fotbalovou kr\u00e1sou. Za zm\u00ednku st\u00e1la jen st\u0159ela do ty\u010de v&nbsp;pod\u00e1n\u00ed host\u016f, na\u0161i toho dop\u0159edu taky p\u0159\u00edli\u0161 neuk\u00e1zali.<\/span><\/p>\n<p style=\"text-align: justify;\"><span style=\"font-size: 12pt; font-family: helvetica, arial, sans-serif;\">Do druh\u00e9 p\u016fle vstoupili l\u00e9pe host\u00e9 z&nbsp;Krnova, kte\u0159\u00ed se z\u00e1sluhou Swiecha a jeho p\u0159esn\u00e9 st\u0159ele z&nbsp;p\u0159\u00edm\u00e9ho kopu dostali do veden\u00ed. Pak ale ot\u011b\u017ee z\u00e1pasu pevn\u011b uchopili na\u0161i borci a t\u00e9m\u011b\u0159 cel\u00fd druh\u00fd polo\u010das byli lep\u0161\u00edm t\u00fdmem, za co\u017e byli odm\u011bn\u011bn\u00ed vyrovn\u00e1vac\u00ed brankou Pavla \u0160eviora, kter\u00fd se trefil hlavou z&nbsp;rohov\u00e9ho kopu. Do konce d\u011bjstv\u00ed se ji\u017e nic z\u00e1vratn\u00e9ho nestalo a tak se nakonec body d\u011blily.<\/span><\/p>\n<p style=\"text-align: justify;\"><span style=\"font-size: 12pt; font-family: helvetica, arial, sans-serif;\"><strong>Div\u00e1ci:<\/strong> 226<\/span><\/p>\n<p style=\"text-align: justify;\"><span style=\"font-size: 12pt; font-family: helvetica, arial, sans-serif;\"><strong>Branky:<\/strong> 74. \u0160evior Pavel&nbsp;&#8211;&nbsp;48. Swiech Jakub<\/span><\/p>\n<p style=\"text-align: justify;\"><span style=\"font-size: 12pt; font-family: helvetica, arial, sans-serif;\"><strong>Rozhod\u010d\u00ed:<\/strong> \u0160i\u0161t\u00edk Petr &#8211; Ganaj Martin, Dvo\u0159\u00e1k Martin.<\/span><\/p>\n<p style=\"text-align: justify;\"><span style=\"font-size: 12pt; font-family: helvetica, arial, sans-serif;\"><strong>Sestava:<\/strong> \u0160tencel \u2013 Schlischka M., Wirth Robin, \u0160evior, Wirth Ren\u00e9, Rother (46. Kry\u0161tof), \u0160ime\u010dek (86. Stuchl\u00edk O.), Kr\u00e1l, Kubn\u00fd (58. St\u0159\u00edbn\u00fd M.), Ka\u0161n\u00fd, Kraut<\/span><\/p>\n\n\n<p><\/p>\n","protected":false},"excerpt":{"rendered":"<p>V&nbsp;dohr\u00e1vce s&nbsp;Krnovem jsme brali bod! St\u0159eda 13.4. 2022 A mu\u017ei \u2013 FK Krnov &nbsp;1:1&nbsp; (0:0) Po sobotn\u00edm nepoveden\u00e9m utk\u00e1n\u00ed v&nbsp;B\u0159idli\u010dn\u00e9 \u010dekala na\u0161e A mu\u017estvo dohr\u00e1vka proti<span class=\"excerpt-hellip\"> [\u2026]<\/span><\/p>\n","protected":false},"author":3,"featured_media":3189,"comment_status":"closed","ping_status":"open","sticky":false,"template":"","format":"standard","meta":{"ngg_post_thumbnail":0,"footnotes":""},"categories":[115,107],"tags":[],"class_list":["post-7369","post","type-post","status-publish","format-standard","has-post-thumbnail","hentry","category-a-tym","category-fotbal"],"_links":{"self":[{"href":"https:\/\/tjsokolkoberice.cz\/index.php?rest_route=\/wp\/v2\/posts\/7369","targetHints":{"allow":["GET"]}}],"collection":[{"href":"https:\/\/tjsokolkoberice.cz\/index.php?rest_route=\/wp\/v2\/posts"}],"about":[{"href":"https:\/\/tjsokolkoberice.cz\/index.php?rest_route=\/wp\/v2\/types\/post"}],"author":[{"embeddable":true,"href":"https:\/\/tjsokolkoberice.cz\/index.php?rest_route=\/wp\/v2\/users\/3"}],"replies":[{"embeddable":true,"href":"https:\/\/tjsokolkoberice.cz\/index.php?rest_route=%2Fwp%2Fv2%2Fcomments&post=7369"}],"version-history":[{"count":1,"href":"https:\/\/tjsokolkoberice.cz\/index.php?rest_route=\/wp\/v2\/posts\/7369\/revisions"}],"predecessor-version":[{"id":7370,"href":"https:\/\/tjsokolkoberice.cz\/index.php?rest_route=\/wp\/v2\/posts\/7369\/revisions\/7370"}],"wp:featuredmedia":[{"embeddable":true,"href":"https:\/\/tjsokolkoberice.cz\/index.php?rest_route=\/wp\/v2\/media\/3189"}],"wp:attachment":[{"href":"https:\/\/tjsokolkoberice.cz\/index.php?rest_route=%2Fwp%2Fv2%2Fmedia&parent=7369"}],"wp:term":[{"taxonomy":"category","embeddable":true,"href":"https:\/\/tjsokolkoberice.cz\/index.php?rest_route=%2Fwp%2Fv2%2Fcategories&post=7369"},{"taxonomy":"post_tag","embeddable":true,"href":"https:\/\/tjsokolkoberice.cz\/index.php?rest_route=%2Fwp%2Fv2%2Ftags&post=7369"}],"curies":[{"name":"wp","href":"https:\/\/api.w.org\/{rel}","templated":true}]}}