{"id":7382,"date":"2022-04-29T11:52:09","date_gmt":"2022-04-29T10:52:09","guid":{"rendered":"https:\/\/tjsokolkoberice.cz\/?p=7382"},"modified":"2025-10-14T11:49:46","modified_gmt":"2025-10-14T10:49:46","slug":"vysledky-nasich-muzstev-8","status":"publish","type":"post","link":"https:\/\/tjsokolkoberice.cz\/?p=7382","title":{"rendered":"V\u00fdsledky na\u0161ich mu\u017estev"},"content":{"rendered":"<p style=\"text-align: justify;\"><span style=\"font-family: helvetica, arial, sans-serif; font-size: 12pt;\">Sobota 23. dubna 2022<\/span><\/p>\n<p style=\"text-align: justify;\"><span style=\"font-family: helvetica, arial, sans-serif; font-size: 14pt;\"><strong>TJ Tatran Jakub\u010dovice &#8211; A mu\u017ei &nbsp;&nbsp;1:3&nbsp; (0:2) <\/strong><\/span><\/p>\n<p style=\"text-align: justify;\"><span style=\"font-family: helvetica, arial, sans-serif; font-size: 12pt;\">Velmi kvalitn\u00ed v\u00fdkon podali o v\u00edkendu na\u0161i fotbalist\u00e9 v&nbsp;Jakub\u010dovic\u00edch. I p\u0159esto, \u017ee n\u00e1m chyb\u011blo n\u011bkolik opor a ji\u017e v&nbsp;17. minut\u011b se zranil kanon\u00fdr Kraut, dok\u00e1zali jsme vyhr\u00e1t na p\u016fd\u011b nebezpe\u010dn\u00e9ho soupe\u0159e.<\/span><\/p>\n<p style=\"text-align: justify;\"><span style=\"font-family: helvetica, arial, sans-serif; font-size: 12pt;\">Na\u0161im borc\u016fm vych\u00e1zela hra na nebezpe\u010dn\u00e9 brejky a poctivou obranu. Prvn\u00ed branka padla po kr\u00e1sn\u00e9 st\u0159ele Schlischky ve 25. min.. Do \u0161aten se \u0161lo za stavu 2:0, nebo\u0165 brejkovou akci skv\u011ble zakon\u010dil Martin St\u0159\u00edbn\u00fd.<\/span><\/p>\n<p style=\"text-align: justify;\"><span style=\"font-family: helvetica, arial, sans-serif; font-size: 12pt;\">Ve druh\u00e9m polo\u010dase se obraz hry p\u0159\u00edli\u0161 nem\u011bnil. Na\u0161i kluci p\u0159edv\u00e1d\u011bli kvalitn\u00ed fotbal, dom\u00e1c\u00ed toho p\u0159\u00edli\u0161 neuk\u00e1zali. Ji\u017e na 3:0 zvy\u0161oval v&nbsp;63. min. op\u011bt St\u0159\u00edbn\u00fd, kone\u010dnou podobu v\u00fdsledku dal dom\u00e1c\u00ed \u0160aran, kter\u00fd se trefil z&nbsp;ojedin\u011bl\u00e9 \u0161ance dom\u00e1c\u00edch.<\/span><\/p>\n<p style=\"text-align: justify;\"><span style=\"font-family: helvetica, arial, sans-serif; font-size: 12pt;\">Na\u0161i borci si tak p\u0159ipsali, pokud nepo\u010d\u00edt\u00e1me \u00favodn\u00ed anulovan\u00e9 v\u00edt\u011bzstv\u00ed ve Fulneku, prvn\u00ed jarn\u00ed v\u00fdhru. Nutno \u0159\u00edci, \u017ee zcela zaslou\u017een\u011b po dobr\u00e9m v\u00fdkonu!<\/span><\/p>\n<p style=\"text-align: justify;\"><span style=\"font-family: helvetica, arial, sans-serif; font-size: 12pt;\"><strong>Div\u00e1ci:<\/strong> 138<\/span><\/p>\n<p style=\"text-align: justify;\"><span style=\"font-family: helvetica, arial, sans-serif; font-size: 12pt;\"><strong>Branky:<\/strong> 71. \u0160aran Rudolf&nbsp;&#8211;&nbsp;25. Schlischka Martin, 43., 63. St\u0159\u00edbn\u00fd Martin<\/span><\/p>\n<p style=\"text-align: justify;\"><span style=\"font-family: helvetica, arial, sans-serif; font-size: 12pt;\"><strong>Rozhod\u010d\u00ed:<\/strong> Kret Martin &#8211; Levinger Milan, Ochodek Ji\u0159\u00ed. Deleg\u00e1t: Kontor\u0161ikov Maxim.<\/span><\/p>\n<p style=\"text-align: justify;\"><span style=\"font-family: helvetica, arial, sans-serif; font-size: 12pt;\"><strong>Sestava:<\/strong>&nbsp;\u0160tencel \u2013 \u0160evior, Wirth Robin, Buchta, Wirth Ren\u00e9, St\u0159\u00edbn\u00fd M. (81. Stuchl\u00edk O.) Kr\u00e1l, Kubn\u00fd, Ka\u0161n\u00fd, Rother, Kraut (17. Schlischka M., 86. Harazim I.)<\/span><\/p>\n<p style=\"text-align: justify;\"><span style=\"font-family: helvetica, arial, sans-serif; font-size: 12pt;\"><strong>&nbsp;<\/strong><\/span><\/p>\n<p style=\"text-align: justify;\"><span style=\"font-family: helvetica, arial, sans-serif; font-size: 12pt;\"><strong>Strahovice B \u2013 B mu\u017ei&nbsp; 1:3&nbsp; (0:1)<\/strong><\/span><\/p>\n<p style=\"text-align: justify;\"><span style=\"font-family: helvetica, arial, sans-serif; font-size: 12pt;\"><strong>Div\u00e1ci:<\/strong> 84<\/span><\/p>\n<p style=\"text-align: justify;\"><span style=\"font-family: helvetica, arial, sans-serif; font-size: 12pt;\"><strong>Branky:<\/strong> &nbsp;66. Hahn Robin (vl.)&nbsp;&#8211;&nbsp;19., 84. Rycka Luk\u00e1\u0161, 90. N\u00e1vrat Jan (pen.)<\/span><\/p>\n<p style=\"text-align: justify;\"><span style=\"font-family: helvetica, arial, sans-serif; font-size: 12pt;\"><strong>Sestava:<\/strong>&nbsp;Schlischka P., Kubn\u00fd, Latka, N\u00e1vrat, Kolar\u010d\u00edk, Hartmann, Jur\u010dek, Hahn, Rycka, Halfar, Kone\u010dn\u00fd<\/span><\/p>\n<p style=\"text-align: justify;\"><span style=\"font-family: helvetica, arial, sans-serif; font-size: 12pt;\"><strong>N\u00e1hradn\u00edci<\/strong>: Urbi\u0161, V\u00e1clav\u00edk, Moravec, Vit\u00e1sek<\/span><\/p>\n<p style=\"text-align: justify;\">&nbsp;<\/p>\n<p style=\"text-align: justify;\"><span style=\"font-family: helvetica, arial, sans-serif; font-size: 12pt;\"><strong>Horn\u00ed Such\u00e1 \u2013 St. dorost&nbsp; 4:1&nbsp; (1:0)<\/strong><\/span><\/p>\n<p style=\"text-align: justify;\"><span style=\"font-family: helvetica, arial, sans-serif; font-size: 12pt;\"><strong>Branky:<\/strong> 25. Dabrowski Artur, 58. Malina Borek, 89. Hudec Matou\u0161, 90. St\u0159ibn\u00fd Vojt\u011bch (vl.)&nbsp;&#8211;&nbsp;83. Stuchl\u00edk Ond\u0159ej<\/span><\/p>\n<p style=\"text-align: justify;\"><span style=\"font-family: helvetica, arial, sans-serif; font-size: 12pt;\"><strong>Sestava: <\/strong>Hartmann O.<strong>, <\/strong>Biel\u00e1k, Li\u0161ka (46. Hant\u00e1k), St\u0159\u00edbn\u00fd V., Breksa, Stuchl\u00edk O., Birtek, Kubn\u00fd (46. Kretek), Harazim (56. V\u00e1clav\u00edk D.), Voln\u00fd (69. Pa\u0161ek), Stuchl\u00edk D. (76. Halfar)<\/span><span style=\"font-family: helvetica, arial, sans-serif; font-size: 12pt;\"><strong>&nbsp;<\/strong><\/span><\/p>\n<p style=\"text-align: justify;\"><span style=\"font-family: helvetica, arial, sans-serif; font-size: 12pt;\"><strong>Horn\u00ed Such\u00e1 \u2013 Ml. dorost&nbsp; 2:5&nbsp; (2:1)<\/strong><\/span><\/p>\n<p style=\"text-align: justify;\"><span style=\"font-family: helvetica, arial, sans-serif; font-size: 12pt;\"><strong>Branky:<\/strong> 6. Kapera Ond\u0159ej, 39. Klva\u010dek Jan&nbsp;&#8211;&nbsp;29., 61. V\u00e1clav\u00edk Adam, 47. Besta Ond\u0159ej, 70. Breksa Tobias, 79. Slanina Maxmili\u00e1n<\/span><\/p>\n<p style=\"text-align: justify;\"><span style=\"font-family: helvetica, arial, sans-serif; font-size: 12pt;\"><strong>Sestava: <\/strong>Pavlovi\u010d, Hartmann O., Hant\u00e1k , Cziepl\u00fd , St\u0159\u00edbn\u00fd , Pa\u0161ek , Besta , Grigar\u010d\u00edk , V\u00e1clav\u00edk , Stuchl\u00edk , Kubn\u00fd<\/span><\/p>\n<p style=\"text-align: justify;\"><span style=\"font-family: helvetica, arial, sans-serif; font-size: 12pt;\"><strong>N\u00e1hradn\u00edci<\/strong>: Poni\u0161t, Birtek, Halfar, Voln\u00fd, Biel\u00e1k, Slanina, Breksa<\/span><\/p>\n<p style=\"text-align: justify;\"><span style=\"font-family: helvetica, arial, sans-serif; font-size: 12pt;\"><strong>&nbsp;<\/strong><\/span><\/p>\n<p style=\"text-align: justify;\"><span style=\"font-family: helvetica, arial, sans-serif; font-size: 12pt;\">Ned\u011ble 24. dubna 2022<\/span><\/p>\n<p style=\"text-align: justify;\"><span style=\"font-family: helvetica, arial, sans-serif; font-size: 12pt;\"><strong>Bohuslavice \u2013 Ml. \u017e\u00e1ci&nbsp; 4:3&nbsp; (3:1)<\/strong><\/span><\/p>\n<p style=\"text-align: justify;\"><span style=\"font-family: helvetica, arial, sans-serif; font-size: 12pt;\"><strong>Branky: <\/strong>8., 29. Kraj\u00ed\u010dek Jan, 15., 45. Vit\u00e1sek Jakub&nbsp;&#8211;&nbsp;24., 33. B\u0159emek Viktor, 55. Kamr\u00e1d Tobias<\/span><\/p>\n<p style=\"text-align: justify;\"><span style=\"font-family: helvetica, arial, sans-serif; font-size: 12pt;\"><strong>Sestava: <\/strong>\u0158emelka, St\u0159\u00edbn\u00fd V., Laburda, \u010cern\u00fd, Pla\u010dek, B\u0159emek, Kamr\u00e1d, Herudek, Schweidler, Litzka, Sedl\u00e1\u010dek, Herich, Hanzl\u00edk, Kretek, Kry\u0161tof, Kolod\u011bj, Pavlovi\u010d<\/span><\/p>\n","protected":false},"excerpt":{"rendered":"<p>Sobota 23. dubna 2022 TJ Tatran Jakub\u010dovice &#8211; A mu\u017ei &nbsp;&nbsp;1:3&nbsp; (0:2) Velmi kvalitn\u00ed v\u00fdkon podali o v\u00edkendu na\u0161i fotbalist\u00e9 v&nbsp;Jakub\u010dovic\u00edch. I p\u0159esto, \u017ee n\u00e1m chyb\u011blo<span class=\"excerpt-hellip\"> [\u2026]<\/span><\/p>\n","protected":false},"author":3,"featured_media":7309,"comment_status":"closed","ping_status":"open","sticky":false,"template":"","format":"standard","meta":{"ngg_post_thumbnail":0,"footnotes":""},"categories":[115,112,110,107,117],"tags":[],"class_list":["post-7382","post","type-post","status-publish","format-standard","has-post-thumbnail","hentry","category-a-tym","category-b-tym","category-dorost","category-fotbal","category-mladsi-zaci"],"_links":{"self":[{"href":"https:\/\/tjsokolkoberice.cz\/index.php?rest_route=\/wp\/v2\/posts\/7382","targetHints":{"allow":["GET"]}}],"collection":[{"href":"https:\/\/tjsokolkoberice.cz\/index.php?rest_route=\/wp\/v2\/posts"}],"about":[{"href":"https:\/\/tjsokolkoberice.cz\/index.php?rest_route=\/wp\/v2\/types\/post"}],"author":[{"embeddable":true,"href":"https:\/\/tjsokolkoberice.cz\/index.php?rest_route=\/wp\/v2\/users\/3"}],"replies":[{"embeddable":true,"href":"https:\/\/tjsokolkoberice.cz\/index.php?rest_route=%2Fwp%2Fv2%2Fcomments&post=7382"}],"version-history":[{"count":1,"href":"https:\/\/tjsokolkoberice.cz\/index.php?rest_route=\/wp\/v2\/posts\/7382\/revisions"}],"predecessor-version":[{"id":7383,"href":"https:\/\/tjsokolkoberice.cz\/index.php?rest_route=\/wp\/v2\/posts\/7382\/revisions\/7383"}],"wp:featuredmedia":[{"embeddable":true,"href":"https:\/\/tjsokolkoberice.cz\/index.php?rest_route=\/wp\/v2\/media\/7309"}],"wp:attachment":[{"href":"https:\/\/tjsokolkoberice.cz\/index.php?rest_route=%2Fwp%2Fv2%2Fmedia&parent=7382"}],"wp:term":[{"taxonomy":"category","embeddable":true,"href":"https:\/\/tjsokolkoberice.cz\/index.php?rest_route=%2Fwp%2Fv2%2Fcategories&post=7382"},{"taxonomy":"post_tag","embeddable":true,"href":"https:\/\/tjsokolkoberice.cz\/index.php?rest_route=%2Fwp%2Fv2%2Ftags&post=7382"}],"curies":[{"name":"wp","href":"https:\/\/api.w.org\/{rel}","templated":true}]}}