{"id":7403,"date":"2022-05-11T11:43:21","date_gmt":"2022-05-11T10:43:21","guid":{"rendered":"https:\/\/tjsokolkoberice.cz\/?p=7403"},"modified":"2025-10-14T11:49:35","modified_gmt":"2025-10-14T10:49:35","slug":"vysledky-nasich-muzstev-10","status":"publish","type":"post","link":"https:\/\/tjsokolkoberice.cz\/?p=7403","title":{"rendered":"V\u00fdsledky na\u0161ich mu\u017estev"},"content":{"rendered":"<p style=\"text-align: justify;\"><span style=\"font-size: 12pt; font-family: helvetica, arial, sans-serif;\">Ned\u011ble 8. kv\u011btna 2022<\/span><\/p>\n<p style=\"text-align: justify;\"><span style=\"font-size: 12pt; font-family: helvetica, arial, sans-serif;\"><strong>A mu\u017ei \u2013 SK Beskyd \u010celadn\u00e1&nbsp; 5:0&nbsp; (4:0) <\/strong><\/span><\/p>\n<p style=\"text-align: justify;\"><span style=\"font-size: 12pt; font-family: helvetica, arial, sans-serif;\">V&nbsp;jednozna\u010dnou z\u00e1le\u017eitost se prom\u011bnilo utk\u00e1n\u00ed 23. kola KP mu\u017e\u016f mezi favoritem z&nbsp;Kobe\u0159ic a posledn\u00edm celkem z&nbsp;\u010celadn\u00e9. O osudu utk\u00e1n\u00ed bylo rozhodnuto ji\u017e v&nbsp;17. min, kdy\u017e na ukazateli sk\u00f3re sv\u00edtil stav 3:0. Nejprve se v&nbsp;5. minut\u011b po faulu na St\u0159\u00edbn\u00e9ho trefil z&nbsp;penalty Kubn\u00fd, aby hned po rozehr\u00e1vce p\u0159idal dal\u0161\u00ed branku. V&nbsp;17. min. se trefil Ondra Stuchl\u00edk a host\u00e9 byli zral\u00ed na ru\u010dn\u00edk. Pot\u00e9 tempo opadlo, dom\u00e1c\u00ed v\u0161ak m\u011bli je\u0161t\u011b n\u011bkolik velk\u00fdch \u0161anc\u00ed, ujala se v\u0161ak pouze kr\u00e1sn\u00e1 st\u0159ela Kubn\u00e9ho ze 39. min..<\/span><\/p>\n<p style=\"text-align: justify;\"><span style=\"font-size: 12pt; font-family: helvetica, arial, sans-serif;\">Druh\u00fd polo\u010das za\u010dal velikou \u0161anc\u00ed host\u016f, kdy\u017e jeden z&nbsp;jejich hr\u00e1\u010d\u016f b\u011b\u017eel s\u00e1m na g\u00f3lmana \u0160tencela. Ten vyt\u00e1hl skv\u011bl\u00fd z\u00e1krok a uh\u00e1jil \u010dist\u00e9 konto. Pot\u00e9 se hr\u00e1l vcelku nudn\u00fd fotbal bez velk\u00fdch \u0161anc\u00ed. Bylo zn\u00e1t, \u017ee dom\u00e1c\u00ed hodn\u011b polevili a utk\u00e1n\u00ed se prakticky jen dohr\u00e1valo. Pozitivem bylo, \u017ee mohli dom\u00e1c\u00ed poslat na h\u0159i\u0161t\u011b n\u011bkolik dorostenc\u016f, kte\u0159\u00ed si tak vyzkou\u0161eli, jak chutn\u00e1 mu\u017esk\u00fd fotbal. T\u011bsn\u011b p\u0159ed koncem se je\u0161t\u011b trefil po p\u011bkn\u00e9 akci \u0160ime\u010dek a uzav\u0159el tak sk\u00f3re na kone\u010dn\u00fdch 5:0.<\/span><\/p>\n<p style=\"text-align: justify;\"><span style=\"font-size: 12pt; font-family: helvetica, arial, sans-serif;\"><strong>Div\u00e1ci:<\/strong> 185<\/span><\/p>\n<p style=\"text-align: justify;\"><span style=\"font-size: 12pt; font-family: helvetica, arial, sans-serif;\"><strong>Branky:<\/strong> 5. (pen), 6., 39. Kubn\u00fd Anton\u00edn, 17. Stuchl\u00edk Ond\u0159ej, 86. \u0160ime\u010dek Adam<\/span><\/p>\n<p style=\"text-align: justify;\"><span style=\"font-size: 12pt; font-family: helvetica, arial, sans-serif;\"><strong>Rozhod\u010d\u00ed:<\/strong> Slan\u00fd Jan &#8211; Kret Martin, Petro\u0161 Radim.<\/span><\/p>\n<p style=\"text-align: justify;\"><span style=\"font-size: 12pt; font-family: helvetica, arial, sans-serif;\"><strong>Sestava:<\/strong>&nbsp;\u0160tencel (73. Hartmann O.) \u2013 Schlischka M., Wirth Robin, Wirth Ren\u00e9, Stuchl\u00edk P. (73. Voln\u00fd), Kr\u00e1l, Ka\u0161n\u00fd, Kubn\u00fd, Kry\u0161tof (60. Rother), St\u0159\u00edbn\u00fd M. (46. \u0160ime\u010dek), Stuchl\u00edk O. (69. Breksa)<\/span><\/p>\n<hr>\n<p style=\"text-align: justify;\"><span style=\"font-size: 12pt; font-family: helvetica, arial, sans-serif;\">Sobota 7. kv\u011btna 2022<strong>&nbsp;<\/strong><\/span><\/p>\n<p style=\"text-align: justify;\"><span style=\"font-size: 12pt; font-family: helvetica, arial, sans-serif;\"><strong>B mu\u017ei&nbsp; &#8211; Doln\u00ed Bene\u0161ov B&nbsp;&nbsp; 5:1&nbsp; (1:1)<\/strong><\/span><\/p>\n<p style=\"text-align: justify;\"><span style=\"font-size: 12pt; font-family: helvetica, arial, sans-serif;\"><strong>Div\u00e1ci:<\/strong> 45<\/span><\/p>\n<p style=\"text-align: justify;\"><span style=\"font-size: 12pt; font-family: helvetica, arial, sans-serif;\"><strong>Branky:<\/strong> &nbsp;40., 43., 50. Hartmann Adam, 46., 73. Jur\u010dek Luk\u00e1\u0161&nbsp;&#8211;&nbsp;37. St\u0159\u00edbn\u00fd Luk\u00e1\u0161<\/span><\/p>\n<p style=\"text-align: justify;\"><span style=\"font-size: 12pt; font-family: helvetica, arial, sans-serif;\"><strong>Sestava:<\/strong>&nbsp;Schlischka P., Hartmann A., Jan\u00edk L., Kubn\u00fd, Latka, Jur\u010dek, Hahn, Ullrich, Be\u010dica, Kolar\u010d\u00edk, Rother<\/span><\/p>\n<p style=\"text-align: justify;\"><span style=\"font-size: 12pt; font-family: helvetica, arial, sans-serif;\"><strong>N\u00e1hradn\u00edci<\/strong>: N\u00e1hl\u00edk, V\u00e1clav\u00edk, Kaspar, Jur\u010dek, \u0160van\u010dar<\/span><\/p>\n\n\n<p><\/p>\n","protected":false},"excerpt":{"rendered":"<p>Ned\u011ble 8. kv\u011btna 2022 A mu\u017ei \u2013 SK Beskyd \u010celadn\u00e1&nbsp; 5:0&nbsp; (4:0) V&nbsp;jednozna\u010dnou z\u00e1le\u017eitost se prom\u011bnilo utk\u00e1n\u00ed 23. kola KP mu\u017e\u016f mezi favoritem z&nbsp;Kobe\u0159ic a posledn\u00edm<span class=\"excerpt-hellip\"> [\u2026]<\/span><\/p>\n","protected":false},"author":3,"featured_media":3370,"comment_status":"closed","ping_status":"open","sticky":false,"template":"","format":"standard","meta":{"ngg_post_thumbnail":0,"footnotes":""},"categories":[115,112,107],"tags":[],"class_list":["post-7403","post","type-post","status-publish","format-standard","has-post-thumbnail","hentry","category-a-tym","category-b-tym","category-fotbal"],"_links":{"self":[{"href":"https:\/\/tjsokolkoberice.cz\/index.php?rest_route=\/wp\/v2\/posts\/7403","targetHints":{"allow":["GET"]}}],"collection":[{"href":"https:\/\/tjsokolkoberice.cz\/index.php?rest_route=\/wp\/v2\/posts"}],"about":[{"href":"https:\/\/tjsokolkoberice.cz\/index.php?rest_route=\/wp\/v2\/types\/post"}],"author":[{"embeddable":true,"href":"https:\/\/tjsokolkoberice.cz\/index.php?rest_route=\/wp\/v2\/users\/3"}],"replies":[{"embeddable":true,"href":"https:\/\/tjsokolkoberice.cz\/index.php?rest_route=%2Fwp%2Fv2%2Fcomments&post=7403"}],"version-history":[{"count":1,"href":"https:\/\/tjsokolkoberice.cz\/index.php?rest_route=\/wp\/v2\/posts\/7403\/revisions"}],"predecessor-version":[{"id":7404,"href":"https:\/\/tjsokolkoberice.cz\/index.php?rest_route=\/wp\/v2\/posts\/7403\/revisions\/7404"}],"wp:featuredmedia":[{"embeddable":true,"href":"https:\/\/tjsokolkoberice.cz\/index.php?rest_route=\/wp\/v2\/media\/3370"}],"wp:attachment":[{"href":"https:\/\/tjsokolkoberice.cz\/index.php?rest_route=%2Fwp%2Fv2%2Fmedia&parent=7403"}],"wp:term":[{"taxonomy":"category","embeddable":true,"href":"https:\/\/tjsokolkoberice.cz\/index.php?rest_route=%2Fwp%2Fv2%2Fcategories&post=7403"},{"taxonomy":"post_tag","embeddable":true,"href":"https:\/\/tjsokolkoberice.cz\/index.php?rest_route=%2Fwp%2Fv2%2Ftags&post=7403"}],"curies":[{"name":"wp","href":"https:\/\/api.w.org\/{rel}","templated":true}]}}