{"id":7492,"date":"2022-08-05T10:08:33","date_gmt":"2022-08-05T09:08:33","guid":{"rendered":"https:\/\/tjsokolkoberice.cz\/?p=7492"},"modified":"2025-10-14T11:49:21","modified_gmt":"2025-10-14T10:49:21","slug":"7492","status":"publish","type":"post","link":"https:\/\/tjsokolkoberice.cz\/?p=7492","title":{"rendered":"O v\u00edkendu startuje nov\u00e1 fotbalov\u00e1 sez\u00f3na"},"content":{"rendered":"<p style=\"text-align: justify;\"><span style=\"font-size: 14pt; font-family: helvetica, arial, sans-serif;\"><strong><u>O v\u00edkendu startuje nov\u00e1 fotbalov\u00e1 sez\u00f3na<\/u><\/strong><\/span><\/p>\n<p style=\"text-align: justify;\"><span style=\"font-size: 12pt; font-family: helvetica, arial, sans-serif;\">O nadch\u00e1zej\u00edc\u00edm v\u00edkendu startuje nov\u00fd sout\u011b\u017en\u00ed ro\u010dn\u00edk SATUM krajsk\u00e9ho p\u0159eboru mu\u017e\u016f. Oproti minul\u00e9 sez\u00f3n\u011b do\u0161lo k&nbsp;velk\u00e9 obm\u011bn\u011b startuj\u00edc\u00edch t\u00fdm\u016f. Postupiv\u0161\u00ed do divize, Krnov, B\u0159idli\u010dnou a Hlubinu, nahradily Bolatice, V\u0159esina a \u0158epi\u0161t\u011b. Z&nbsp;divize sestoupily He\u0159manice, nov\u011b p\u0159ibyl tak\u00e9 Doln\u00ed Bene\u0161ov a Vratimov. Posledn\u00ed dv\u011b jmenovan\u00e1 mu\u017estva je\u0161t\u011b v&nbsp;lo\u0148sk\u00e9 sez\u00f3n\u011b kopala 3. ligu. Doln\u00ed Bene\u0161ov se v\u0161ak po polovin\u011b sez\u00f3ny odhl\u00e1sil, Vratimov po konci sout\u011b\u017ee p\u0159enechal licenci na 3. ligu V\u00edtkovic\u00edm. Vzhledem k&nbsp;tomu, \u017ee se v&nbsp;sout\u011b\u017ei potk\u00e1me s&nbsp;Bolaticemi, Bene\u0161ovem, Old\u0159i\u0161ovem, Pustou Polom\u00ed a H\u00e1jem, n\u00e1s \u010dek\u00e1 zaj\u00edmav\u00e1 konfrontace v&nbsp;r\u00e1mci okresu Opava, co\u017e bude jist\u011b zaj\u00edmav\u00e9 hlavn\u011b pro fanou\u0161ky! P\u0159eci jenom derby s&nbsp;Bolaticemi nebo s&nbsp;Doln\u00edm Bene\u0161ovem \u010di Old\u0159i\u0161ovem budou m\u00edt pat\u0159i\u010dn\u00e9 \u201egr\u00e1dy\u201c!<\/span><\/p>\n<p style=\"text-align: justify;\"><span style=\"font-size: 12pt; font-family: helvetica, arial, sans-serif;\">Na\u0161im \u00favodn\u00edm soupe\u0159em je nov\u00e1\u010dek z&nbsp;Vratimova. Utk\u00e1n\u00ed se odehraje v&nbsp;<strong>sobotu 6. srpna od 17 hod<\/strong>. na h\u0159i\u0161ti soupe\u0159e. Odjez autobusu bude v&nbsp;15 hod. od h\u0159i\u0161t\u011b. Na\u0161i borci po minul\u00e9 \u00fasp\u011b\u0161n\u00e9 sez\u00f3n\u011b, kdy skon\u010dili na kone\u010dn\u00e9m solidn\u00edm 5. m\u00edst\u011b, budou cht\u00edt jist\u011b na tuto povedenou sez\u00f3nu nav\u00e1zat. K\u00e1dr se prakticky nezm\u011bnil. Skon\u010dil pouze Jan Kr\u00e1l, kter\u00fd se vr\u00e1til do Slavkova. Touto cestou bychom mu za jeho slu\u017eby r\u00e1di pod\u011bkovali a pop\u0159\u00e1li mu hodn\u011b \u0161t\u011bst\u00ed a zdrav\u00ed v&nbsp;dal\u0161\u00ed kari\u00e9\u0159e.<\/span><\/p>\n<p style=\"text-align: justify;\"><span style=\"font-size: 12pt; font-family: helvetica, arial, sans-serif;\">Nov\u00fdmi tv\u00e1\u0159emi jsou pak navr\u00e1tilci z&nbsp;Opavy \u0160t\u011bp\u00e1n St\u0159\u00edbn\u00fd a Alan Sotorn\u00edk, kter\u00fd bude je\u0161t\u011b vypom\u00e1hat dorostu, a navr\u00e1tilec z&nbsp;dorostu &nbsp;Ban\u00edku Luk\u00e1\u0161 Kolek. V\u0161em nov\u00fdm hr\u00e1\u010d\u016fm, ale i t\u011bm st\u00e1vaj\u00edc\u00edm, p\u0159ejeme hodn\u011b \u00fasp\u011bch\u016f a pevn\u00e9 zdrav\u00ed v&nbsp;nadch\u00e1zej\u00edc\u00edm ro\u010dn\u00edku. Zran\u011bn\u00e9mu Martinovi St\u0159\u00edbn\u00e9mu p\u0159ejeme co nejrychlej\u0161\u00ed zotaven\u00ed po poran\u011bn\u00ed kolene a brzk\u00fd n\u00e1vrat na tr\u00e1vn\u00edk.<\/span><\/p>\n<p style=\"text-align: justify;\"><span style=\"font-size: 12pt; font-family: helvetica, arial, sans-serif;\">Prvn\u00ed dom\u00e1c\u00ed utk\u00e1n\u00ed odehraj\u00ed na\u0161i hr\u00e1\u010di p\u0159\u00ed\u0161t\u00ed <strong>sobotu 13. srpna od 17 hod. proti Doln\u00ed Datyni.<\/strong> Term\u00edn utk\u00e1n\u00ed je p\u0159esunut z&nbsp;ned\u011ble vlivem Odpustu, kter\u00fd se p\u0159\u00ed\u0161t\u00ed v\u00edkend uskute\u010dn\u00ed na na\u0161em h\u0159i\u0161ti.<\/span><\/p>\n<p style=\"text-align: justify;\"><span style=\"font-size: 12pt; font-family: helvetica, arial, sans-serif;\">Na z\u00e1v\u011br dovolte pop\u0159\u00e1t v\u0161em fanou\u0161k\u016fm kr\u00e1snou pod\u00edvanou v&nbsp;nadch\u00e1zej\u00edc\u00ed sez\u00f3n\u011b, aby m\u011bli co nejv\u00edce p\u0159\u00edle\u017eitost\u00ed si u\u017e\u00edt kobe\u0159ick\u00fd fotbal a za\u017e\u00edvat co nev\u00edce v\u00edt\u011bzn\u00fdch utk\u00e1n\u00ed! Na\u0161im hr\u00e1\u010d\u016fm pak p\u0159ejeme pevn\u00e9 zdrav\u00ed, \u0161t\u011bst\u00ed a \u00fasp\u011bch v&nbsp;nadch\u00e1zej\u00edc\u00ed fotbalov\u00e9 sez\u00f3n\u011b!<\/span><\/p>\n<p style=\"text-align: justify;\"><span style=\"font-size: 12pt; font-family: helvetica, arial, sans-serif;\"><strong><u>Aktu\u00e1ln\u00ed soupiska A mu\u017estva<\/u><\/strong><\/span><\/p>\n<p style=\"text-align: justify;\"><span style=\"font-size: 12pt; font-family: helvetica, arial, sans-serif;\"><strong>Brank\u00e1\u0159i: <\/strong>\u0160tencel Petr, Hartmann Oliver<\/span><\/p>\n<p style=\"text-align: justify;\"><span style=\"font-size: 12pt; font-family: helvetica, arial, sans-serif;\"><strong>Obr\u00e1nci: <\/strong>Kolek Filip, Schlischka Martin, Ve\u010derek Ond\u0159ej, \u0160evior Pavel, Buchta Jan, Wirth Ren\u00e9, Kolek Luk\u00e1\u0161, Sotorn\u00edk Alan, Biel\u00e1k Theodor<\/span><\/p>\n<p style=\"text-align: justify;\"><span style=\"font-size: 12pt; font-family: helvetica, arial, sans-serif;\"><strong>Z\u00e1lo\u017en\u00edci:<\/strong> Rother Filip, Kry\u0161tof Zden\u011bk, Stuchl\u00edk Petr, St\u0159\u00edbn\u00fd \u0160t\u011bp\u00e1n, Kubn\u00fd Anton\u00edn, Ka\u0161n\u00fd Petr, Breksa Tobias, Wirth Robin<\/span><\/p>\n<p style=\"text-align: justify;\"><span style=\"font-size: 12pt; font-family: helvetica, arial, sans-serif;\"><strong>\u00dato\u010dn\u00edci:<\/strong> \u0160ime\u010dek Adam, Kraut Dominik, St\u0159\u00edbn\u00fd Martin, Stuchl\u00edk Ond\u0159ej<\/span><\/p>\n<p style=\"text-align: justify;\"><span style=\"font-size: 12pt; font-family: helvetica, arial, sans-serif;\"><strong>Tren\u00e9r:<\/strong> Christoph Du\u0161an, <strong>vedouc\u00ed<\/strong>: \u010cujek Jan<\/span><\/p>\n\n\n<p><\/p>\n","protected":false},"excerpt":{"rendered":"<p>O v\u00edkendu startuje nov\u00e1 fotbalov\u00e1 sez\u00f3na O nadch\u00e1zej\u00edc\u00edm v\u00edkendu startuje nov\u00fd sout\u011b\u017en\u00ed ro\u010dn\u00edk SATUM krajsk\u00e9ho p\u0159eboru mu\u017e\u016f. Oproti minul\u00e9 sez\u00f3n\u011b do\u0161lo k&nbsp;velk\u00e9 obm\u011bn\u011b startuj\u00edc\u00edch t\u00fdm\u016f. Postupiv\u0161\u00ed<span class=\"excerpt-hellip\"> [\u2026]<\/span><\/p>\n","protected":false},"author":3,"featured_media":1883,"comment_status":"closed","ping_status":"open","sticky":false,"template":"","format":"standard","meta":{"ngg_post_thumbnail":0,"footnotes":""},"categories":[115,107],"tags":[],"class_list":["post-7492","post","type-post","status-publish","format-standard","has-post-thumbnail","hentry","category-a-tym","category-fotbal"],"_links":{"self":[{"href":"https:\/\/tjsokolkoberice.cz\/index.php?rest_route=\/wp\/v2\/posts\/7492","targetHints":{"allow":["GET"]}}],"collection":[{"href":"https:\/\/tjsokolkoberice.cz\/index.php?rest_route=\/wp\/v2\/posts"}],"about":[{"href":"https:\/\/tjsokolkoberice.cz\/index.php?rest_route=\/wp\/v2\/types\/post"}],"author":[{"embeddable":true,"href":"https:\/\/tjsokolkoberice.cz\/index.php?rest_route=\/wp\/v2\/users\/3"}],"replies":[{"embeddable":true,"href":"https:\/\/tjsokolkoberice.cz\/index.php?rest_route=%2Fwp%2Fv2%2Fcomments&post=7492"}],"version-history":[{"count":2,"href":"https:\/\/tjsokolkoberice.cz\/index.php?rest_route=\/wp\/v2\/posts\/7492\/revisions"}],"predecessor-version":[{"id":7494,"href":"https:\/\/tjsokolkoberice.cz\/index.php?rest_route=\/wp\/v2\/posts\/7492\/revisions\/7494"}],"wp:featuredmedia":[{"embeddable":true,"href":"https:\/\/tjsokolkoberice.cz\/index.php?rest_route=\/wp\/v2\/media\/1883"}],"wp:attachment":[{"href":"https:\/\/tjsokolkoberice.cz\/index.php?rest_route=%2Fwp%2Fv2%2Fmedia&parent=7492"}],"wp:term":[{"taxonomy":"category","embeddable":true,"href":"https:\/\/tjsokolkoberice.cz\/index.php?rest_route=%2Fwp%2Fv2%2Fcategories&post=7492"},{"taxonomy":"post_tag","embeddable":true,"href":"https:\/\/tjsokolkoberice.cz\/index.php?rest_route=%2Fwp%2Fv2%2Ftags&post=7492"}],"curies":[{"name":"wp","href":"https:\/\/api.w.org\/{rel}","templated":true}]}}