{"id":7496,"date":"2022-08-13T09:37:50","date_gmt":"2022-08-13T08:37:50","guid":{"rendered":"https:\/\/tjsokolkoberice.cz\/?p=7496"},"modified":"2025-10-14T11:49:21","modified_gmt":"2025-10-14T10:49:21","slug":"koberice-na-uvod-prohraly-ve-vratimove","status":"publish","type":"post","link":"https:\/\/tjsokolkoberice.cz\/?p=7496","title":{"rendered":"Kobe\u0159ice na \u00favod prohr\u00e1ly ve Vratimov\u011b"},"content":{"rendered":"<p style=\"text-align: justify;\"><span style=\"font-family: helvetica, arial, sans-serif; font-size: 14pt;\"><strong><u>Kobe\u0159ice na \u00favod prohr\u00e1ly ve Vratimov\u011b<\/u><\/strong><\/span><\/p>\n<p style=\"text-align: justify;\"><span style=\"font-family: helvetica, arial, sans-serif; font-size: 12pt;\"><strong>Sobota 6.8.2022<\/strong><\/span><\/p>\n<p style=\"text-align: justify;\"><span style=\"font-family: helvetica, arial, sans-serif; font-size: 12pt;\"><strong>FC Vratimov &#8211; A mu\u017ei&nbsp; 2:1 (2:1)<\/strong><\/span><\/p>\n<p style=\"text-align: justify;\"><span style=\"font-family: helvetica, arial, sans-serif; font-size: 12pt;\">\u00davodn\u00ed utk\u00e1n\u00ed nov\u00e9 sez\u00f3ny zavedl los na\u0161e fotbalisty na p\u016fdu nov\u00e1\u010dka z Vratimova, kter\u00fd je\u0161t\u011b v lo\u0148sk\u00e9 sez\u00f3n\u011b hr\u00e1l MSFL, tedy 3. nejvy\u0161\u0161\u00ed sout\u011b\u017e. V sou\u010dasn\u00e9m k\u00e1dru figuruje i n\u011bkolik fotbalist\u016f, kte\u0159\u00ed je\u0161t\u011b na ja\u0159e hr\u00e1li 3. ligu, proto se jednalo o velmi kvalitn\u00edho protivn\u00edka.<\/span><\/p>\n<p style=\"text-align: justify;\">&nbsp;<\/p>\n<p style=\"text-align: justify;\"><span style=\"font-family: helvetica, arial, sans-serif; font-size: 12pt;\">V prvn\u00edm polo\u010dase se hr\u00e1l velmi svi\u017en\u00fd a pohledn\u00fd fotbal s&nbsp;\u0161ancemi na obou stran\u00e1ch. Hned v&nbsp;\u00favodu zahodil tutovku dom\u00e1c\u00ed hr\u00e1\u010d, o chv\u00edli pozd\u011bji se prezentoval nebezpe\u010dnou st\u0159elou n\u00e1\u0161 Tonda Kubn\u00fd. Na\u0161i hr\u00e1\u010di byli lep\u0161\u00ed v&nbsp;mezih\u0159e, dr\u017eeli balon a pou\u0161t\u011bli se do nebezpe\u010dn\u00fdch kontr\u016f. Dom\u00e1c\u00ed naopak t\u011b\u017eili z&nbsp;nakop\u00e1van\u00fdch m\u00ed\u010d\u016f za obranu, kter\u00e9 d\u011blaly na\u0161im zad\u00e1k\u016fm velk\u00e9 probl\u00e9my. Velk\u00fd rozruch p\u0159inesl z\u00e1v\u011br prvn\u00edho polo\u010dasu, kdy nejprve Kobe\u0159ice p\u0159e\u017eily velmi sporn\u011b na\u0159\u00edzen\u00fd pokutov\u00fd kop, kdy perfektn\u00edm z\u00e1krokem podr\u017eel sv\u00e9 mu\u017estvo kapit\u00e1n \u0160tencel. O chv\u00edli pozd\u011bji jsme se ji\u017e radovali z&nbsp;veden\u00ed, kdy se kr\u00e1snou st\u0159elou k&nbsp;ty\u010di trefil Tonda Kubn\u00fd. Bohu\u017eel na\u0161e veden\u00ed m\u011blo jen kr\u00e1tk\u00e9ho trv\u00e1n\u00ed. Nejprve se trefil po chyb\u011b na\u0161\u00ed obrany dom\u00e1c\u00ed Wojatschke, o dal\u0161\u00ed minutu pozd\u011bji \u0161li dom\u00e1c\u00ed do veden\u00ed. V\u0161emu ale p\u0159edch\u00e1zel evidentn\u00ed faul na na\u0161eho hr\u00e1\u010de, rozhod\u010d\u00ed v\u0161ak nechal pokra\u010dovat ve h\u0159e a sn\u00ed\u017eenou koncetraci na\u0161ich br\u00e1nic\u00edch hr\u00e1\u010d\u016f potrestal dom\u00e1c\u00ed Smilowski prom\u011bn\u011bn\u00fdm n\u00e1jezdem.<\/span><\/p>\n<p style=\"text-align: justify;\">&nbsp;<\/p>\n<p style=\"text-align: justify;\"><span style=\"font-family: helvetica, arial, sans-serif; font-size: 12pt;\">Ve druh\u00e9m polo\u010dase se ji\u017e mnoho zaj\u00edmav\u00fdch moment\u016f neud\u00e1lo. Dom\u00e1c\u00ed nepou\u0161t\u011bli hosty p\u0159\u00edli\u0161 do hry, kter\u00e1 byla kouskovan\u00e1. Na\u0161i hr\u00e1\u010di se prakticky nedost\u00e1vali do brankov\u00fdch p\u0159\u00edle\u017eitost\u00ed. Naopak dom\u00e1c\u00ed mohli sv\u00e9 veden\u00ed nav\u00fd\u0161it, ale pro ofsajd jim nebyl uzn\u00e1n g\u00f3l na 3:1. V&nbsp;86. min. se nav\u00edc nechal vylou\u010dit Pavel \u0160evior, a tak m\u00edsto z\u00e1v\u011bre\u010dn\u00e9 snahy o vrovn\u00e1n\u00ed si dom\u00e1c\u00ed z\u00e1v\u011br pohl\u00eddali a p\u0159ipsali si prvn\u00ed body do tabulky KP. Na\u0161i kluci si budou moci spravit chu\u0165 ji\u017e tuto sobotu v&nbsp;dom\u00e1c\u00edm utk\u00e1n\u00ed proti Doln\u00ed Datyni.<\/span><\/p>\n<p style=\"text-align: justify;\"><span style=\"font-family: helvetica, arial, sans-serif; font-size: 12pt;\"><strong>Branky: <\/strong>&nbsp;41. Wojatschke Vojt\u011bch, 42. Smilowski Vojt\u011bch&nbsp;&#8211;&nbsp;39. Kubn\u00fd Anton\u00edn<\/span><\/p>\n<p style=\"text-align: justify;\"><span style=\"font-family: helvetica, arial, sans-serif; font-size: 12pt;\"><strong>Div\u00e1ci:<\/strong> 100<\/span><\/p>\n<p style=\"text-align: justify;\"><span style=\"font-family: helvetica, arial, sans-serif; font-size: 12pt;\"><strong>Rozhod\u010d\u00ed:<\/strong> Vojkovsk\u00fd Michael &#8211; \u010cuba Daniel, Mitura Michal. Deleg\u00e1t: Kub\u00e1nek Ladislav.<\/span><\/p>\n<p style=\"text-align: justify;\"><span style=\"font-family: helvetica, arial, sans-serif; font-size: 12pt;\"><strong>Sestava:<\/strong>&nbsp;\u0160tencel \u2013&nbsp; Kollek L., \u0160evior, Ve\u010derek, Wirth Ren\u00e9, St\u0159\u00edbn\u00fd \u0160., Ka\u0161n\u00fd, Wirth Robin (70. Schlischka M.), Kubn\u00fd, Rother (60. \u0160ime\u010dek), Stuchl\u00edk O.<\/span><\/p>\n<p style=\"text-align: justify;\"><span style=\"font-family: helvetica, arial, sans-serif; font-size: 12pt;\"><strong>Tren\u00e9r <\/strong>&#8211; Du\u0161an Christoph<\/span><\/p>\n","protected":false},"excerpt":{"rendered":"<p>Kobe\u0159ice na \u00favod prohr\u00e1ly ve Vratimov\u011b Sobota 6.8.2022 FC Vratimov &#8211; A mu\u017ei&nbsp; 2:1 (2:1) \u00davodn\u00ed utk\u00e1n\u00ed nov\u00e9 sez\u00f3ny zavedl los na\u0161e fotbalisty na p\u016fdu nov\u00e1\u010dka<span class=\"excerpt-hellip\"> [\u2026]<\/span><\/p>\n","protected":false},"author":3,"featured_media":3787,"comment_status":"closed","ping_status":"open","sticky":false,"template":"","format":"standard","meta":{"ngg_post_thumbnail":0,"footnotes":""},"categories":[115,107],"tags":[],"class_list":["post-7496","post","type-post","status-publish","format-standard","has-post-thumbnail","hentry","category-a-tym","category-fotbal"],"_links":{"self":[{"href":"https:\/\/tjsokolkoberice.cz\/index.php?rest_route=\/wp\/v2\/posts\/7496","targetHints":{"allow":["GET"]}}],"collection":[{"href":"https:\/\/tjsokolkoberice.cz\/index.php?rest_route=\/wp\/v2\/posts"}],"about":[{"href":"https:\/\/tjsokolkoberice.cz\/index.php?rest_route=\/wp\/v2\/types\/post"}],"author":[{"embeddable":true,"href":"https:\/\/tjsokolkoberice.cz\/index.php?rest_route=\/wp\/v2\/users\/3"}],"replies":[{"embeddable":true,"href":"https:\/\/tjsokolkoberice.cz\/index.php?rest_route=%2Fwp%2Fv2%2Fcomments&post=7496"}],"version-history":[{"count":1,"href":"https:\/\/tjsokolkoberice.cz\/index.php?rest_route=\/wp\/v2\/posts\/7496\/revisions"}],"predecessor-version":[{"id":7497,"href":"https:\/\/tjsokolkoberice.cz\/index.php?rest_route=\/wp\/v2\/posts\/7496\/revisions\/7497"}],"wp:featuredmedia":[{"embeddable":true,"href":"https:\/\/tjsokolkoberice.cz\/index.php?rest_route=\/wp\/v2\/media\/3787"}],"wp:attachment":[{"href":"https:\/\/tjsokolkoberice.cz\/index.php?rest_route=%2Fwp%2Fv2%2Fmedia&parent=7496"}],"wp:term":[{"taxonomy":"category","embeddable":true,"href":"https:\/\/tjsokolkoberice.cz\/index.php?rest_route=%2Fwp%2Fv2%2Fcategories&post=7496"},{"taxonomy":"post_tag","embeddable":true,"href":"https:\/\/tjsokolkoberice.cz\/index.php?rest_route=%2Fwp%2Fv2%2Ftags&post=7496"}],"curies":[{"name":"wp","href":"https:\/\/api.w.org\/{rel}","templated":true}]}}