{"id":7568,"date":"2022-10-08T07:39:32","date_gmt":"2022-10-08T06:39:32","guid":{"rendered":"https:\/\/tjsokolkoberice.cz\/?p=7568"},"modified":"2025-10-14T11:49:02","modified_gmt":"2025-10-14T10:49:02","slug":"koberice-plne-behu-se-dockaji-stovky","status":"publish","type":"post","link":"https:\/\/tjsokolkoberice.cz\/?p=7568","title":{"rendered":"Kobe\u0159ice pln\u00e9 b\u011bhu se do\u010dkaj\u00ed stovky"},"content":{"rendered":"<p style=\"text-align: justify;\"><span style=\"font-size: 14pt; font-family: helvetica, arial, sans-serif;\"><strong>Kobe\u0159ice pln\u00e9 b\u011bhu se do\u010dkaj\u00ed stovky<\/strong><\/span><\/p>\n<p style=\"text-align: justify;\"><span style=\"font-size: 12pt; font-family: helvetica, arial, sans-serif;\">Okresn\u00ed noviny uve\u0159ejnily v&nbsp;r. 1982 tuto informaci:<\/span><\/p>\n<p style=\"text-align: justify;\"><span style=\"font-size: 12pt; font-family: helvetica, arial, sans-serif;\">\u201eV&nbsp;ned\u011bli 7. b\u0159ezna 1982 byl odstartov\u00e1n v&nbsp;are\u00e1lu TJ Sokol Kobe\u0159ice 1. ro\u010dn\u00edk Pochodu a b\u011bhu Kobe\u0159ick\u00e1 dvac\u00edtka u p\u0159\u00edle\u017eitosti osvobozen\u00ed obce slavnou Rudou arm\u00e1dou. Organiz\u00e1tory byly spolu s&nbsp;TJ Sokol tak\u00e9 komise pro t\u011blov\u00fdchovu a ml\u00e1de\u017e, M\u00edstn\u00ed v\u00fdbor N\u00e1rodn\u00ed fronty p\u0159i M\u00edstn\u00edm n\u00e1rodn\u00edm v\u00fdboru v&nbsp;Kobe\u0159ic\u00edch\u201c.<\/span><\/p>\n<p style=\"text-align: justify;\"><span style=\"font-size: 12pt; font-family: helvetica, arial, sans-serif;\">A v&nbsp;ned\u011bli 23. \u0159\u00edjna 2022 bude na h\u0159i\u0161ti Sokola odstartov\u00e1n jubilejn\u00ed, st\u00fd z\u00e1vod b\u011b\u017eeck\u00e9ho seri\u00e1lu Kobe\u0159ice pln\u00e9 b\u011bhu.<\/span><\/p>\n<p style=\"text-align: justify;\">&nbsp;<\/p>\n<p style=\"text-align: justify;\"><span style=\"font-size: 12pt; font-family: helvetica, arial, sans-serif;\"><strong>KOBE\u0158ICK\u00c1 DVAC\u00cdTKA<\/strong><\/span><\/p>\n<p style=\"text-align: justify;\"><span style=\"font-size: 12pt; font-family: helvetica, arial, sans-serif;\">Za\u010dalo to Kobe\u0159ickou dvac\u00edtkou. B\u011b\u017eci okolo Emila Ka\u0161n\u00e9ho vybrali trasu, turist\u00e9 se aktivn\u011b chopili cel\u00e9 organizace &nbsp;&#8211; od p\u0159\u00edpravy a\u017e po vyhl\u00e1\u0161en\u00ed v\u00edt\u011bz\u016f a prvn\u00ed ro\u010dn\u00edk se mohl uskute\u010dnit.<\/span><\/p>\n<p style=\"text-align: justify;\"><span style=\"font-size: 12pt; font-family: helvetica, arial, sans-serif;\">Prvn\u00edm v\u00edt\u011bzem se v&nbsp;Kobe\u0159ic\u00edch stal opavsk\u00fd atlet, \u00fa\u010dastn\u00edk olympijsk\u00fdch her, Ji\u0159\u00ed S\u00fdkora. V&nbsp;roce 1980 \u2013 p\u0159esn\u011b 1.8. \u2013 vytvo\u0159il \u010deskoslovensk\u00fd, nyn\u00ed \u010desk\u00fd rekord v&nbsp;b\u011bhu na 5 km \u010dasem 13:24:99, kter\u00fd do dne\u0161n\u00ed doby, po 44 letech, nebyl p\u0159ekon\u00e1n.<\/span><\/p>\n<p style=\"text-align: justify;\"><span style=\"font-size: 12pt; font-family: helvetica, arial, sans-serif;\">O rok pozd\u011bji se prvn\u00ed v\u00edt\u011bzkou stala Dana Juhov\u00e1 z&nbsp;Bolatic.<\/span><\/p>\n<p style=\"text-align: justify;\"><span style=\"font-size: 12pt; font-family: helvetica, arial, sans-serif;\">Kobe\u0159ick\u00e1 dvac\u00edtka je mezi z\u00e1vodn\u00edky velice obl\u00edben\u00fdm z\u00e1vodem. Dodnes plat\u00ed, \u017ee v\u00fdsledek z\u00e1vodu ka\u017ed\u00e9mu uk\u00e1\u017ee, co ud\u011blal v&nbsp;zim\u011b pro zdar cel\u00e9ho roku.<\/span><\/p>\n<p style=\"text-align: justify;\">&nbsp;<\/p>\n<p style=\"text-align: justify;\"><span style=\"font-size: 12pt; font-family: helvetica, arial, sans-serif;\"><strong>ZIMN\u00cd B\u011aH KOBE\u0158ICEMI<\/strong><\/span><\/p>\n<p style=\"text-align: justify;\">&nbsp;<\/p>\n<p style=\"text-align: justify;\"><span style=\"font-size: 12pt; font-family: helvetica, arial, sans-serif;\">V&nbsp;l\u00e9t\u011b r. 1989 p\u0159i\u0161el prezident AO Kobe\u0159ice Hubert Ja\u0161ek s&nbsp;n\u00e1vrhem uspo\u0159\u00e1dat tak\u00e9 z\u00e1vod v&nbsp;zim\u011b.<\/span><\/p>\n<p style=\"text-align: justify;\"><span style=\"font-size: 12pt; font-family: helvetica, arial, sans-serif;\">A tak v prvn\u00ed ned\u011bli roku 1990 se v&nbsp;ulic\u00edch Kobe\u0159ic b\u011b\u017eel Novoro\u010dn\u00ed b\u011bh, pozd\u011bji p\u0159ejmenovan\u00fd na Zimn\u00ed b\u011bh Kobe\u0159icemi. Byl to jeden okruh dlouh\u00fd 4,7 km, ale u\u017e v&nbsp;r. 1993 se na \u017e\u00e1dost z\u00e1vodn\u00edk\u016f b\u011b\u017eely okruhy dva.<\/span><\/p>\n<p style=\"text-align: justify;\"><span style=\"font-size: 12pt; font-family: helvetica, arial, sans-serif;\">V\u00edt\u011bzem prvn\u00edho z\u00e1vodu se stal dal\u0161\u00ed opavsk\u00fd atlet Pavel Stuchl\u00edk.<\/span><\/p>\n<p style=\"text-align: justify;\"><span style=\"font-size: 12pt; font-family: helvetica, arial, sans-serif;\">V&nbsp;t\u00e9m\u017ee roce v&nbsp;kategorii \u017een zv\u00edt\u011bzila Danu\u0161e Zrebn\u00e1, Liga 100 Opava.<\/span><\/p>\n<p style=\"text-align: justify;\"><span style=\"font-size: 12pt; font-family: helvetica, arial, sans-serif;\">Od roku 1990 do dne\u0161n\u00ed doby je organiz\u00e1torem v\u0161ech b\u011bh\u016f v&nbsp;Kobe\u0159ic\u00edch Atletick\u00fd odd\u00edl Kobe\u0159ice.<\/span><\/p>\n<p style=\"text-align: justify;\"><span style=\"font-size: 12pt; font-family: helvetica, arial, sans-serif;\"><strong>&nbsp;<\/strong><\/span><\/p>\n<p style=\"text-align: justify;\"><span style=\"font-size: 12pt; font-family: helvetica, arial, sans-serif;\"><strong>KOBE\u0158ICK\u00dd P\u016eLMARATON<\/strong><\/span><\/p>\n<p style=\"text-align: justify;\"><span style=\"font-size: 12pt; font-family: helvetica, arial, sans-serif;\">Opakoval se rok 1982.<\/span><\/p>\n<p style=\"text-align: justify;\"><span style=\"font-size: 12pt; font-family: helvetica, arial, sans-serif;\">V&nbsp;\u0159\u00edjnu 1996 napsal tehdej\u0161\u00ed okresn\u00ed tisk:<\/span><\/p>\n<p style=\"text-align: justify;\"><span style=\"font-size: 12pt; font-family: helvetica, arial, sans-serif;\">\u201eNult\u00fd ro\u010dn\u00edk Kobe\u0159ick\u00e9ho p\u016flmaratonu uspo\u0159\u00e1dali v&nbsp;Kobe\u0159ic\u00edch za \u00fa\u010dasti 56 b\u011b\u017ec\u016f \u010dty\u0159 kategori\u00ed. V&nbsp;hlavn\u00ed kategorii mu\u017e\u016f zv\u00edt\u011bzil \u010desk\u00fd reprezentant Karel David ze Sokola Opava.\u201c<\/span><\/p>\n<p style=\"text-align: justify;\"><span style=\"font-size: 12pt; font-family: helvetica, arial, sans-serif;\">Pro dopln\u011bn\u00ed p\u0159id\u00e1v\u00e1m, \u017ee kategorii \u017een vyhr\u00e1la V\u011bra Va\u0161utov\u00e1 z&nbsp;MK Seitl Ostrava.<\/span><\/p>\n<p style=\"text-align: justify;\"><span style=\"font-size: 12pt; font-family: helvetica, arial, sans-serif;\">P\u016flmaratonsk\u00e1 tra\u0165 byla tehdy novinkou. Nebyla ani sou\u010d\u00e1st\u00ed maratonsk\u00fdch z\u00e1vod\u016f, kter\u00e9 v&nbsp;t\u00e9 dob\u011b po\u0159\u00e1dal Maraton klub Seitl Ostrava.<\/span><\/p>\n<p style=\"text-align: justify;\"><span style=\"font-size: 12pt; font-family: helvetica, arial, sans-serif;\">Tak\u00e9 popularita tohoto z\u00e1vodu rostla. V&nbsp;roce 2003 se z\u00e1vod b\u011b\u017eel jako \u201eMistrovstv\u00ed Moravy a Slezska\u201c a v&nbsp;r. 2009 jako Mistrovstv\u00ed republiky veter\u00e1n\u016f v&nbsp;p\u016flmaratonu.<\/span><\/p>\n<p style=\"text-align: justify;\"><span style=\"font-size: 12pt; font-family: helvetica, arial, sans-serif;\">Abychom se dopo\u010d\u00edtali stovky, mus\u00edme p\u0159ipomenout organizaci dvou z\u00e1vod\u016f B\u011bh\u016f Terryho Foxe. V\u00fdt\u011b\u017eek z&nbsp;obou t\u011bchto z\u00e1vod\u016f ve v\u00fd\u0161i 45&nbsp;000,-K\u010d zaslal Atletick\u00fd odd\u00edl Kobe\u0159ice na podporu boje proti rakovin\u011b.<\/span><\/p>\n<p style=\"text-align: justify;\"><span style=\"font-size: 12pt; font-family: helvetica, arial, sans-serif;\">T\u00e9m\u011b\u0159 stovky b\u011bh\u016f se z\u00fa\u010dastnilo skoro 10&nbsp;000 z\u00e1vodn\u00edk\u016f. Oby\u010dejn\u00fdch nad\u0161enc\u016f a d\u011bt\u00ed b\u011bhaj\u00edc\u00edch pro radost z&nbsp;pohybu byla v\u011bt\u0161ina, ale cestu do Kobe\u0159ic si na\u0161li i \u0161pi\u010dkov\u00ed atleti, mist\u0159i republiky, \u00fa\u010dastn\u00edci olympijsk\u00fdch z\u00e1vod\u016f, nap\u0159. Ji\u0159\u00ed S\u00fdkora, Karel David, Alena Peterkov\u00e1, Ren\u00e1ta Berkov\u00e1, Jakub Holu\u0161a. \u010cast\u00fdmi hosty byli v&nbsp;Kobe\u0159ic\u00edch tak\u00e9 b\u011b\u017eci ze zahrani\u010d\u00ed.<\/span><\/p>\n<p style=\"text-align: justify;\"><span style=\"font-size: 12pt; font-family: helvetica, arial, sans-serif;\">Na\u0161\u00edm hostem byl v&nbsp;roce 2000 u p\u0159\u00edle\u017eitosti kon\u00e1n\u00ed b\u011bhu Terryho Foxe n\u00e1\u0161 nejlep\u0161\u00ed sportovec 20. stolet\u00ed v&nbsp;zimn\u00edch sportech, olympijsk\u00fd v\u00edt\u011bz, mistr sv\u011bta ve skoku na ly\u017e\u00edch, Ji\u0159\u00ed Ra\u0161ka.<\/span><\/p>\n<p style=\"text-align: justify;\"><span style=\"font-size: 12pt; font-family: helvetica, arial, sans-serif;\">Bezchybn\u00fd pr\u016fb\u011bh z\u00e1vod\u016f by nebyli schopni zajistit jen \u010dlenov\u00e9 atletick\u00e9ho odd\u00edlu.<\/span><\/p>\n<p style=\"text-align: justify;\"><span style=\"font-size: 12pt; font-family: helvetica, arial, sans-serif;\">P\u0159i jejich organizaci pom\u00e1hali zejm\u00e9na \u010dlenky volejbalov\u00e9ho odd\u00edlu Sokola a kobe\u0159i\u010dt\u00ed hasi\u010di.<\/span><\/p>\n<p style=\"text-align: justify;\"><span style=\"font-size: 12pt; font-family: helvetica, arial, sans-serif;\">Nejen jim, ale i v\u0161em ostatn\u00edm, kte\u0159\u00ed p\u0159isp\u011bli ke zd\u00e1rn\u00e9mu pr\u016fb\u011bhu v\u0161ech z\u00e1vod\u016f, pat\u0159\u00ed velk\u00e9 pod\u011bkov\u00e1n\u00ed.<\/span><\/p>\n<p style=\"text-align: justify;\"><span style=\"font-size: 12pt; font-family: helvetica, arial, sans-serif;\">Jubilejn\u00ed st\u00fd z\u00e1vod b\u011b\u017eeck\u00e9ho seri\u00e1lu Kobe\u0159ice pln\u00e9 b\u011bhu \u2013 p\u016flmaraton se uskute\u010dn\u00ed 23.10. 2022.<\/span><\/p>\n<p style=\"text-align: justify;\"><span style=\"font-size: 12pt; font-family: helvetica, arial, sans-serif;\">Start v&nbsp;9.00 hodin na h\u0159i\u0161ti TJ Sokol Kobe\u0159ice.<\/span><\/p>\n<p style=\"text-align: justify;\"><span style=\"font-size: 12pt; font-family: helvetica, arial, sans-serif;\">V\u0161ichni jste srde\u010dn\u011b zv\u00e1ni!<\/span><\/p>\n<p style=\"text-align: justify;\"><span style=\"font-size: 12pt; font-family: helvetica, arial, sans-serif;\">Na z\u00e1v\u011br chci vyslovit p\u0159\u00e1n\u00ed, aby v&nbsp;r. 2056 byl \u201eZimn\u00ed b\u011bh Kobe\u0159icemi\u201c dvoust\u00fdm z\u00e1vodem v&nbsp;r\u00e1mci b\u011b\u017eeck\u00e9ho seri\u00e1lu Kobe\u0159ice pln\u00e9 b\u011bhu.<\/span><\/p>\n<p style=\"text-align: justify;\"><span style=\"font-size: 12pt; font-family: helvetica, arial, sans-serif;\">Milan Halfar, tiskov\u00fd mluv\u010d\u00ed AO Kobe\u0159ice<\/span><\/p>\n<p style=\"text-align: justify;\">&nbsp;<\/p>\n<p style=\"text-align: justify;\">&nbsp;<\/p>\n<p style=\"text-align: justify;\"><span style=\"font-size: 12pt; font-family: helvetica, arial, sans-serif;\">P\u0159\u00edloha:&nbsp; N\u011bkolik zaj\u00edmavost\u00ed z minulosti<\/span><\/p>\n<p style=\"text-align: justify;\">&nbsp;<\/p>\n<p style=\"text-align: justify;\"><span style=\"font-size: 12pt; font-family: helvetica, arial, sans-serif;\"><strong>Kobe\u0159ice pln\u00e9 b\u011bhu \u2013 zaj\u00edmavosti<\/strong><\/span><\/p>\n<p style=\"text-align: justify;\">&nbsp;<\/p>\n<ul style=\"text-align: justify;\">\n<li><span style=\"font-size: 12pt; font-family: helvetica, arial, sans-serif;\">Nejv\u011bt\u0161\u00ed \u00fa\u010dast b\u011b\u017ec\u016f byla na \u201edvac\u00edtce\u201c v&nbsp;roce 2014 &#8211; 264 b\u011b\u017ec\u016f!<\/span><\/li>\n<li><span style=\"font-size: 12pt; font-family: helvetica, arial, sans-serif;\">Prvn\u00ed ro\u010dn\u00edk \u201edvac\u00edtky\u201c vyhr\u00e1l Ji\u0159\u00ed S\u00fdkora, dr\u017eitel \u010desk\u00e9ho rekordu na 5 km \u010dasem 13:24,99<\/span><\/li>\n<\/ul>\n<p style=\"text-align: justify;\"><span style=\"font-size: 12pt; font-family: helvetica, arial, sans-serif;\">&nbsp;&nbsp;&nbsp;&nbsp;&nbsp;&nbsp;&nbsp;&nbsp;&nbsp;&nbsp; (r. 1980 \u2013 u\u017e 42 let)<\/span><\/p>\n<ul style=\"text-align: justify;\">\n<li><span style=\"font-size: 12pt; font-family: helvetica, arial, sans-serif;\">V&nbsp;r. 1994 se v\u00edt\u011bzkou \u201edvac\u00edtky\u201c stala Alena Peterkov\u00e1 \u010dasem 1.09.09. Tento v\u00fdkon nebyla do dne\u0161n\u00edho dne p\u0159ekon\u00e1n, stejn\u011b tak jako \u010desk\u00fd rekord Aleny Peterkov\u00e9 v&nbsp;b\u011bhu na 10 km z&nbsp;r. 2000, \u010dasem 32:27:68.<\/span><\/li>\n<\/ul>\n<p style=\"text-align: justify;\">&nbsp;<\/p>\n<ul style=\"text-align: justify;\">\n<li><span style=\"font-size: 12pt; font-family: helvetica, arial, sans-serif;\">Nult\u00fd ro\u010dn\u00edk \u201ep\u016flmaratonu\u201c v&nbsp;r. 1996 (jeden velk\u00fd okruh) vyhr\u00e1l Karel David, b\u011b\u017eec s&nbsp;nejlep\u0161\u00edm maratonsk\u00fdm \u010dasem v&nbsp;\u010cR 2:11:57 z&nbsp;r. 1993!<\/span><\/li>\n<\/ul>\n<p style=\"text-align: justify;\">&nbsp;<\/p>\n<ul style=\"text-align: justify;\">\n<li><span style=\"font-size: 12pt; font-family: helvetica, arial, sans-serif;\">V&nbsp;roce 2007 zv\u00edt\u011bzil v&nbsp;zimn\u00edm b\u011bhu Jakub Holu\u0161a, kter\u00fd je od r. 2018 dr\u017eitelem \u010desk\u00e9ho rekordu na 1500 m, \u010dase 3:32:49!<\/span><\/li>\n<\/ul>\n<p style=\"text-align: justify;\">&nbsp;<\/p>\n<ul style=\"text-align: justify;\">\n<li><span style=\"font-size: 12pt; font-family: helvetica, arial, sans-serif;\">Brat\u0159i Mirek a Karel Krav\u010d\u00edkovi st\u00e1li v&nbsp;Kobe\u0159ic\u00edch na nejvy\u0161\u0161\u00edm stupni celkem 18x!<\/span><\/li>\n<\/ul>\n<p style=\"text-align: justify;\">&nbsp;<\/p>\n<ul style=\"text-align: justify;\">\n<li><span style=\"font-size: 12pt; font-family: helvetica, arial, sans-serif;\">Nejv\u00edce v\u00edt\u011bzstv\u00ed v&nbsp;Kobe\u0159ic\u00edch z\u00edskal v&nbsp;r\u016fzn\u00fdch kategori\u00edch Nikolaos Tsametis. Celkem 32!!!<\/span><\/li>\n<\/ul>\n<p style=\"text-align: justify;\">&nbsp;<\/p>\n<ul style=\"text-align: justify;\">\n<li><span style=\"font-size: 12pt; font-family: helvetica, arial, sans-serif;\">Velk\u00fdm p\u0159\u00edznivcem b\u011bh\u016f v&nbsp;Kobe\u0159ic\u00edch je Stanislav Duda z&nbsp;Chucheln\u00e9. Je prvn\u00edm maratoncem okresu Opava, kter\u00fd ub\u011bhl 100 maraton\u016f. Celkem jich absolvoval 103! \u00dactyhodn\u00fd v\u00fdkon.<\/span><\/li>\n<\/ul>\n<p style=\"text-align: justify;\">&nbsp;<\/p>\n<ul style=\"text-align: justify;\">\n<li><span style=\"font-size: 12pt; font-family: helvetica, arial, sans-serif;\">3x zv\u00edt\u011bzila v&nbsp;seri\u00e1lu Kobe\u0159ice pln\u00e9 b\u011bhu \u00fasp\u011b\u0161n\u00e1 triatlonistka z&nbsp;Opavy, \u00fa\u010dastnice OH Renata Berkov\u00e1.<\/span><\/li>\n<\/ul>\n<p style=\"text-align: justify;\">&nbsp;<\/p>\n<ul style=\"text-align: justify;\">\n<li><span style=\"font-size: 12pt; font-family: helvetica, arial, sans-serif;\">Ze zahrani\u010dn\u00edch b\u011b\u017ec\u016f je nutn\u00e9 vzpomenout \u00fa\u010dast polsk\u00fdch b\u011b\u017ec\u016f, zejm\u00e9na \u010dlen\u016f Gryf Kietrz. Nejv\u00edce v\u00edt\u011bzstv\u00ed vybojoval Jan Denca.<\/span><\/li>\n<\/ul>\n<p style=\"text-align: justify;\">&nbsp;<\/p>\n<ul>\n<li style=\"text-align: justify;\"><span style=\"font-size: 12pt; font-family: helvetica, arial, sans-serif;\">Je t\u0159eba p\u0159ipomenout, \u017ee cestu do Kobe\u0159ic si na\u0161li tak\u00e9 nejlep\u0161\u00ed b\u011b\u017eci na\u0161eho kraje. Nelze je v\u0161echny vyjmenovat. Velmi si toho v\u00e1\u017e\u00edme a p\u0159ejeme si, aby tomu op\u011bt bylo i v&nbsp;budoucnosti.<\/span><\/li>\n<\/ul>\n\n\n<p><\/p>\n","protected":false},"excerpt":{"rendered":"<p>Kobe\u0159ice pln\u00e9 b\u011bhu se do\u010dkaj\u00ed stovky Okresn\u00ed noviny uve\u0159ejnily v&nbsp;r. 1982 tuto informaci: \u201eV&nbsp;ned\u011bli 7. b\u0159ezna 1982 byl odstartov\u00e1n v&nbsp;are\u00e1lu TJ Sokol Kobe\u0159ice 1. ro\u010dn\u00edk Pochodu<span class=\"excerpt-hellip\"> [\u2026]<\/span><\/p>\n","protected":false},"author":3,"featured_media":3609,"comment_status":"closed","ping_status":"open","sticky":false,"template":"","format":"standard","meta":{"ngg_post_thumbnail":0,"footnotes":""},"categories":[126,150],"tags":[],"class_list":["post-7568","post","type-post","status-publish","format-standard","has-post-thumbnail","hentry","category-atletika","category-vse"],"_links":{"self":[{"href":"https:\/\/tjsokolkoberice.cz\/index.php?rest_route=\/wp\/v2\/posts\/7568","targetHints":{"allow":["GET"]}}],"collection":[{"href":"https:\/\/tjsokolkoberice.cz\/index.php?rest_route=\/wp\/v2\/posts"}],"about":[{"href":"https:\/\/tjsokolkoberice.cz\/index.php?rest_route=\/wp\/v2\/types\/post"}],"author":[{"embeddable":true,"href":"https:\/\/tjsokolkoberice.cz\/index.php?rest_route=\/wp\/v2\/users\/3"}],"replies":[{"embeddable":true,"href":"https:\/\/tjsokolkoberice.cz\/index.php?rest_route=%2Fwp%2Fv2%2Fcomments&post=7568"}],"version-history":[{"count":2,"href":"https:\/\/tjsokolkoberice.cz\/index.php?rest_route=\/wp\/v2\/posts\/7568\/revisions"}],"predecessor-version":[{"id":7570,"href":"https:\/\/tjsokolkoberice.cz\/index.php?rest_route=\/wp\/v2\/posts\/7568\/revisions\/7570"}],"wp:featuredmedia":[{"embeddable":true,"href":"https:\/\/tjsokolkoberice.cz\/index.php?rest_route=\/wp\/v2\/media\/3609"}],"wp:attachment":[{"href":"https:\/\/tjsokolkoberice.cz\/index.php?rest_route=%2Fwp%2Fv2%2Fmedia&parent=7568"}],"wp:term":[{"taxonomy":"category","embeddable":true,"href":"https:\/\/tjsokolkoberice.cz\/index.php?rest_route=%2Fwp%2Fv2%2Fcategories&post=7568"},{"taxonomy":"post_tag","embeddable":true,"href":"https:\/\/tjsokolkoberice.cz\/index.php?rest_route=%2Fwp%2Fv2%2Ftags&post=7568"}],"curies":[{"name":"wp","href":"https:\/\/api.w.org\/{rel}","templated":true}]}}