{"id":7572,"date":"2022-10-13T13:26:11","date_gmt":"2022-10-13T12:26:11","guid":{"rendered":"https:\/\/tjsokolkoberice.cz\/?p=7572"},"modified":"2025-10-14T11:49:02","modified_gmt":"2025-10-14T10:49:02","slug":"vysledky-nasich-muzstev-19","status":"publish","type":"post","link":"https:\/\/tjsokolkoberice.cz\/?p=7572","title":{"rendered":"V\u00fdsledky na\u0161ich mu\u017estev"},"content":{"rendered":"<p style=\"text-align: justify;\"><span style=\"font-family: helvetica, arial, sans-serif;\">Sobota 8. \u0159\u00edjna 2022<\/span><\/p>\n<p style=\"text-align: justify;\"><span style=\"font-family: helvetica, arial, sans-serif; font-size: 14pt;\"><strong>TJ \u0158epi\u0161t\u011b &#8211; A mu\u017ei&nbsp; 3:1&nbsp; (1:0)<\/strong><\/span><\/p>\n<p style=\"text-align: justify;\"><span style=\"font-family: helvetica, arial, sans-serif;\">Velmi t\u011b\u017ek\u00fd soupe\u0159 s&nbsp;ambicemi na postup \u010dekal minulou sobotu na na\u0161e fotbalisty, kte\u0159\u00ed cestovali do \u0158epi\u0161t\u011b oslabeni o \u010dty\u0159i hr\u00e1\u010de z&nbsp;obvykl\u00e9 z\u00e1kladn\u00ed sestavy.<\/span><\/p>\n<p style=\"text-align: justify;\"><span style=\"font-family: helvetica, arial, sans-serif;\">Prv\u00ed polo\u010das se nesl ve znamen\u00ed snahy dom\u00e1c\u00edch o kombinaci, kter\u00e1 ov\u0161em nar\u00e1\u017eela na pevnou defenzivu Kobe\u0159ic. Host\u00e9 spol\u00e9hali na rychl\u00e9 kontry a hr\u00e1li ze zabezpe\u010den\u00e9 obrany. Kombina\u010dn\u011b siln\u00ed dom\u00e1c\u00ed se do \u0161anc\u00ed dost\u00e1vali jen zt\u011b\u017e\u00ed, ale ve 25. min. se otev\u0159el prostor ve st\u0159edu obrany, kudy unikl dom\u00e1c\u00ed Zavadil a poslal \u0158epi\u0161t\u011b do veden\u00ed. Kobe\u0159ice zahrozily po rohov\u00e9m kopu Petra Stuchl\u00edka, kter\u00fd n\u00e1sledn\u011b hlavou zakon\u010doval jeho jmenovec Ondra Stuchl\u00edk, av\u0161ak bohu\u017eel pro hosty p\u0159eloboval nejen golmana Da\u0148ka, ale i b\u0159evno dom\u00e1c\u00ed br\u00e1ny. Pot\u00e9 zahrozili dom\u00e1c\u00ed, kdy\u017e tutovku je\u0161t\u011b vloni druholigov\u00e9ho Celby skv\u011ble zne\u0161kodnil \u0160tencel. Ke konci polo\u010dasu je\u0161t\u011b z&nbsp;dobr\u00e9 pozice p\u0159est\u0159elil Luk\u00e1\u0161 Kollek, a tak jsme \u0161li do kabin s&nbsp;jednog\u00f3lov\u00fdm mankem.<\/span><\/p>\n<p style=\"text-align: justify;\"><span style=\"font-family: helvetica, arial, sans-serif;\">Druh\u00e9 d\u011bjstv\u00ed p\u0159ineslo podobn\u00fd hern\u00ed obraz, av\u0161ak i Kobe\u0159ice se za\u010daly v\u00edce osm\u011blovat. Vy\u00fast\u011bn\u00ed snahy host\u016f p\u0159i\u0161lo v&nbsp;61. min., kdy se st\u0159edem prot\u00e1hl Tonda Kubn\u00fd a st\u0159elou k&nbsp;ty\u010di nedal Da\u0148kovi \u0161anci \u2013 zaslou\u017een\u011b 1:1. Dom\u00e1c\u00ed se pak uchylovali k&nbsp;dlouh\u00fdm n\u00e1kop\u016fm, se kter\u00fdmi si ov\u0161em hostuj\u00edc\u00ed obrana v&nbsp;poklidu poradila. Do veden\u00ed mohly j\u00edt Kobe\u0159ice, ale unikaj\u00edc\u00ed Kollek byl v&nbsp;dobr\u00e9 pozici zblokov\u00e1n. Chleba se l\u00e1mal v&nbsp;80. min., kdy dlouh\u00fd n\u00e1kop dom\u00e1c\u00edch skon\u010dil v&nbsp;autu. Po p\u0159edchoz\u00edm souboji ve v\u00e1pn\u011b se dom\u00e1c\u00ed do\u017eadovali pokutov\u00e9ho kopu, rozhod\u010d\u00ed v\u0161ak nep\u00edskal. O to v\u011bt\u0161\u00ed p\u0159ekvapen\u00ed bylo, \u017ee po nik\u00fdm nete\u010dovan\u00e9m m\u00ed\u010di m\u011bli vhazovat host\u00e9, av\u0161ak rozhod\u010d\u00ed aut obr\u00e1til, p\u0159i\u0161el centr do v\u00e1pna a hostuj\u00edc\u00ed Jur\u010da poslal dom\u00e1c\u00ed do veden\u00ed. To o dal\u0161\u00ed t\u0159i minuty potvrdil po nedorozum\u011bn\u00ed hostuj\u00edc\u00ed obrany Zaremba a pe\u010detil tak v\u00edt\u011bzstv\u00ed \u0158epi\u0161t\u011b na kone\u010dn\u00fdch 3:1.<\/span><\/p>\n<p style=\"text-align: justify;\"><span style=\"font-family: helvetica, arial, sans-serif;\"><strong>Div\u00e1ci:<\/strong> 153<\/span><\/p>\n<p style=\"text-align: justify;\"><span style=\"font-family: helvetica, arial, sans-serif;\"><strong>Branky:<\/strong> 25. Zavadil Nikola, 80. Jur\u010da Radim, 84. Zaremba Du\u0161an&nbsp;&#8211;&nbsp;61. Kubn\u00fd Anton\u00edn<\/span><\/p>\n<p style=\"text-align: justify;\"><span style=\"font-family: helvetica, arial, sans-serif;\"><strong>Rozhod\u010d\u00ed:<\/strong> Banot Vojt\u011bch &#8211; Paster\u010d\u00e1k Jozef, Juryg\u00e1\u010dek Ren\u00e9.<\/span><\/p>\n<p style=\"text-align: justify;\"><span style=\"font-family: helvetica, arial, sans-serif;\"><strong>Sestava:<\/strong>&nbsp;\u0160tencel \u2013 Stuchl\u00edk P. (87. Kollek F.), Ve\u010derek, Buchta, \u0160evior, Wirth Ren\u00e9, Kollek L., Wirth Robin, Kubn\u00fd (87. Voln\u00fd), St\u0159\u00edbn\u00fd \u0160. (87. Breksa), Stuchl\u00edk O. (75. Sotorn\u00edk)<\/span><\/p>\n<p style=\"text-align: justify;\"><span style=\"font-family: helvetica, arial, sans-serif;\"><strong>&nbsp;<\/strong><\/span><\/p>\n<p style=\"text-align: justify;\"><span style=\"font-family: helvetica, arial, sans-serif; font-size: 14pt;\"><strong>B mu\u017ei \u2013 TJ Sokol Kozmice B&nbsp;&nbsp;&nbsp;&nbsp; 1:2&nbsp; (0:1)<\/strong><\/span><\/p>\n<p style=\"text-align: justify;\"><span style=\"font-family: helvetica, arial, sans-serif;\"><strong>Branky:<\/strong> 64. Jur\u010dek Luk\u00e1\u0161&nbsp;&#8211;&nbsp;12. Koz\u00e1k Ji\u0159\u00ed, 88. Ron\u010dka Daniel<\/span><\/p>\n<p style=\"text-align: justify;\"><span style=\"font-family: helvetica, arial, sans-serif;\"><strong>Sestava: <\/strong>St\u0159\u00edbn\u00fd, Kubn\u00fd M., Hahn, Jan\u00edk L., Latka, Halfar O., Jur\u010dek L., V\u00e1clav\u00edk, Biel\u00e1k, Kretek, Vit\u00e1sek<\/span><\/p>\n<p style=\"text-align: justify;\"><span style=\"font-family: helvetica, arial, sans-serif;\"><strong>N\u00e1hradn\u00edci<\/strong>: Be\u010dica, Jan\u00edk D., Mrovec T., Nov\u00e1k T.<\/span><\/p>\n<p style=\"text-align: justify;\"><span style=\"font-family: helvetica, arial, sans-serif;\"><strong>&nbsp;<\/strong><\/span><\/p>\n<p style=\"text-align: justify;\"><span style=\"font-family: helvetica, arial, sans-serif; font-size: 14pt;\"><strong>FK SK Polanka nad Odrou &#8211; St. dorost&nbsp;&nbsp; 0:5&nbsp; (0:3)<\/strong><\/span><\/p>\n<p style=\"text-align: justify;\"><span style=\"font-family: helvetica, arial, sans-serif;\"><strong>Branky:<\/strong> 13., 35., 50. Stuchl\u00edk Ond\u0159ej, 23. Sotorn\u00edk Alan, 73. Pa\u0161ek Daniel<\/span><\/p>\n<p style=\"text-align: justify;\"><span style=\"font-family: helvetica, arial, sans-serif;\"><strong>Sestava: <\/strong>Hartmann O., Biel\u00e1k, Li\u0161ka (77. Birtek), Kretek (46. Hant\u00e1k), Vit\u00e1sek (46. Pa\u0161ek), St\u0159\u00edbn\u00fd V., Sotorn\u00edk, Stuchl\u00edk O., Voln\u00fd, \u0160ime\u010dek \u0160. (66.Breksa), Harazim (66. Dlabola)<\/span><\/p>\n<p style=\"text-align: justify;\">&nbsp;<\/p>\n<p style=\"text-align: justify;\"><span style=\"font-family: helvetica, arial, sans-serif; font-size: 14pt;\"><strong>FK SK Polanka nad Odrou &#8211; Ml. dorost &nbsp;&nbsp;&nbsp;0:2&nbsp; (0:0)<\/strong><\/span><\/p>\n<p style=\"text-align: justify;\"><span style=\"font-family: helvetica, arial, sans-serif;\"><strong>Branky:<\/strong> &nbsp;41. Slanina Maxmili\u00e1n, 66. V\u00e1clav\u00edk Adam<\/span><\/p>\n<p style=\"text-align: justify;\"><span style=\"font-family: helvetica, arial, sans-serif;\"><strong>Sestava: <\/strong>Pavlovi\u010d, Mac, Hant\u00e1k, Pa\u0161ek, Birtek, Hanzl\u00edk, Besta, Grigar\u010d\u00edk, V\u00e1clav\u00edk A., Slanina, Kubn\u00fd<\/span><\/p>\n<p style=\"text-align: justify;\"><span style=\"font-family: helvetica, arial, sans-serif;\"><strong>N\u00e1hradn\u00edci<\/strong>: Schweidler, St\u0159\u00edbn\u00fd, Breksa, Kamr\u00e1d, Slivka, Mrva<\/span><\/p>\n<p style=\"text-align: justify;\"><span style=\"font-family: helvetica, arial, sans-serif;\"><strong>&nbsp;<\/strong><\/span><\/p>\n<p style=\"text-align: justify;\"><span style=\"font-family: helvetica, arial, sans-serif;\">\u00dater\u00fd 11. \u0159\u00edjna 2022<\/span><\/p>\n<p style=\"text-align: justify;\"><span style=\"font-family: helvetica, arial, sans-serif; font-size: 14pt;\"><strong>Ml. \u017e\u00e1ci \u2013 SK Bohuslavice&nbsp;&nbsp;&nbsp; 7:2&nbsp;&nbsp; (3:0)<\/strong><\/span><\/p>\n<p style=\"text-align: justify;\"><span style=\"font-family: helvetica, arial, sans-serif;\">Sestava: Herich, St\u0159\u00edbn\u00fd V., Laburda, \u010cern\u00fd, Pla\u010dek, B\u0159emek, Herudek, Schweidler, Kry\u0161tof, Sedl\u00e1\u010dek, Litzka, Hanzl\u00edk Kold\u011bj, Kurka, Malch\u00e1rek, Krettek, Pavlovi\u010d, Kone\u010dn\u00fd<\/span><\/p>\n","protected":false},"excerpt":{"rendered":"<p>Sobota 8. \u0159\u00edjna 2022 TJ \u0158epi\u0161t\u011b &#8211; A mu\u017ei&nbsp; 3:1&nbsp; (1:0) Velmi t\u011b\u017ek\u00fd soupe\u0159 s&nbsp;ambicemi na postup \u010dekal minulou sobotu na na\u0161e fotbalisty, kte\u0159\u00ed cestovali do<span class=\"excerpt-hellip\"> [\u2026]<\/span><\/p>\n","protected":false},"author":3,"featured_media":2929,"comment_status":"closed","ping_status":"open","sticky":false,"template":"","format":"standard","meta":{"ngg_post_thumbnail":0,"footnotes":""},"categories":[115,112,110,107,117],"tags":[],"class_list":["post-7572","post","type-post","status-publish","format-standard","has-post-thumbnail","hentry","category-a-tym","category-b-tym","category-dorost","category-fotbal","category-mladsi-zaci"],"_links":{"self":[{"href":"https:\/\/tjsokolkoberice.cz\/index.php?rest_route=\/wp\/v2\/posts\/7572","targetHints":{"allow":["GET"]}}],"collection":[{"href":"https:\/\/tjsokolkoberice.cz\/index.php?rest_route=\/wp\/v2\/posts"}],"about":[{"href":"https:\/\/tjsokolkoberice.cz\/index.php?rest_route=\/wp\/v2\/types\/post"}],"author":[{"embeddable":true,"href":"https:\/\/tjsokolkoberice.cz\/index.php?rest_route=\/wp\/v2\/users\/3"}],"replies":[{"embeddable":true,"href":"https:\/\/tjsokolkoberice.cz\/index.php?rest_route=%2Fwp%2Fv2%2Fcomments&post=7572"}],"version-history":[{"count":1,"href":"https:\/\/tjsokolkoberice.cz\/index.php?rest_route=\/wp\/v2\/posts\/7572\/revisions"}],"predecessor-version":[{"id":7573,"href":"https:\/\/tjsokolkoberice.cz\/index.php?rest_route=\/wp\/v2\/posts\/7572\/revisions\/7573"}],"wp:featuredmedia":[{"embeddable":true,"href":"https:\/\/tjsokolkoberice.cz\/index.php?rest_route=\/wp\/v2\/media\/2929"}],"wp:attachment":[{"href":"https:\/\/tjsokolkoberice.cz\/index.php?rest_route=%2Fwp%2Fv2%2Fmedia&parent=7572"}],"wp:term":[{"taxonomy":"category","embeddable":true,"href":"https:\/\/tjsokolkoberice.cz\/index.php?rest_route=%2Fwp%2Fv2%2Fcategories&post=7572"},{"taxonomy":"post_tag","embeddable":true,"href":"https:\/\/tjsokolkoberice.cz\/index.php?rest_route=%2Fwp%2Fv2%2Ftags&post=7572"}],"curies":[{"name":"wp","href":"https:\/\/api.w.org\/{rel}","templated":true}]}}