{"id":7581,"date":"2022-10-22T06:38:31","date_gmt":"2022-10-22T05:38:31","guid":{"rendered":"https:\/\/tjsokolkoberice.cz\/?p=7581"},"modified":"2025-10-14T11:49:02","modified_gmt":"2025-10-14T10:49:02","slug":"vysledky-minuleho-tydne-2","status":"publish","type":"post","link":"https:\/\/tjsokolkoberice.cz\/?p=7581","title":{"rendered":"V\u00fdsledky minul\u00e9ho t\u00fddne"},"content":{"rendered":"<p><span style=\"font-size: 12pt; font-family: helvetica, arial, sans-serif;\">Ned\u011ble 16. \u0159\u00edjna 2022<\/span><\/p>\n<p><span style=\"font-size: 12pt; font-family: helvetica, arial, sans-serif;\"><strong>A mu\u017ei \u2013 FK Slavia Orlov\u00e1 1:0&nbsp; (0:0)<\/strong><\/span><\/p>\n<p><span style=\"font-size: 12pt; font-family: helvetica, arial, sans-serif;\">D\u016fle\u017eit\u00e9 v\u00edt\u011bzstv\u00ed proti siln\u00e9mu protivn\u00edkovi si p\u0159ipsali na\u0161i A mu\u017ei v&nbsp;ned\u011bln\u00edm utk\u00e1n\u00ed 11. kola KP. O jedinou branku se postaral 10 min. p\u0159ed koncem Robin Wirth.<\/span><\/p>\n<p><span style=\"font-size: 12pt; font-family: helvetica, arial, sans-serif;\">\u00davodn\u00ed d\u011bjstv\u00ed bylo vcelku vyrovnan\u00e9, hr\u00e1l se rychl\u00fd, kombina\u010dn\u00ed fotbal. Kolem 20. min. p\u0159e\u017eili dom\u00e1c\u00ed dvoj\u0161anci host\u016f, kdy\u017e nejprve skv\u011ble zakro\u010dil \u0160tencel proti st\u0159ele Renty, z&nbsp;n\u00e1sledn\u00e9ho centru rozezvonil b\u0159evno kanon\u00fdr Jatagandzidis. I dom\u00e1c\u00ed se dost\u00e1vali do zaj\u00edmav\u00fdch n\u00e1znak\u016f \u0161anc\u00ed, av\u0161ak \u017e\u00e1dnou se jim nepoda\u0159ilo dot\u00e1hnout ke g\u00f3lu.<\/span><\/p>\n<p><span style=\"font-size: 12pt; font-family: helvetica, arial, sans-serif;\">Po zm\u011bn\u011b stran byli v\u00edce aktivn\u00ed dom\u00e1c\u00ed, kte\u0159\u00ed se sna\u017eili bu\u0161it do organizovan\u00e9 obrany Orlov\u00e9. Velkou \u0161anci sp\u00e1lil Kraut, jeho\u017e st\u0159ela jen t\u011bsn\u011b minula levou ty\u010d hostuj\u00edc\u00ed svatyn\u011b. Rozhodnut\u00ed p\u0159i\u0161lo v&nbsp;79. min., kdy si centr Kry\u0161tofa zpracoval na prsa Robin Wirth a st\u0159elou pod b\u0159evno rozradostn\u011bl kobe\u0159ick\u00e9 ochozy. Konec se dohr\u00e1val pod tlakem host\u016f, kter\u00e9 mnohdy tla\u010dil sv\u00fdmi necitliv\u00fdmi rozhodnut\u00edmi rozhod\u010d\u00ed. Po n\u011bkolika p\u0159e\u017eit\u00fdch roz\u00edch a standartk\u00e1ch tak nakonec z\u016fstaly 3 body doma.<\/span><\/p>\n<p><span style=\"font-size: 12pt; font-family: helvetica, arial, sans-serif;\">Jednalo se o velmi pohledn\u00e9 utk\u00e1n\u00ed se \u0161\u0165astn\u00fdm koncem pro dom\u00e1c\u00ed Kobe\u0159ice.<\/span><\/p>\n<p><span style=\"font-size: 12pt; font-family: helvetica, arial, sans-serif;\"><strong>Div\u00e1ci:<\/strong> 153<\/span><\/p>\n<p><span style=\"font-size: 12pt; font-family: helvetica, arial, sans-serif;\"><strong>Branky:<\/strong> 79. Robin Wirth<\/span><\/p>\n<p><span style=\"font-size: 12pt; font-family: helvetica, arial, sans-serif;\"><strong>Rozhod\u010d\u00ed:<\/strong> \u0158ezn\u00ed\u010dek Miroslav &#8211; L\u00e1ry\u0161 V\u00edt, Schneider Pavel.<\/span><\/p>\n<p><span style=\"font-size: 12pt; font-family: helvetica, arial, sans-serif;\"><strong>Sestava:<\/strong>&nbsp;\u0160tencel \u2013 Stuchl\u00edk P., Ve\u010derek, Wirth Robin, Wirth Ren\u00e9, Kollek L., Kubn\u00fd (82. \u0160evior), Ka\u0161n\u00fd, St\u0159\u00edbn\u00fd \u0160. (71. Stuchl\u00edk O., 92. Buchta), Kry\u0161tof, Kraut<\/span><\/p>\n<p><span style=\"font-size: 12pt; font-family: helvetica, arial, sans-serif;\"><strong>&nbsp;<\/strong><\/span><\/p>\n<p><span style=\"font-size: 12pt; font-family: helvetica, arial, sans-serif;\"><strong>TJ Sokol Z\u00e1vada &#8211; B mu\u017ei&nbsp;&nbsp;&nbsp;&nbsp; 2:2&nbsp; (0:1)<\/strong><\/span><\/p>\n<p><span style=\"font-size: 12pt; font-family: helvetica, arial, sans-serif;\"><strong>Branky:<\/strong> 73. Vit\u00e1sek Robin, 87. Wilpert Marek&nbsp;&#8211;&nbsp;41. Jur\u010dek Luk\u00e1\u0161, 53. Halfar Ond\u0159ej<\/span><\/p>\n<p><span style=\"font-size: 12pt; font-family: helvetica, arial, sans-serif;\"><strong>Sestava: <\/strong>\u0160van\u010dar, N\u00e1vrat, Halfar O., Ullrich, Kollek F., Jur\u010dek L., V\u00e1clav\u00edk, \u0160ime\u010dek \u0160., Latka D., Kretek, Vit\u00e1sek<\/span><\/p>\n<p><span style=\"font-size: 12pt; font-family: helvetica, arial, sans-serif;\"><strong>N\u00e1hradn\u00edci<\/strong>: Kaspar, Nev\u0159ela, Sotorn\u00edk, Stuchl\u00edk O.<\/span><\/p>\n<p><span style=\"font-size: 12pt; font-family: helvetica, arial, sans-serif;\"><strong>&nbsp;<\/strong><\/span><\/p>\n<p><span style=\"font-size: 12pt; font-family: helvetica, arial, sans-serif;\"><strong>St. dorost \u2013 Darkovi\u010dky&nbsp; &nbsp;5:1&nbsp; (1:1)<\/strong><\/span><span style=\"font-size: 12pt; font-family: helvetica, arial, sans-serif;\"><strong>&nbsp;<\/strong><\/span><\/p>\n<p><span style=\"font-size: 12pt; font-family: helvetica, arial, sans-serif;\"><strong>Branky:<\/strong> 17., 56. Stuchl\u00edk Ond\u0159ej, 47. Sotorn\u00edk Alan, 52. Breksa Tobias, 81. \u0160ime\u010dek \u0160t\u011bp\u00e1n&nbsp;&#8211;&nbsp;43. Kabisch Petr (pen.)<\/span><\/p>\n<p><span style=\"font-size: 12pt; font-family: helvetica, arial, sans-serif;\"><strong>Sestava: <\/strong>Hartmann O., Hant\u00e1k, Biel\u00e1k, Pa\u0161ek (61. Slanina), Li\u0161ka (76. Vit\u00e1sek), Sotorn\u00edk, Stuchl\u00edk O., Voln\u00fd (81. St\u0159\u00edbn\u00fd V.), Breksa (61. \u0160ime\u010dek), Harazim (76. Kretek), Dlabola (46. Birtek)<\/span><\/p>\n<p>&nbsp;<\/p>\n<p><span style=\"font-size: 12pt; font-family: helvetica, arial, sans-serif;\"><strong>Ml. dorost &#8211; Darkovi\u010dky &nbsp;&nbsp;10:2&nbsp; (3:1)<\/strong><\/span><span style=\"font-size: 12pt; font-family: helvetica, arial, sans-serif;\"><strong>&nbsp;<\/strong><\/span><\/p>\n<p><span style=\"font-size: 12pt; font-family: helvetica, arial, sans-serif;\"><strong>Branky:<\/strong> &nbsp;7., 59., 78. V\u00e1clav\u00edk Adam, 22. Breksa Tobias, 28. Slanina Maxmili\u00e1n, 45., 52., 62. Mrva Michal, 46. Birtek Michal, 61. Hanzl\u00edk Viktor&nbsp;&#8211;&nbsp;15. Kupka \u0160t\u011bp\u00e1n, 54. Redzina \u0160imon<\/span><\/p>\n<p><span style=\"font-size: 12pt; font-family: helvetica, arial, sans-serif;\"><strong>Sestava: <\/strong>Pavlovi\u010d, Mac, Hant\u00e1k, Pa\u0161ek, Birtek, Hanzl\u00edk, Besta, Grigar\u010d\u00edk, V\u00e1clav\u00edk A., Slanina, Kubn\u00fd<\/span><\/p>\n<p><span style=\"font-size: 12pt; font-family: helvetica, arial, sans-serif;\"><strong>N\u00e1hradn\u00edci<\/strong>: St\u0159\u00edbn\u00fd V., Breksa, Kamr\u00e1d, Mrva<\/span><\/p>\n<p><span style=\"font-size: 12pt; font-family: helvetica, arial, sans-serif;\"><strong>&nbsp;<\/strong><\/span><\/p>\n<p><span style=\"font-size: 12pt; font-family: helvetica, arial, sans-serif;\">\u010ctvrtek 13. \u0159\u00edjna 2022<\/span><\/p>\n<p><span style=\"font-size: 12pt; font-family: helvetica, arial, sans-serif;\"><strong>Ml. \u017e\u00e1ci \u2013 TJ Sokol Budi\u0161ovice&nbsp;&nbsp;&nbsp; 2:2&nbsp;&nbsp; (1:1)<\/strong><\/span><\/p>\n<p><span style=\"font-size: 12pt; font-family: helvetica, arial, sans-serif;\">Sestava: Herich, St\u0159\u00edbn\u00fd V., Laburda, \u010cern\u00fd, Pla\u010dek, B\u0159emek, Herudek, Schweidler, Kry\u0161tof, Sedl\u00e1\u010dek, Litzka, Hanzl\u00edk Kold\u011bj, Kurka, Malch\u00e1rek, Krettek, Pavlovi\u010d, Kone\u010dn\u00fd<\/span><\/p>\n\n\n<p><\/p>\n","protected":false},"excerpt":{"rendered":"<p>Ned\u011ble 16. \u0159\u00edjna 2022 A mu\u017ei \u2013 FK Slavia Orlov\u00e1 1:0&nbsp; (0:0) D\u016fle\u017eit\u00e9 v\u00edt\u011bzstv\u00ed proti siln\u00e9mu protivn\u00edkovi si p\u0159ipsali na\u0161i A mu\u017ei v&nbsp;ned\u011bln\u00edm utk\u00e1n\u00ed 11. kola<span class=\"excerpt-hellip\"> [\u2026]<\/span><\/p>\n","protected":false},"author":3,"featured_media":3787,"comment_status":"closed","ping_status":"open","sticky":false,"template":"","format":"standard","meta":{"ngg_post_thumbnail":0,"footnotes":""},"categories":[115,112,110,107,117],"tags":[],"class_list":["post-7581","post","type-post","status-publish","format-standard","has-post-thumbnail","hentry","category-a-tym","category-b-tym","category-dorost","category-fotbal","category-mladsi-zaci"],"_links":{"self":[{"href":"https:\/\/tjsokolkoberice.cz\/index.php?rest_route=\/wp\/v2\/posts\/7581","targetHints":{"allow":["GET"]}}],"collection":[{"href":"https:\/\/tjsokolkoberice.cz\/index.php?rest_route=\/wp\/v2\/posts"}],"about":[{"href":"https:\/\/tjsokolkoberice.cz\/index.php?rest_route=\/wp\/v2\/types\/post"}],"author":[{"embeddable":true,"href":"https:\/\/tjsokolkoberice.cz\/index.php?rest_route=\/wp\/v2\/users\/3"}],"replies":[{"embeddable":true,"href":"https:\/\/tjsokolkoberice.cz\/index.php?rest_route=%2Fwp%2Fv2%2Fcomments&post=7581"}],"version-history":[{"count":1,"href":"https:\/\/tjsokolkoberice.cz\/index.php?rest_route=\/wp\/v2\/posts\/7581\/revisions"}],"predecessor-version":[{"id":7582,"href":"https:\/\/tjsokolkoberice.cz\/index.php?rest_route=\/wp\/v2\/posts\/7581\/revisions\/7582"}],"wp:featuredmedia":[{"embeddable":true,"href":"https:\/\/tjsokolkoberice.cz\/index.php?rest_route=\/wp\/v2\/media\/3787"}],"wp:attachment":[{"href":"https:\/\/tjsokolkoberice.cz\/index.php?rest_route=%2Fwp%2Fv2%2Fmedia&parent=7581"}],"wp:term":[{"taxonomy":"category","embeddable":true,"href":"https:\/\/tjsokolkoberice.cz\/index.php?rest_route=%2Fwp%2Fv2%2Fcategories&post=7581"},{"taxonomy":"post_tag","embeddable":true,"href":"https:\/\/tjsokolkoberice.cz\/index.php?rest_route=%2Fwp%2Fv2%2Ftags&post=7581"}],"curies":[{"name":"wp","href":"https:\/\/api.w.org\/{rel}","templated":true}]}}