{"id":7585,"date":"2022-10-29T10:06:55","date_gmt":"2022-10-29T09:06:55","guid":{"rendered":"https:\/\/tjsokolkoberice.cz\/?p=7585"},"modified":"2025-10-14T11:49:02","modified_gmt":"2025-10-14T10:49:02","slug":"vysledky-minuleho-tydne-3","status":"publish","type":"post","link":"https:\/\/tjsokolkoberice.cz\/?p=7585","title":{"rendered":"V\u00fdsledky minul\u00e9ho t\u00fddne"},"content":{"rendered":"<p style=\"text-align: justify;\"><span style=\"font-size: 12pt; font-family: helvetica, arial, sans-serif;\">Sobota 22. \u0159\u00edjna 2022<\/span><\/p>\n<p style=\"text-align: justify;\"><span style=\"font-size: 12pt; font-family: helvetica, arial, sans-serif;\"><strong>TJ Tatran Jakub\u010dovice &#8211; A mu\u017ei 1:0&nbsp; (1:0)<\/strong><\/span><\/p>\n<p style=\"text-align: justify;\"><span style=\"font-size: 12pt; font-family: helvetica, arial, sans-serif;\">Po v\u00edt\u011bzn\u00e9m utk\u00e1n\u00ed s&nbsp;Orlovou zav\u00edtali na\u0161i hr\u00e1\u010di na h\u0159i\u0161t\u011b Jakub\u010dovic. Jednalo se o souboj dvou soused\u016f v&nbsp;tabulce, kter\u00fd nakonec vyzn\u011bl l\u00e9pe pro dom\u00e1c\u00ed.<\/span><\/p>\n<p style=\"text-align: justify;\"><span style=\"font-size: 12pt; font-family: helvetica, arial, sans-serif;\">\u00davod z\u00e1pasu sp\u00ed\u0161e nasv\u011bd\u010doval exportu v\u0161ech bod\u016f do Kobe\u0159ic. Na\u0161i hr\u00e1\u010di za\u010dali zostra a mohli se ujat rychl\u00e9ho veden\u00ed. Av\u0161ak Kry\u0161tofovi nebyl uzn\u00e1n g\u00f3l pro sporn\u00fd ofsajd, dal\u0161\u00ed \u0161ance sp\u00e1lil postupn\u011b Kraut, pot\u00e9 \u0161patn\u011b vy\u0159e\u0161ili \u00fanik dvou na jednoho St\u0159\u00edbn\u00fd s&nbsp;Kry\u0161tofem a s\u00f3lov\u00fd n\u00e1jezd Krauta skon\u010dil t\u00edm, \u017ee si m\u00ed\u010d Dominik ukopnul t\u011bsn\u011b p\u0159ed brankou. Jak ji\u017e to tak b\u00fdv\u00e1, p\u0159i\u0161el trest na druh\u00e9 stran\u011b, kdy dom\u00e1c\u00ed \u010cern\u00edn dostal p\u0159\u00edli\u0161 mnoho prostoru a st\u0159elou k&nbsp;ty\u010di nedal \u0160tencelovi \u0161anci \u2013 1:0 pro dom\u00e1c\u00ed. Do polo\u010dasu se ji\u017e nic p\u0159evratn\u00e9ho nestalo. Dom\u00e1c\u00ed je\u0161t\u011b zahrozili z&nbsp;n\u011bkolika standartn\u00edch situac\u00ed, ale do kabin \u0161li nakonec s&nbsp;jednobrankovou v\u00fdhodou.<\/span><\/p>\n<p style=\"text-align: justify;\"><span style=\"font-size: 12pt; font-family: helvetica, arial, sans-serif;\">Druh\u00e9 d\u011bjstv\u00ed za\u010dalo \u0161anc\u00ed Kobe\u0159ic, kdy po rohu Kry\u0161tofa zav\u00edral zadn\u00ed ty\u010d Robin Wirth, ale m\u00ed\u010d t\u011bsn\u011b netrefil. Jina\u010d se ale Kobe\u0159ice hern\u011b tr\u00e1pily a do \u0161anc\u00ed se nedost\u00e1valy. Byli to naopak dom\u00e1c\u00ed, kte\u0159\u00ed byli aktivn\u011bj\u0161\u00ed a byli tak\u00e9 bl\u00ed\u017ee poji\u0161\u0165uj\u00edc\u00edmu druh\u00e9mu g\u00f3lu. Jejich \u0161ance ale z\u016fstaly nevyu\u017eity. To je mohlo mrzet ke konci z\u00e1pasu, kdy Kry\u0161tof trefil sk\u00e1kaj\u00edc\u00ed st\u0159elo ty\u010d. V&nbsp;nastaven\u00ed je\u0161t\u011b po z\u00e1varu p\u0159ed brankou cht\u011bli host\u00e9 penaltu, ale rozhod\u010d\u00ed situaci vid\u011bl jinak. Utk\u00e1n\u00ed tak nakonec skon\u010dilo v\u00fdsledkem 1:0.<\/span><\/p>\n<p style=\"text-align: justify;\"><span style=\"font-size: 12pt; font-family: helvetica, arial, sans-serif;\"><strong>Div\u00e1ci:<\/strong> 121<\/span><\/p>\n<p style=\"text-align: justify;\"><span style=\"font-size: 12pt; font-family: helvetica, arial, sans-serif;\"><strong>Branky:<\/strong> 20. \u010cern\u00edn Jakub<\/span><\/p>\n<p style=\"text-align: justify;\"><span style=\"font-size: 12pt; font-family: helvetica, arial, sans-serif;\"><strong>Rozhod\u010d\u00ed:<\/strong> Skl\u00e1\u0159 Ji\u0159\u00ed &#8211; Schneider Pavel, Slan\u00fd Jan.<\/span><\/p>\n<p style=\"text-align: justify;\"><span style=\"font-size: 12pt; font-family: helvetica, arial, sans-serif;\"><strong>Sestava:<\/strong>&nbsp;\u0160tencel \u2013 Stuchl\u00edk P., \u0160evior, Wirth Robin, Wirth Ren\u00e9, Kollek L. (90. Sotorn\u00edk), Kubn\u00fd (84. Kollek F), Ka\u0161n\u00fd, St\u0159\u00edbn\u00fd \u0160. (81. Stuchl\u00edk O.), Kry\u0161tof, Kraut<\/span><\/p>\n<p style=\"text-align: justify;\"><span style=\"font-size: 12pt; font-family: helvetica, arial, sans-serif;\"><strong>&nbsp;<\/strong><\/span><\/p>\n<p style=\"text-align: justify;\"><span style=\"font-size: 12pt; font-family: helvetica, arial, sans-serif;\"><strong>SO Brunt\u00e1l &#8211; St. dorost &nbsp;&nbsp;&nbsp;2:4&nbsp; (1:1)<\/strong><\/span><\/p>\n<p style=\"text-align: justify;\"><span style=\"font-size: 12pt; font-family: helvetica, arial, sans-serif;\"><strong>Branky:<\/strong> 7. Hurajt Michal, 22. Ku\u010dera Maty\u00e1\u0161&nbsp;&#8211;&nbsp;3. Stuchl\u00edk Ond\u0159ej, 76., 86. V\u00e1clav\u00edk Adam, 77. St\u0159ibn\u00fd Vojt\u011bch<\/span><\/p>\n<p style=\"text-align: justify;\"><span style=\"font-size: 12pt; font-family: helvetica, arial, sans-serif;\"><strong>Sestava: <\/strong>Hartmann O., Hant\u00e1k, Biel\u00e1k, Pa\u0161ek (30. V\u00e1clav\u00edk A.), Sotorn\u00edk, Stuchl\u00edk O., Voln\u00fd (81. St\u0159\u00edbn\u00fd V.), \u0160ime\u010dek \u0160. (30. Dlabola), Harazim (66. St\u0159\u00edbn\u00fd V.), Kretek (30. Breksa), Li\u0161ka<\/span><\/p>\n<p style=\"text-align: justify;\"><span style=\"font-size: 12pt; font-family: helvetica, arial, sans-serif;\"><strong>&nbsp;<\/strong><\/span><span style=\"font-size: 12pt; font-family: helvetica, arial, sans-serif;\"><strong>&nbsp;<\/strong><\/span><\/p>\n<p style=\"text-align: justify;\"><span style=\"font-size: 12pt; font-family: helvetica, arial, sans-serif;\"><strong>SO Brunt\u00e1l &#8211; Ml. dorost &nbsp;&nbsp;4:5&nbsp; (4:4)<\/strong><\/span><\/p>\n<p style=\"text-align: justify;\"><span style=\"font-size: 12pt; font-family: helvetica, arial, sans-serif;\"><strong>Branky:<\/strong> &nbsp;15. Jan\u010d\u00edk Michael, 21., 28. Hurajt Luk\u00e1\u0161, 39. Dang Nikolas&nbsp;&#8211;&nbsp;3., 30. Mrva Michal, 6. Slanina Maxmili\u00e1n, 19. \u0160ebek \u0160t\u011bp\u00e1n (vl.), 76. V\u00e1clav\u00edk Adam<\/span><\/p>\n<p style=\"text-align: justify;\"><span style=\"font-size: 12pt; font-family: helvetica, arial, sans-serif;\"><strong>Sestava: <\/strong>Pavlovi\u010d, Mac, Hant\u00e1k, Cziepl\u00fd, St\u0159\u00edbn\u00fd V., Hanzl\u00edk, Besta, Grigar\u010d\u00edk, V\u00e1clav\u00edk A., Slanina, Kubn\u00fd<\/span><\/p>\n<p style=\"text-align: justify;\"><span style=\"font-size: 12pt; font-family: helvetica, arial, sans-serif;\"><strong>N\u00e1hradn\u00edci<\/strong>: Birtek, Breksa, Kamr\u00e1d, Mrva, Schweidler, Slivka, Pa\u0161ek<\/span><\/p>\n<p style=\"text-align: justify;\"><span style=\"font-size: 12pt; font-family: helvetica, arial, sans-serif;\"><strong>&nbsp;<\/strong><\/span><\/p>\n<p style=\"text-align: justify;\"><span style=\"font-size: 12pt; font-family: helvetica, arial, sans-serif;\">\u010ctvrtek 20. \u0159\u00edjna 2022<\/span><\/p>\n<p style=\"text-align: justify;\"><span style=\"font-size: 12pt; font-family: helvetica, arial, sans-serif;\"><strong>Ml. \u017e\u00e1ci \u2013 TJ Mokr\u00e9 Lazce\/\u0160t\u00edtina&nbsp;&nbsp;&nbsp; 9:0&nbsp; (3:0)<\/strong><\/span><\/p>\n<p style=\"text-align: justify;\"><span style=\"font-size: 12pt; font-family: helvetica, arial, sans-serif;\">Sestava: Herich, St\u0159\u00edbn\u00fd V., Laburda, \u010cern\u00fd, Pla\u010dek, B\u0159emek, Herudek, Schweidler, \u010cujkov\u00e1, Sedl\u00e1\u010dek, Litzka, Hanzl\u00edk Kold\u011bj, Kurka, Malch\u00e1rek, Krettek, Pavlovi\u010d, Kone\u010dn\u00fd<\/span><\/p>\n\n\n<p><\/p>\n","protected":false},"excerpt":{"rendered":"<p>Sobota 22. \u0159\u00edjna 2022 TJ Tatran Jakub\u010dovice &#8211; A mu\u017ei 1:0&nbsp; (1:0) Po v\u00edt\u011bzn\u00e9m utk\u00e1n\u00ed s&nbsp;Orlovou zav\u00edtali na\u0161i hr\u00e1\u010di na h\u0159i\u0161t\u011b Jakub\u010dovic. Jednalo se o souboj<span class=\"excerpt-hellip\"> [\u2026]<\/span><\/p>\n","protected":false},"author":3,"featured_media":3192,"comment_status":"closed","ping_status":"open","sticky":false,"template":"","format":"standard","meta":{"ngg_post_thumbnail":0,"footnotes":""},"categories":[115,112,110,107,117],"tags":[],"class_list":["post-7585","post","type-post","status-publish","format-standard","has-post-thumbnail","hentry","category-a-tym","category-b-tym","category-dorost","category-fotbal","category-mladsi-zaci"],"_links":{"self":[{"href":"https:\/\/tjsokolkoberice.cz\/index.php?rest_route=\/wp\/v2\/posts\/7585","targetHints":{"allow":["GET"]}}],"collection":[{"href":"https:\/\/tjsokolkoberice.cz\/index.php?rest_route=\/wp\/v2\/posts"}],"about":[{"href":"https:\/\/tjsokolkoberice.cz\/index.php?rest_route=\/wp\/v2\/types\/post"}],"author":[{"embeddable":true,"href":"https:\/\/tjsokolkoberice.cz\/index.php?rest_route=\/wp\/v2\/users\/3"}],"replies":[{"embeddable":true,"href":"https:\/\/tjsokolkoberice.cz\/index.php?rest_route=%2Fwp%2Fv2%2Fcomments&post=7585"}],"version-history":[{"count":1,"href":"https:\/\/tjsokolkoberice.cz\/index.php?rest_route=\/wp\/v2\/posts\/7585\/revisions"}],"predecessor-version":[{"id":7586,"href":"https:\/\/tjsokolkoberice.cz\/index.php?rest_route=\/wp\/v2\/posts\/7585\/revisions\/7586"}],"wp:featuredmedia":[{"embeddable":true,"href":"https:\/\/tjsokolkoberice.cz\/index.php?rest_route=\/wp\/v2\/media\/3192"}],"wp:attachment":[{"href":"https:\/\/tjsokolkoberice.cz\/index.php?rest_route=%2Fwp%2Fv2%2Fmedia&parent=7585"}],"wp:term":[{"taxonomy":"category","embeddable":true,"href":"https:\/\/tjsokolkoberice.cz\/index.php?rest_route=%2Fwp%2Fv2%2Fcategories&post=7585"},{"taxonomy":"post_tag","embeddable":true,"href":"https:\/\/tjsokolkoberice.cz\/index.php?rest_route=%2Fwp%2Fv2%2Ftags&post=7585"}],"curies":[{"name":"wp","href":"https:\/\/api.w.org\/{rel}","templated":true}]}}