{"id":7607,"date":"2022-12-13T14:13:40","date_gmt":"2022-12-13T13:13:40","guid":{"rendered":"https:\/\/tjsokolkoberice.cz\/?p=7607"},"modified":"2025-10-14T11:49:02","modified_gmt":"2025-10-14T10:49:02","slug":"pf-2023","status":"publish","type":"post","link":"https:\/\/tjsokolkoberice.cz\/?p=7607","title":{"rendered":"PF 2023"},"content":{"rendered":"<p style=\"text-align: center;\"><span style=\"font-size: 18pt; font-family: helvetica, arial, sans-serif;\">V\u00fdkonn\u00fd v\u00fdbor TJ Sokol Kobe\u0159ice d\u011bkuje Obci Kobe\u0159ice a v\u0161em sponzor\u016fm a partner\u016fm za podporu v roce 2022. V\u0161em sportovc\u016fm, tren\u00e9r\u016fm a dobrovoln\u00edk\u016fm d\u011bkujeme za reprezentaci na\u0161eho klubu a ob\u011btavou pr\u00e1ci. Velk\u00fd d\u00edk pat\u0159\u00ed rovn\u011b\u017e fanou\u0161k\u016fm za p\u0159\u00edze\u0148 a podporu na\u0161ich mu\u017estev v uplynul\u00e9m roce!<\/span><\/p>\n<p style=\"text-align: center;\">&nbsp;<\/p>\n<p style=\"text-align: center;\"><span style=\"font-size: 18pt; font-family: helvetica, arial, sans-serif;\">P\u0159ejeme V\u00e1m poklidn\u00e9 pro\u017eit\u00ed Adventu a v\u00e1no\u010dn\u00edch sv\u00e1tk\u016f. V nov\u00e9m roce 2023 V\u00e1m p\u0159ejeme hlavn\u011b pevn\u00e9 zdrav\u00ed, \u0161t\u011bst\u00ed, rodinnou pohodu a spokojenost!<\/span><\/p>\n<p style=\"text-align: center;\">&nbsp;<\/p>\n<p style=\"text-align: justify;\"><span style=\"font-size: 18pt;\"><img loading=\"lazy\" decoding=\"async\" class=\"aligncenter wp-image-3288 size-medium\" src=\"https:\/\/tjsokolkoberice.cz\/wp-content\/uploads\/2016\/12\/logo-sokol_zs-300x99.png\" alt=\"\" width=\"300\" height=\"99\" srcset=\"https:\/\/tjsokolkoberice.cz\/wp-content\/uploads\/2016\/12\/logo-sokol_zs-300x99.png 300w, https:\/\/tjsokolkoberice.cz\/wp-content\/uploads\/2016\/12\/logo-sokol_zs-768x253.png 768w, https:\/\/tjsokolkoberice.cz\/wp-content\/uploads\/2016\/12\/logo-sokol_zs-816x270.png 816w, https:\/\/tjsokolkoberice.cz\/wp-content\/uploads\/2016\/12\/logo-sokol_zs.png 820w\" sizes=\"auto, (max-width:767px) 300px, 300px\" \/><\/span><\/p>\n","protected":false},"excerpt":{"rendered":"<p>V\u00fdkonn\u00fd v\u00fdbor TJ Sokol Kobe\u0159ice d\u011bkuje Obci Kobe\u0159ice a v\u0161em sponzor\u016fm a partner\u016fm za podporu v roce 2022. V\u0161em sportovc\u016fm, tren\u00e9r\u016fm a dobrovoln\u00edk\u016fm d\u011bkujeme za reprezentaci<span class=\"excerpt-hellip\"> [\u2026]<\/span><\/p>\n","protected":false},"author":3,"featured_media":7608,"comment_status":"closed","ping_status":"open","sticky":false,"template":"","format":"standard","meta":{"ngg_post_thumbnail":0,"footnotes":""},"categories":[150],"tags":[],"class_list":["post-7607","post","type-post","status-publish","format-standard","has-post-thumbnail","hentry","category-vse"],"_links":{"self":[{"href":"https:\/\/tjsokolkoberice.cz\/index.php?rest_route=\/wp\/v2\/posts\/7607","targetHints":{"allow":["GET"]}}],"collection":[{"href":"https:\/\/tjsokolkoberice.cz\/index.php?rest_route=\/wp\/v2\/posts"}],"about":[{"href":"https:\/\/tjsokolkoberice.cz\/index.php?rest_route=\/wp\/v2\/types\/post"}],"author":[{"embeddable":true,"href":"https:\/\/tjsokolkoberice.cz\/index.php?rest_route=\/wp\/v2\/users\/3"}],"replies":[{"embeddable":true,"href":"https:\/\/tjsokolkoberice.cz\/index.php?rest_route=%2Fwp%2Fv2%2Fcomments&post=7607"}],"version-history":[{"count":5,"href":"https:\/\/tjsokolkoberice.cz\/index.php?rest_route=\/wp\/v2\/posts\/7607\/revisions"}],"predecessor-version":[{"id":7613,"href":"https:\/\/tjsokolkoberice.cz\/index.php?rest_route=\/wp\/v2\/posts\/7607\/revisions\/7613"}],"wp:featuredmedia":[{"embeddable":true,"href":"https:\/\/tjsokolkoberice.cz\/index.php?rest_route=\/wp\/v2\/media\/7608"}],"wp:attachment":[{"href":"https:\/\/tjsokolkoberice.cz\/index.php?rest_route=%2Fwp%2Fv2%2Fmedia&parent=7607"}],"wp:term":[{"taxonomy":"category","embeddable":true,"href":"https:\/\/tjsokolkoberice.cz\/index.php?rest_route=%2Fwp%2Fv2%2Fcategories&post=7607"},{"taxonomy":"post_tag","embeddable":true,"href":"https:\/\/tjsokolkoberice.cz\/index.php?rest_route=%2Fwp%2Fv2%2Ftags&post=7607"}],"curies":[{"name":"wp","href":"https:\/\/api.w.org\/{rel}","templated":true}]}}