{"id":7635,"date":"2023-02-03T14:53:00","date_gmt":"2023-02-03T13:53:00","guid":{"rendered":"https:\/\/tjsokolkoberice.cz\/?p=7635"},"modified":"2025-10-14T11:48:48","modified_gmt":"2025-10-14T10:48:48","slug":"zimni-priprava-a-muzstva","status":"publish","type":"post","link":"https:\/\/tjsokolkoberice.cz\/?p=7635","title":{"rendered":"Zimn\u00ed p\u0159\u00edprava A mu\u017estva"},"content":{"rendered":"<p style=\"text-align: justify;\"><span style=\"font-family: helvetica, arial, sans-serif;\"><strong><u>Zimn\u00ed p\u0159\u00edprava A mu\u017estva<\/u><\/strong><\/span><\/p>\n<p style=\"text-align: justify;\"><span style=\"font-family: helvetica, arial, sans-serif;\">V \u00fater\u00fd 17. ledna 2023 za\u010dali \u00favodn\u00edm tr\u00e9ninkem zimn\u00ed p\u0159\u00edpravu na\u0161i hr\u00e1\u010di A mu\u017estva. Po dobu ledna a \u00fanora se budou p\u0159ipravovat 3x t\u00fddn\u011b v \u00fater\u00fd a ve st\u0159edu b\u011b\u017eeck\u00fdmi a silov\u00fdmi tr\u00e9ninky v ter\u00e9nu a v t\u011blocvi\u010dn\u011b, od \u00fanora pak v p\u00e1tky na um\u011bl\u00e9 tr\u00e1v\u011b v Chlebi\u010dov\u011b. Sou\u010d\u00e1sti zimn\u00ed p\u0159\u00edpravy bude i \u0161est p\u0159\u00edpravn\u00fdch utk\u00e1n\u00ed.<\/span><\/p>\n<p style=\"text-align: justify;\"><span style=\"font-family: helvetica, arial, sans-serif;\"><strong><u>Aktu\u00e1ln\u00ed k\u00e1dr A mu\u017estva v p\u0159\u00edprav\u011b:<\/u><\/strong><\/span><\/p>\n<p style=\"text-align: justify;\"><span style=\"font-family: helvetica, arial, sans-serif;\"><strong>Brank\u00e1\u0159i: <\/strong>Petr \u0160tencel, Oliver Hartmann<\/span><\/p>\n<p style=\"text-align: justify;\"><span style=\"font-family: helvetica, arial, sans-serif;\"><strong>Obr\u00e1nci: <\/strong>Filip Kollek, Ren\u00e9 Wirth, Ond\u0159ej Ve\u010derek, Petr Stuchl\u00edk, Pavel \u0160evior, Jan Buchta, Martin Schlischka, Daniel Voln\u00fd<\/span><\/p>\n<p style=\"text-align: justify;\"><span style=\"font-family: helvetica, arial, sans-serif;\"><strong>Z\u00e1lo\u017en\u00edci: <\/strong>Robin Wirth, Anton\u00edn Kubn\u00fd, Petr Ka\u0161n\u00fd, Alan Sotorn\u00edk, Zden\u011bk Kry\u0161tof, \u0160t\u011bp\u00e1n St\u0159\u00edbn\u00fd, Luk\u00e1\u0161 Kollek, Theodor Biel\u00e1k, Tobias Breksa, Dominik Stare\u010dek<\/span><\/p>\n<p style=\"text-align: justify;\"><span style=\"font-family: helvetica, arial, sans-serif;\"><strong>\u00dato\u010dn\u00edci: <\/strong>Adam \u0160ime\u010dek, Dominik Kraut, Martin St\u0159\u00edbn\u00fd, Ond\u0159ej Stuchl\u00edk<\/span><\/p>\n<p style=\"text-align: justify;\"><span style=\"font-family: helvetica, arial, sans-serif;\"><strong>Tren\u00e9r: <\/strong>Du\u0161an Christoph,<strong> vedouc\u00ed: <\/strong>Jan \u010cujek<\/span><\/p>\n<p>&nbsp;<\/p>\n<p style=\"text-align: justify;\"><span style=\"font-family: helvetica, arial, sans-serif;\"><strong><u>P\u0159\u00edpravn\u00e1 utk\u00e1n\u00ed A mu\u017estva<\/u><\/strong><\/span><\/p>\n<p style=\"text-align: justify;\"><span style=\"font-family: helvetica, arial, sans-serif;\"><strong>4.2.&nbsp;&nbsp;&nbsp;&nbsp; 10:00&nbsp;&nbsp;&nbsp; Kobe\u0159ice \u2013 Slavkov&nbsp;&nbsp;&nbsp;&nbsp;&nbsp;&nbsp;&nbsp;&nbsp; UT Chlebi\u010dov<\/strong><\/span><\/p>\n<p style=\"text-align: justify;\"><span style=\"font-family: helvetica, arial, sans-serif;\"><strong>11.2.&nbsp;&nbsp; 12:00&nbsp;&nbsp;&nbsp; Kobe\u0159ice \u2013 D. Bene\u0161ov&nbsp;&nbsp; UT Chlebi\u010dov<\/strong><\/span><\/p>\n<p style=\"text-align: justify;\"><span style=\"font-family: helvetica, arial, sans-serif;\"><strong>18.2.&nbsp;&nbsp; 10:00&nbsp;&nbsp;&nbsp; Kobe\u0159ice \u2013 Krava\u0159e&nbsp; &nbsp;&nbsp;&nbsp;&nbsp;&nbsp;&nbsp;&nbsp;UT Chlebi\u010dov<\/strong><\/span><\/p>\n<p style=\"text-align: justify;\"><span style=\"font-family: helvetica, arial, sans-serif;\"><strong>25.2.&nbsp;&nbsp; 12:00&nbsp;&nbsp;&nbsp; Kobe\u0159ice &#8211; SFC U 18&nbsp;&nbsp; &nbsp;&nbsp;&nbsp;&nbsp;UT Kyle\u0161ovice<\/strong><\/span><\/p>\n<p style=\"text-align: justify;\"><span style=\"font-family: helvetica, arial, sans-serif;\"><strong>4.3.&nbsp;&nbsp;&nbsp;&nbsp; 10:00&nbsp;&nbsp;&nbsp; Kobe\u0159ice \u2013 SFC \u201eB\u201c&nbsp;&nbsp;&nbsp;&nbsp;&nbsp;&nbsp; UT Kyle\u0161ovice<\/strong><\/span><\/p>\n<p style=\"text-align: justify;\"><span style=\"font-family: helvetica, arial, sans-serif;\"><strong>11.3.&nbsp;&nbsp; 10:00&nbsp;&nbsp;&nbsp; FK Krnov \u2013 Kobe\u0159ice&nbsp;&nbsp;&nbsp;&nbsp; <\/strong><strong>(h\u0159i\u0161t\u011b dle po\u010das\u00ed)<\/strong><\/span><\/p>\n<p>&nbsp;<\/p>\n<p><img loading=\"lazy\" decoding=\"async\" class=\"aligncenter wp-image-3288 size-medium\" src=\"https:\/\/tjsokolkoberice.cz\/wp-content\/uploads\/2016\/12\/logo-sokol_zs-300x99.png\" alt=\"\" width=\"300\" height=\"99\" srcset=\"https:\/\/tjsokolkoberice.cz\/wp-content\/uploads\/2016\/12\/logo-sokol_zs-300x99.png 300w, https:\/\/tjsokolkoberice.cz\/wp-content\/uploads\/2016\/12\/logo-sokol_zs-768x253.png 768w, https:\/\/tjsokolkoberice.cz\/wp-content\/uploads\/2016\/12\/logo-sokol_zs-816x270.png 816w, https:\/\/tjsokolkoberice.cz\/wp-content\/uploads\/2016\/12\/logo-sokol_zs.png 820w\" sizes=\"auto, (max-width:767px) 300px, 300px\" \/><\/p>\n\n\n<p><\/p>\n","protected":false},"excerpt":{"rendered":"<p>Zimn\u00ed p\u0159\u00edprava A mu\u017estva V \u00fater\u00fd 17. ledna 2023 za\u010dali \u00favodn\u00edm tr\u00e9ninkem zimn\u00ed p\u0159\u00edpravu na\u0161i hr\u00e1\u010di A mu\u017estva. Po dobu ledna a \u00fanora se budou p\u0159ipravovat<span class=\"excerpt-hellip\"> [\u2026]<\/span><\/p>\n","protected":false},"author":3,"featured_media":7309,"comment_status":"closed","ping_status":"open","sticky":false,"template":"","format":"standard","meta":{"ngg_post_thumbnail":0,"footnotes":""},"categories":[115,107],"tags":[],"class_list":["post-7635","post","type-post","status-publish","format-standard","has-post-thumbnail","hentry","category-a-tym","category-fotbal"],"_links":{"self":[{"href":"https:\/\/tjsokolkoberice.cz\/index.php?rest_route=\/wp\/v2\/posts\/7635","targetHints":{"allow":["GET"]}}],"collection":[{"href":"https:\/\/tjsokolkoberice.cz\/index.php?rest_route=\/wp\/v2\/posts"}],"about":[{"href":"https:\/\/tjsokolkoberice.cz\/index.php?rest_route=\/wp\/v2\/types\/post"}],"author":[{"embeddable":true,"href":"https:\/\/tjsokolkoberice.cz\/index.php?rest_route=\/wp\/v2\/users\/3"}],"replies":[{"embeddable":true,"href":"https:\/\/tjsokolkoberice.cz\/index.php?rest_route=%2Fwp%2Fv2%2Fcomments&post=7635"}],"version-history":[{"count":2,"href":"https:\/\/tjsokolkoberice.cz\/index.php?rest_route=\/wp\/v2\/posts\/7635\/revisions"}],"predecessor-version":[{"id":7637,"href":"https:\/\/tjsokolkoberice.cz\/index.php?rest_route=\/wp\/v2\/posts\/7635\/revisions\/7637"}],"wp:featuredmedia":[{"embeddable":true,"href":"https:\/\/tjsokolkoberice.cz\/index.php?rest_route=\/wp\/v2\/media\/7309"}],"wp:attachment":[{"href":"https:\/\/tjsokolkoberice.cz\/index.php?rest_route=%2Fwp%2Fv2%2Fmedia&parent=7635"}],"wp:term":[{"taxonomy":"category","embeddable":true,"href":"https:\/\/tjsokolkoberice.cz\/index.php?rest_route=%2Fwp%2Fv2%2Fcategories&post=7635"},{"taxonomy":"post_tag","embeddable":true,"href":"https:\/\/tjsokolkoberice.cz\/index.php?rest_route=%2Fwp%2Fv2%2Ftags&post=7635"}],"curies":[{"name":"wp","href":"https:\/\/api.w.org\/{rel}","templated":true}]}}