{"id":7650,"date":"2023-02-21T13:41:53","date_gmt":"2023-02-21T12:41:53","guid":{"rendered":"https:\/\/tjsokolkoberice.cz\/?p=7650"},"modified":"2025-10-14T11:48:48","modified_gmt":"2025-10-14T10:48:48","slug":"pripravna-utkani-nasich-muzstev-2","status":"publish","type":"post","link":"https:\/\/tjsokolkoberice.cz\/?p=7650","title":{"rendered":"P\u0159\u00edpravn\u00e1 utk\u00e1n\u00ed na\u0161ich mu\u017estev"},"content":{"rendered":"<p style=\"text-align: justify;\"><span style=\"font-size: 12pt;\"><strong><u>P\u0159\u00edpravn\u00e1 utk\u00e1n\u00ed na\u0161ich mu\u017estev<\/u><\/strong><\/span><\/p>\n<p style=\"text-align: justify;\"><span style=\"font-size: 12pt;\">Sobota 11. listopadu 2022<\/span><\/p>\n<p style=\"text-align: justify;\"><span style=\"font-size: 14pt;\"><strong>A mu\u017ei \u2013 Doln\u00ed Bene\u0161ov&nbsp; 0:7&nbsp; (0:4)<\/strong><\/span><\/p>\n<p style=\"text-align: justify;\"><span style=\"font-size: 12pt;\">Velmi nepoveden\u00e9 utk\u00e1n\u00ed odehr\u00e1li na\u0161i hr\u00e1\u010di proti Doln\u00edmu Bene\u0161ovu. Nutno podotknout, \u017ee kv\u016fli nejr\u00fazn\u011bj\u0161\u00edm d\u016fvod\u016fm chyb\u011blo spoustu zku\u0161en\u00fdch hr\u00e1\u010d\u016f, a tak p\u0159\u00edle\u017eitost dostali na\u0161i nad\u011bjn\u00ed dorostenci. I p\u0159esto je v\u00fdsledek velk\u00fdm debaklem. Doufejme, \u017ee za m\u011bs\u00edc p\u0159i prvn\u00edm mistrovsk\u00e9m utk\u00e1n\u00ed bude v\u00fdsledek pro na\u0161e hr\u00e1\u010de v\u00fdrazn\u011b p\u0159\u00edzniv\u011bj\u0161\u00ed.<\/span><\/p>\n<p style=\"text-align: justify;\"><span style=\"font-size: 12pt;\"><strong>Sestava:<\/strong>&nbsp;\u0160tencel (Hartmann O.), Schlischka M.(Buchta), Ve\u010derek, \u0160evior, Stare\u010dek, Kubn\u00fd, Ka\u0161n\u00fd, Sotorn\u00edk, Stuchl\u00edk P. (Voln\u00fd), Kollek L., St\u0159\u00edbn\u00fd M, (Biel\u00e1k)<\/span><\/p>\n<p style=\"text-align: justify;\">&nbsp;<\/p>\n<p style=\"text-align: justify;\"><span style=\"font-size: 12pt;\">Sobota 18. listopadu 2022<\/span><\/p>\n<p style=\"text-align: justify;\"><span style=\"font-size: 14pt;\"><strong>A mu\u017ei \u2013 MFK Krava\u0159e&nbsp; 3:1&nbsp; (2:0)<\/strong><strong>&nbsp;<\/strong><\/span><\/p>\n<p style=\"text-align: justify;\"><span style=\"font-size: 12pt;\">Dal\u0161\u00ed p\u0159\u00edpravn\u00e9 utk\u00e1n\u00ed sehr\u00e1li na\u0161i hr\u00e1\u010di proti vedouc\u00edmu celku 1. A t\u0159\u00eddy z&nbsp;MFK Krava\u0159e. V&nbsp;utk\u00e1n\u00ed jsme se rychle ujali veden\u00ed 2:0 po brank\u00e1ch&nbsp;&nbsp;&nbsp;&nbsp;&nbsp;&nbsp;&nbsp;&nbsp;&nbsp;&nbsp;&nbsp;&nbsp; O. Stuchl\u00edka a Kry\u0161tofa. I host\u00e9 m\u011bli sv\u00e9 p\u0159\u00edle\u017eitosti, ale sn\u00ed\u017eili a\u017e po p\u0159est\u00e1vce st\u0159elou z&nbsp;d\u00e1lky. Kone\u010dnou podobu v\u00fdsledku dal 10 min. p\u0159ed koncem znovu Ondra Stuchl\u00edk a stanovil tak na kone\u010dn\u00fdch 3:1 pro Kobe\u0159ice.<\/span><\/p>\n<p style=\"text-align: justify;\"><span style=\"font-size: 12pt;\"><strong>Branky: <\/strong>Stuchl\u00edk O. 2x, Kry\u0161tof<\/span><\/p>\n<p style=\"text-align: justify;\"><span style=\"font-size: 12pt;\"><strong>Sestava:<\/strong>&nbsp;Hartmann O. (\u0160tencel), Sotorn\u00edk, Wirth Robin, \u0160evior, Wirth Ren\u00e9, Biel\u00e1k (Schlischka M.), Kry\u0161tof, Kubn\u00fd, Stuchl\u00edk P. (Buchta), Stuchl\u00edk O.(Breksa), \u0160ime\u010dek<\/span><\/p>\n<p style=\"text-align: justify;\">&nbsp;<\/p>\n<p style=\"text-align: justify;\"><span style=\"font-size: 12pt;\">Sobota 4. listopadu 2023<\/span><\/p>\n<p style=\"text-align: justify;\"><span style=\"font-size: 12pt;\"><strong>St. dorost \u2013 Doln\u00ed Bene\u0161ov&nbsp; 4:1&nbsp; (2:0)<\/strong><\/span><\/p>\n<p style=\"text-align: justify;\"><span style=\"font-size: 12pt;\"><strong>Branky: <\/strong>Stuchl\u00edk O., Harazim, \u0160ime\u010dek, Pa\u0161ek<\/span><\/p>\n<p style=\"text-align: justify;\"><span style=\"font-size: 12pt;\"><strong>Sestava:<\/strong>&nbsp;Hartmann O., Hant\u00e1k, Biel\u00e1k, St\u0159\u00edbn\u00fd, Voln\u00fd, Sotorn\u00edk, Stare\u010dek, Dlabola, Birtek, \u0160ime\u010dek, Pa\u0161ek, Harazim, Stuchl\u00edk O., Breksa<\/span><\/p>\n<p style=\"text-align: justify;\">&nbsp;<\/p>\n<p style=\"text-align: justify;\"><span style=\"font-size: 12pt;\">Sobota 11. listopadu 2023<strong>&nbsp;<\/strong><\/span><\/p>\n<p style=\"text-align: justify;\"><span style=\"font-size: 12pt;\"><strong>Ml. dorost \u2013 Hlu\u010d\u00edn&nbsp; 5:2&nbsp; (2:2)<\/strong><\/span><\/p>\n<p style=\"text-align: justify;\"><span style=\"font-size: 12pt;\"><strong>Branky: <\/strong>Mrva M. 2x, Breksa 2x, Slanina<\/span><\/p>\n<p style=\"text-align: justify;\"><span style=\"font-size: 12pt;\"><strong>Sestava:<\/strong>&nbsp;Pavlovi\u010d, Mac, Hant\u00e1k, Pa\u0161ek, Birtek, Besta, Grigar\u010d\u00edk, V\u00e1clav\u00edk, Slanina, Kubn\u00fd, Breksa, St\u0159\u00edbn\u00fd, Kamr\u00e1d, Mrva<\/span><\/p>\n<p style=\"text-align: justify;\"><span style=\"font-size: 12pt;\">Mlad\u0161\u00ed dorost pod tren\u00e9rsk\u00fdm veden\u00edm Mari\u00e1na Hanzl\u00edka a Zby\u0148ka Breksy absolvoval ve dnech 17.2. a\u017e 19.2. kr\u00e1tk\u00e9 soust\u0159ed\u011bn\u00ed v&nbsp;are\u00e1lu v&nbsp;H\u00e1ji ve Slezsku. C\u00edlem soust\u0159ed\u011bn\u00ed bylo zlep\u0161it kondici a hern\u00ed p\u0159ipravenost t\u00fdmu. Zakon\u010den\u00edm bylo p\u0159\u00edpravn\u00e9 utk\u00e1n\u00ed proti Mal\u00fdm Ho\u0161tic\u00edm.<\/span><\/p>\n<p style=\"text-align: justify;\">&nbsp;<\/p>\n<p style=\"text-align: justify;\"><span style=\"font-size: 12pt;\">Ned\u011ble 19. listopadu 2023<strong>&nbsp;<\/strong><\/span><\/p>\n<p style=\"text-align: justify;\"><span style=\"font-size: 12pt;\"><strong>Ml. dorost \u2013 Mal\u00e9 Ho\u0161tice&nbsp; 7:1&nbsp; (4:0)<\/strong><\/span><\/p>\n<p style=\"text-align: justify;\"><span style=\"font-size: 12pt;\"><strong>Branky: <\/strong>Mrva M., Breksa, St\u0159\u00edn\u00fd, Stuchl\u00edk O. 2x, V\u00e1clav\u00edk 2x<\/span><\/p>\n<p style=\"text-align: justify;\"><span style=\"font-size: 12pt;\"><strong>Sestava:<\/strong>&nbsp;Pavlovi\u010d, Hanzl\u00edk, Mac, Hant\u00e1k, Birtek, Besta, Grigar\u010d\u00edk, V\u00e1clav\u00edk, Slanina, Kubn\u00fd, St\u0159\u00edbn\u00fd<\/span><\/p>\n<p style=\"text-align: justify;\"><span style=\"font-size: 12pt;\"><strong>St\u0159\u00eddali:<\/strong> Pa\u0161ek, mrva, Poni\u0161t, Schweidler, Litzka, Laburda, Stuchl\u00edk O.,<\/span><\/p>\nngg_shortcode_0_placeholder\n\n\n<p><\/p>\n","protected":false},"excerpt":{"rendered":"<p>P\u0159\u00edpravn\u00e1 utk\u00e1n\u00ed na\u0161ich mu\u017estev Sobota 11. listopadu 2022 A mu\u017ei \u2013 Doln\u00ed Bene\u0161ov&nbsp; 0:7&nbsp; (0:4) Velmi nepoveden\u00e9 utk\u00e1n\u00ed odehr\u00e1li na\u0161i hr\u00e1\u010di proti Doln\u00edmu Bene\u0161ovu. Nutno podotknout,<span class=\"excerpt-hellip\"> [\u2026]<\/span><\/p>\n","protected":false},"author":3,"featured_media":3787,"comment_status":"closed","ping_status":"open","sticky":false,"template":"","format":"standard","meta":{"ngg_post_thumbnail":0,"footnotes":""},"categories":[115,112,110,107],"tags":[],"class_list":["post-7650","post","type-post","status-publish","format-standard","has-post-thumbnail","hentry","category-a-tym","category-b-tym","category-dorost","category-fotbal"],"_links":{"self":[{"href":"https:\/\/tjsokolkoberice.cz\/index.php?rest_route=\/wp\/v2\/posts\/7650","targetHints":{"allow":["GET"]}}],"collection":[{"href":"https:\/\/tjsokolkoberice.cz\/index.php?rest_route=\/wp\/v2\/posts"}],"about":[{"href":"https:\/\/tjsokolkoberice.cz\/index.php?rest_route=\/wp\/v2\/types\/post"}],"author":[{"embeddable":true,"href":"https:\/\/tjsokolkoberice.cz\/index.php?rest_route=\/wp\/v2\/users\/3"}],"replies":[{"embeddable":true,"href":"https:\/\/tjsokolkoberice.cz\/index.php?rest_route=%2Fwp%2Fv2%2Fcomments&post=7650"}],"version-history":[{"count":3,"href":"https:\/\/tjsokolkoberice.cz\/index.php?rest_route=\/wp\/v2\/posts\/7650\/revisions"}],"predecessor-version":[{"id":7658,"href":"https:\/\/tjsokolkoberice.cz\/index.php?rest_route=\/wp\/v2\/posts\/7650\/revisions\/7658"}],"wp:featuredmedia":[{"embeddable":true,"href":"https:\/\/tjsokolkoberice.cz\/index.php?rest_route=\/wp\/v2\/media\/3787"}],"wp:attachment":[{"href":"https:\/\/tjsokolkoberice.cz\/index.php?rest_route=%2Fwp%2Fv2%2Fmedia&parent=7650"}],"wp:term":[{"taxonomy":"category","embeddable":true,"href":"https:\/\/tjsokolkoberice.cz\/index.php?rest_route=%2Fwp%2Fv2%2Fcategories&post=7650"},{"taxonomy":"post_tag","embeddable":true,"href":"https:\/\/tjsokolkoberice.cz\/index.php?rest_route=%2Fwp%2Fv2%2Ftags&post=7650"}],"curies":[{"name":"wp","href":"https:\/\/api.w.org\/{rel}","templated":true}]}}