{"id":7665,"date":"2023-03-16T17:03:42","date_gmt":"2023-03-16T16:03:42","guid":{"rendered":"https:\/\/tjsokolkoberice.cz\/?p=7665"},"modified":"2025-10-14T11:48:48","modified_gmt":"2025-10-14T10:48:48","slug":"pozvanka-na-prvni-jarni-utkani","status":"publish","type":"post","link":"https:\/\/tjsokolkoberice.cz\/?p=7665","title":{"rendered":"Pozv\u00e1nka na prvn\u00ed jarn\u00ed utk\u00e1n\u00ed"},"content":{"rendered":"<p style=\"text-align: justify;\"><span style=\"font-family: helvetica, arial, sans-serif; font-size: 14pt;\">Pozv\u00e1nka na prvn\u00ed jarn\u00ed utk\u00e1n\u00ed<\/span><\/p>\n<div style=\"text-align: justify;\"><span style=\"font-family: helvetica, arial, sans-serif; font-size: 14pt;\">Po dlouh\u00e9 \u010dty\u0159m\u011bs\u00ed\u010dn\u00ed odmlce se op\u011bt rozt\u00e1\u010d\u00ed kola fotbalov\u00e9ho koloto\u010de. \u00davodn\u00ed utk\u00e1n\u00ed jarn\u00ed \u010d\u00e1sti sez\u00f3ny krajsk\u00e9ho p\u0159eboru sehraj\u00ed na\u0161i A mu\u017ei proti Doln\u00edmu Bene\u0161ovu. Toto presti\u017en\u00ed utk\u00e1n\u00ed bude \u0161l\u00e1grem prvn\u00edho jarn\u00edho kola, ve kter\u00e9m se utk\u00e1vaj\u00ed soused\u00e9 v tabulce. Dom\u00e1c\u00ed Kobe\u0159ice se nach\u00e1zej\u00ed na pr\u016fb\u011b\u017en\u00e9 12. pozici se ziskem 17 bod\u016f, hostuj\u00edc\u00ed Doln\u00ed Bene\u0161ov o dv\u011b pozice za n\u00e1mi s t\u0159\u00edbodovou ztr\u00e1tou. Z tohoto pohledu se jedn\u00e1 o d\u016fle\u017eit\u00fd start, kter\u00fd m\u016f\u017ee lehce napov\u011bd\u011bt o rozlo\u017een\u00ed sil do dal\u0161\u00edho pr\u016fb\u011bhu sez\u00f3ny. Utk\u00e1n\u00ed Kobe\u0159ice vs. Doln\u00ed Bene\u0161ov se odehraje v ned\u011bli 19. b\u0159ezna od 15 hod. na na\u0161em h\u0159i\u0161ti. P\u0159ij\u010fte na\u0161e kluky povzbudit, vytvo\u0159it jim par\u00e1dn\u00ed dom\u00e1c\u00ed kulisu a dohnat je k zisku t\u0159\u00ed bod\u016f!<\/span><\/div>\n<div style=\"text-align: justify;\">&nbsp;<\/div>\n<div style=\"text-align: justify;\"><span style=\"font-family: helvetica, arial, sans-serif; font-size: 14pt;\">Kobe\u0159ice do toho!!!<\/span><\/div>\n<div>\n<p style=\"text-align: center;\"><span style=\"font-size: 14pt; font-family: helvetica, arial, sans-serif;\">30. kolo SATUM KP mu\u017e\u016f<\/span><\/p>\n<p style=\"text-align: center;\"><span style=\"font-size: 18pt; font-family: helvetica, arial, sans-serif;\"><u>Ned\u011ble 19. b\u0159ezna 2023<\/u><\/span><\/p>\n<p style=\"text-align: center;\"><span style=\"font-size: 18pt; font-family: helvetica, arial, sans-serif; color: #000080;\">15:00&nbsp;&nbsp; A mu\u017ei \u2013 Doln\u00ed Bene\u0161ov<\/span><\/p>\n<\/div>\n<p><img loading=\"lazy\" decoding=\"async\" class=\"aligncenter wp-image-3288 size-medium\" src=\"https:\/\/tjsokolkoberice.cz\/wp-content\/uploads\/2016\/12\/logo-sokol_zs-300x99.png\" alt=\"\" width=\"300\" height=\"99\" srcset=\"https:\/\/tjsokolkoberice.cz\/wp-content\/uploads\/2016\/12\/logo-sokol_zs-300x99.png 300w, https:\/\/tjsokolkoberice.cz\/wp-content\/uploads\/2016\/12\/logo-sokol_zs-768x253.png 768w, https:\/\/tjsokolkoberice.cz\/wp-content\/uploads\/2016\/12\/logo-sokol_zs-816x270.png 816w, https:\/\/tjsokolkoberice.cz\/wp-content\/uploads\/2016\/12\/logo-sokol_zs.png 820w\" sizes=\"auto, (max-width:767px) 300px, 300px\" \/><\/p>\n\n\n<p><\/p>\n","protected":false},"excerpt":{"rendered":"<p>Pozv\u00e1nka na prvn\u00ed jarn\u00ed utk\u00e1n\u00ed Po dlouh\u00e9 \u010dty\u0159m\u011bs\u00ed\u010dn\u00ed odmlce se op\u011bt rozt\u00e1\u010d\u00ed kola fotbalov\u00e9ho koloto\u010de. \u00davodn\u00ed utk\u00e1n\u00ed jarn\u00ed \u010d\u00e1sti sez\u00f3ny krajsk\u00e9ho p\u0159eboru sehraj\u00ed na\u0161i A mu\u017ei<span class=\"excerpt-hellip\"> [\u2026]<\/span><\/p>\n","protected":false},"author":3,"featured_media":3370,"comment_status":"closed","ping_status":"open","sticky":false,"template":"","format":"standard","meta":{"ngg_post_thumbnail":0,"footnotes":""},"categories":[115,107],"tags":[],"class_list":["post-7665","post","type-post","status-publish","format-standard","has-post-thumbnail","hentry","category-a-tym","category-fotbal"],"_links":{"self":[{"href":"https:\/\/tjsokolkoberice.cz\/index.php?rest_route=\/wp\/v2\/posts\/7665","targetHints":{"allow":["GET"]}}],"collection":[{"href":"https:\/\/tjsokolkoberice.cz\/index.php?rest_route=\/wp\/v2\/posts"}],"about":[{"href":"https:\/\/tjsokolkoberice.cz\/index.php?rest_route=\/wp\/v2\/types\/post"}],"author":[{"embeddable":true,"href":"https:\/\/tjsokolkoberice.cz\/index.php?rest_route=\/wp\/v2\/users\/3"}],"replies":[{"embeddable":true,"href":"https:\/\/tjsokolkoberice.cz\/index.php?rest_route=%2Fwp%2Fv2%2Fcomments&post=7665"}],"version-history":[{"count":2,"href":"https:\/\/tjsokolkoberice.cz\/index.php?rest_route=\/wp\/v2\/posts\/7665\/revisions"}],"predecessor-version":[{"id":7673,"href":"https:\/\/tjsokolkoberice.cz\/index.php?rest_route=\/wp\/v2\/posts\/7665\/revisions\/7673"}],"wp:featuredmedia":[{"embeddable":true,"href":"https:\/\/tjsokolkoberice.cz\/index.php?rest_route=\/wp\/v2\/media\/3370"}],"wp:attachment":[{"href":"https:\/\/tjsokolkoberice.cz\/index.php?rest_route=%2Fwp%2Fv2%2Fmedia&parent=7665"}],"wp:term":[{"taxonomy":"category","embeddable":true,"href":"https:\/\/tjsokolkoberice.cz\/index.php?rest_route=%2Fwp%2Fv2%2Fcategories&post=7665"},{"taxonomy":"post_tag","embeddable":true,"href":"https:\/\/tjsokolkoberice.cz\/index.php?rest_route=%2Fwp%2Fv2%2Ftags&post=7665"}],"curies":[{"name":"wp","href":"https:\/\/api.w.org\/{rel}","templated":true}]}}