{"id":7667,"date":"2023-03-16T17:07:20","date_gmt":"2023-03-16T16:07:20","guid":{"rendered":"https:\/\/tjsokolkoberice.cz\/?p=7667"},"modified":"2025-10-14T11:48:48","modified_gmt":"2025-10-14T10:48:48","slug":"vysledky-pripravnych-utkani","status":"publish","type":"post","link":"https:\/\/tjsokolkoberice.cz\/?p=7667","title":{"rendered":"V\u00fdsledky p\u0159\u00edpravn\u00fdch utk\u00e1n\u00ed"},"content":{"rendered":"<p style=\"text-align: justify;\"><span style=\"font-size: 12pt; font-family: helvetica, arial, sans-serif;\"><strong><u>P\u0159\u00edpravn\u00e1 utk\u00e1n\u00ed na\u0161ich mu\u017estev<\/u><\/strong><\/span><\/p>\n<p style=\"text-align: justify;\"><span style=\"font-size: 12pt; font-family: helvetica, arial, sans-serif;\">Ned\u011ble 12. b\u0159ezna 2023<\/span><\/p>\n<p style=\"text-align: justify;\"><span style=\"font-size: 12pt; font-family: helvetica, arial, sans-serif;\"><strong>FK Krnov &#8211; A mu\u017ei &nbsp;4:4 (2:2)<\/strong><\/span><\/p>\n<p style=\"text-align: justify;\"><span style=\"font-size: 12pt; font-family: helvetica, arial, sans-serif;\">V gener\u00e1lce na prvn\u00ed mistrovsk\u00e9 utk\u00e1n\u00ed remizovali na\u0161i A mu\u017ei po kvalitn\u00edm v\u00fdkonu s divizn\u00ed Krnovem 4:4. O v\u00edt\u011bzstv\u00ed p\u0159i\u0161li v&nbsp;posledn\u00ed vte\u0159in\u011b utk\u00e1n\u00ed po brance z&nbsp;pokutov\u00e9ho kopu. P\u0159\u00ed\u0161t\u00ed ned\u011bli 19.3. ji\u017e naostro proti Doln\u00edmu Bene\u0161ovu!<\/span><\/p>\n<p style=\"text-align: justify;\"><span style=\"font-size: 12pt; font-family: helvetica, arial, sans-serif;\"><strong>Branky:<\/strong> Kubn\u00fd 2x, Kry\u0161tof, Stuchl\u00edk O.<\/span><\/p>\n<p style=\"text-align: justify;\"><span style=\"font-size: 12pt; font-family: helvetica, arial, sans-serif;\"><strong>Sestava:<\/strong> \u0160tencel, Ve\u010derek, \u0160evior, Wirth Robin, Wirth Ren\u00e9 (75. Stare\u010dek), Kry\u0161tof, Kubn\u00fd, Ka\u0161n\u00fd, St\u0159\u00edbn\u00fd \u0160.(85. St\u0159\u00edbn\u00fd M.), Stuchl\u00edk P.(60. Schlischka M.), \u0160ime\u010dek (75. Stuchl\u00edk O.)<\/span><\/p>\n<p style=\"text-align: justify;\">&nbsp;<\/p>\n<p style=\"text-align: justify;\"><span style=\"font-size: 12pt; font-family: helvetica, arial, sans-serif;\">Sobota 4. b\u0159ezna 2023<\/span><\/p>\n<p style=\"text-align: justify;\"><span style=\"font-size: 12pt; font-family: helvetica, arial, sans-serif;\"><strong>SFC Opava B \u2013 A mu\u017ei &nbsp;13:0&nbsp; (6:0)<\/strong><\/span><\/p>\n<p style=\"text-align: justify;\"><span style=\"font-size: 12pt; font-family: helvetica, arial, sans-serif;\">Velk\u00fdm debaklem skon\u010dilo dal\u0161\u00ed p\u0159\u00edpravn\u00e9 utk\u00e1n\u00ed na\u0161ich fotbalist\u016f proti rezerv\u011b SFC Opava. Nutno podotknout, \u017ee k&nbsp;utk\u00e1n\u00ed nastoupilo na\u0161e mu\u017estvo oslabeno o 6 hr\u00e1\u010d\u016f z\u00e1kladn\u00ed sestavy, kter\u00e9 nahradili na\u0161i dorostenci. Naopak opavsk\u00e9 mu\u017estvo pos\u00edlilo 6 hr\u00e1\u010d\u016f ze \u0161ir\u0161\u00edho k\u00e1dru druholigov\u00e9ho \u00e1\u010dka. To m\u011blo velk\u00fd dopad na hern\u00ed p\u0159evahu a nakonec i v\u00fdsledek utk\u00e1n\u00ed.<\/span><\/p>\n<p style=\"text-align: justify;\"><span style=\"font-size: 12pt; font-family: helvetica, arial, sans-serif;\"><strong>Sestava:<\/strong>&nbsp;\u0160tencel (46. Hartmann O.), Stuchl\u00edk P. (46. Buchta) &nbsp;Wirth Robin, Ve\u010derek, Wirth Ren\u00e9, Schlischka M., Sotorn\u00edk, Kubn\u00fd, Kraut, Stare\u010dek, Stuchl\u00edk O. (46. Biel\u00e1k, 60. Breksa)<\/span><\/p>\n<p style=\"text-align: justify;\">&nbsp;<\/p>\n<p style=\"text-align: justify;\"><span style=\"font-size: 12pt; font-family: helvetica, arial, sans-serif;\">Sobota 25. b\u0159ezna 2023<\/span><\/p>\n<p style=\"text-align: justify;\"><span style=\"font-size: 12pt; font-family: helvetica, arial, sans-serif;\"><strong>SFC Opava U18 \u2013 A mu\u017ei&nbsp; 2:2&nbsp; (1:1)<\/strong><\/span><\/p>\n<p style=\"text-align: justify;\"><span style=\"font-size: 12pt; font-family: helvetica, arial, sans-serif;\"><strong>Branky<\/strong>: Kraut 2x<\/span><\/p>\n<p style=\"text-align: justify;\"><span style=\"font-size: 12pt; font-family: helvetica, arial, sans-serif;\"><strong>Sestava<\/strong>: \u0160tencel (46. Hartmann O.), Schlischka M. (46. Stuchl\u00edk P.), Wirth Robin (46. Buchta), Ve\u010derek (46. \u0160evior), Sotorn\u00edk (46. Kollek F.), Ka\u0161n\u00fd (70. Breksa), Kubn\u00fd (46. Voln\u00fd), Kry\u0161tof, \u0160ime\u010dek, Kraut, Stuchl\u00edk O. (46.Stare\u010dek)<\/span><\/p>\n<p style=\"text-align: justify;\">&nbsp;<\/p>\n<p style=\"text-align: justify;\"><span style=\"font-size: 12pt; font-family: helvetica, arial, sans-serif;\">Sobota 11. b\u0159ezna 2023<\/span><\/p>\n<p style=\"text-align: justify;\"><span style=\"font-size: 12pt; font-family: helvetica, arial, sans-serif;\"><strong>St. dorost \u2013 Z\u00e1vada mu\u017ei&nbsp; 8:1&nbsp; <\/strong><\/span><\/p>\n<p style=\"text-align: justify;\"><span style=\"font-size: 12pt; font-family: helvetica, arial, sans-serif;\"><strong>Branky: <\/strong>Stuchl\u00edk O. 3x, V\u00e1clav\u00edk A. 2x, Harazim I., Pa\u0161ek D. 2x<\/span><\/p>\n<p style=\"text-align: justify;\"><span style=\"font-size: 12pt; font-family: helvetica, arial, sans-serif;\"><strong>Sestava:<\/strong>&nbsp;Hartmann O., Hant\u00e1k, St\u0159\u00edbn\u00fd, Voln\u00fd, Sotorn\u00edk, Stare\u010dek, Dlabola, Birtek, \u0160ime\u010dek, Pa\u0161ek, Harazim, Stuchl\u00edk O., Breksa<\/span><\/p>\n<p style=\"text-align: justify;\">&nbsp;<\/p>\n<p style=\"text-align: justify;\"><span style=\"font-size: 12pt; font-family: helvetica, arial, sans-serif;\">Ned\u011ble 12. b\u0159ezna 2023<\/span><\/p>\n<p style=\"text-align: justify;\"><span style=\"font-size: 12pt; font-family: helvetica, arial, sans-serif;\"><strong>Ml. dorost \u2013 Poruba&nbsp; 6:1&nbsp; <\/strong><\/span><\/p>\n<p style=\"text-align: justify;\"><span style=\"font-size: 12pt; font-family: helvetica, arial, sans-serif;\"><strong>Branky: <\/strong>Mrva M. 2x, Breksa, Kubn\u00fd 2x, Pa\u0161ek D.<\/span><\/p>\n<p style=\"text-align: justify;\"><span style=\"font-size: 12pt; font-family: helvetica, arial, sans-serif;\"><strong>Sestava:<\/strong>&nbsp;Poni\u0161t (Hartmann), Hanzl\u00edk, St\u0159\u00edbn\u00fd, Hant\u00e1k, Mac, Kamr\u00e1d, Birtek, Pa\u0161ek, \u0160ime\u010dek, Besta, Mrva, Breksa, Li\u0161ka, Kubn\u00fd<\/span><\/p>\n<p style=\"text-align: justify;\">&nbsp;<\/p>\n<p style=\"text-align: justify;\"><span style=\"font-size: 12pt; font-family: helvetica, arial, sans-serif;\">Ned\u011ble 5. b\u0159ezna 2023<\/span><\/p>\n<p style=\"text-align: justify;\"><span style=\"font-size: 12pt; font-family: helvetica, arial, sans-serif;\"><strong>Ml. dorost \u2013 Slavia Opava&nbsp; 8:0<\/strong><\/span><\/p>\n<p style=\"text-align: justify;\"><span style=\"font-size: 12pt; font-family: helvetica, arial, sans-serif;\"><strong>Branky: <\/strong>Biel\u00e1k, Stare\u010dek, Breksa, St\u0159\u00edbn\u00fd, Stuchl\u00edk O. 2x, Pa\u0161ek 2x<\/span><\/p>\n<p style=\"text-align: justify;\"><span style=\"font-size: 12pt; font-family: helvetica, arial, sans-serif;\"><strong>Sestava:<\/strong>&nbsp;Hartmann, Li\u0161ka, Biel\u00e1k, Hant\u00e1k, St\u0159\u00edbn\u00fd, Sotorn\u00edk, Kubn\u00fd, Stare\u010dek, \u0160ime\u010dek, Harazim, Pa\u0161ek<\/span><\/p>\n<p style=\"text-align: justify;\"><span style=\"font-size: 12pt; font-family: helvetica, arial, sans-serif;\"><strong>St\u0159\u00eddali:<\/strong> Stuchl\u00edk O., Breksa, Birtek, Slanina<\/span><\/p>\n<p><img loading=\"lazy\" decoding=\"async\" class=\"aligncenter size-medium wp-image-3288\" src=\"https:\/\/tjsokolkoberice.cz\/wp-content\/uploads\/2016\/12\/logo-sokol_zs-300x99.png\" alt=\"\" width=\"300\" height=\"99\" srcset=\"https:\/\/tjsokolkoberice.cz\/wp-content\/uploads\/2016\/12\/logo-sokol_zs-300x99.png 300w, https:\/\/tjsokolkoberice.cz\/wp-content\/uploads\/2016\/12\/logo-sokol_zs-768x253.png 768w, https:\/\/tjsokolkoberice.cz\/wp-content\/uploads\/2016\/12\/logo-sokol_zs-816x270.png 816w, https:\/\/tjsokolkoberice.cz\/wp-content\/uploads\/2016\/12\/logo-sokol_zs.png 820w\" sizes=\"auto, (max-width:767px) 300px, 300px\" \/><\/p>\n","protected":false},"excerpt":{"rendered":"<p>P\u0159\u00edpravn\u00e1 utk\u00e1n\u00ed na\u0161ich mu\u017estev Ned\u011ble 12. b\u0159ezna 2023 FK Krnov &#8211; A mu\u017ei &nbsp;4:4 (2:2) V gener\u00e1lce na prvn\u00ed mistrovsk\u00e9 utk\u00e1n\u00ed remizovali na\u0161i A mu\u017ei po<span class=\"excerpt-hellip\"> [\u2026]<\/span><\/p>\n","protected":false},"author":3,"featured_media":2997,"comment_status":"closed","ping_status":"open","sticky":false,"template":"","format":"standard","meta":{"ngg_post_thumbnail":0,"footnotes":""},"categories":[115,112,110,107,117,111],"tags":[],"class_list":["post-7667","post","type-post","status-publish","format-standard","has-post-thumbnail","hentry","category-a-tym","category-b-tym","category-dorost","category-fotbal","category-mladsi-zaci","category-starsi-zaci"],"_links":{"self":[{"href":"https:\/\/tjsokolkoberice.cz\/index.php?rest_route=\/wp\/v2\/posts\/7667","targetHints":{"allow":["GET"]}}],"collection":[{"href":"https:\/\/tjsokolkoberice.cz\/index.php?rest_route=\/wp\/v2\/posts"}],"about":[{"href":"https:\/\/tjsokolkoberice.cz\/index.php?rest_route=\/wp\/v2\/types\/post"}],"author":[{"embeddable":true,"href":"https:\/\/tjsokolkoberice.cz\/index.php?rest_route=\/wp\/v2\/users\/3"}],"replies":[{"embeddable":true,"href":"https:\/\/tjsokolkoberice.cz\/index.php?rest_route=%2Fwp%2Fv2%2Fcomments&post=7667"}],"version-history":[{"count":2,"href":"https:\/\/tjsokolkoberice.cz\/index.php?rest_route=\/wp\/v2\/posts\/7667\/revisions"}],"predecessor-version":[{"id":7674,"href":"https:\/\/tjsokolkoberice.cz\/index.php?rest_route=\/wp\/v2\/posts\/7667\/revisions\/7674"}],"wp:featuredmedia":[{"embeddable":true,"href":"https:\/\/tjsokolkoberice.cz\/index.php?rest_route=\/wp\/v2\/media\/2997"}],"wp:attachment":[{"href":"https:\/\/tjsokolkoberice.cz\/index.php?rest_route=%2Fwp%2Fv2%2Fmedia&parent=7667"}],"wp:term":[{"taxonomy":"category","embeddable":true,"href":"https:\/\/tjsokolkoberice.cz\/index.php?rest_route=%2Fwp%2Fv2%2Fcategories&post=7667"},{"taxonomy":"post_tag","embeddable":true,"href":"https:\/\/tjsokolkoberice.cz\/index.php?rest_route=%2Fwp%2Fv2%2Ftags&post=7667"}],"curies":[{"name":"wp","href":"https:\/\/api.w.org\/{rel}","templated":true}]}}