{"id":7677,"date":"2023-03-24T13:30:04","date_gmt":"2023-03-24T12:30:04","guid":{"rendered":"https:\/\/tjsokolkoberice.cz\/?p=7677"},"modified":"2025-10-14T11:48:48","modified_gmt":"2025-10-14T10:48:48","slug":"vysledky-minuleho-tydne-5","status":"publish","type":"post","link":"https:\/\/tjsokolkoberice.cz\/?p=7677","title":{"rendered":"V\u00fdsledky minul\u00e9ho t\u00fddne"},"content":{"rendered":"<p style=\"text-align: justify;\"><span style=\"font-size: 12pt; font-family: helvetica, arial, sans-serif;\">Ned\u011ble 19. b\u0159ezna 2023<\/span><\/p>\n<p style=\"text-align: justify;\"><span style=\"font-size: 12pt; font-family: helvetica, arial, sans-serif;\"><strong>A mu\u017ei \u2013 FC Doln\u00ed Bene\u0161ov&nbsp; 0:2 (0:0)<\/strong><\/span><\/p>\n<p style=\"text-align: justify;\"><span style=\"font-size: 12pt; font-family: helvetica, arial, sans-serif;\">Skoro \u010dty\u0159i stovky div\u00e1k\u016f dorazily na derby krajsk\u00e9ho p\u0159eboru do Kobe\u0159ic. Dom\u00e1c\u00ed celek hostil Doln\u00ed Bene\u0161ov. Host\u00e9 s&nbsp;nov\u00fdm kou\u010dem Du\u0161anem Harazimem sv\u00e9ho hostitele jasn\u011b p\u0159ehr\u00e1li. Bene\u0161ov\u0161t\u00ed vyhr\u00e1li 2:0, kdy\u017e oba g\u00f3ly vst\u0159elil Filip&nbsp;Labuda.<\/span><\/p>\n<p style=\"text-align: justify;\"><span style=\"font-size: 12pt; font-family: helvetica, arial, sans-serif;\">\u201eOd prvn\u00edch minut jsme byli lep\u0161\u00edm t\u00fdmem. Byli jsme d\u016frazn\u011bj\u0161\u00ed a agresivn\u011bj\u0161\u00ed,\u201c vzal si \u00favodn\u00ed slovo tren\u00e9r Doln\u00edho Bene\u0161ova Du\u0161an Harazim. Host\u00e9 m\u011bli prvn\u00ed \u0161anci u\u017e v&nbsp;8. minut\u011b, kdy po p\u0159ihr\u00e1vce Osv\u011b\u010d\u00edka zakon\u010doval Labuda. Ten m\u011bl vz\u00e1p\u011bt\u00ed dal\u0161\u00ed mo\u017enost, ale brank\u00e1\u0159 \u0160tencel byl proti. N\u00e1sledn\u011b st\u0159\u00edlel nad Skroch. Ve 20.&nbsp;minut\u011b kopal Jaroszek roh, zakon\u010doval Kalu\u017ea, bez\u00fasp\u011b\u0161n\u011b. A&nbsp;kdy\u017e se hlavou neprosadil hlavou Labuda, \u0161lo se do kabin za bezbrankov\u00e9ho stavu. \u201eHr\u00e1li jsme hrozn\u011b. V\u016fbec n\u00e1m to ne\u0161lo, Doln\u00ed Bene\u0161ov byl jasn\u011b lep\u0161\u00ed a jen dob\u0159e chytaj\u00edc\u00ed Petr \u0160tencel n\u00e1s dr\u017eel nad vodou. D\u00edky n\u011bmu byl v\u00fdsledek otev\u0159en\u00fd,\u201c poznamenal \u0161\u00e9f dom\u00e1c\u00ed lavi\u010dky Du\u0161an Christoph. \u201eZahozen\u00e9 \u0161ance n\u00e1s mrz\u00ed. M\u011bli jsme obavy z&nbsp;toho, aby dom\u00e1c\u00edm po p\u0159est\u00e1vce nevy\u0161el n\u011bjak\u00fd brejk,\u201c p\u0159iznal Harazim.<\/span><\/p>\n<p style=\"text-align: justify;\"><span style=\"font-size: 12pt; font-family: helvetica, arial, sans-serif;\">T\u0159i minuty po p\u0159est\u00e1vce byl k&nbsp;vid\u011bn\u00ed prvn\u00ed g\u00f3l. Host\u00e9 kopali trestn\u00fd kop a Labuda balon nasm\u011broval p\u0159es ze\u010f do branky. Po hodin\u011b hry ude\u0159ili host\u00e9 znovu, kdy\u017e Labuda zakon\u010dil svou individu\u00e1ln\u00ed akci g\u00f3lovou st\u0159elou \u2013 0:2. \u201eMy jsme moc nebezpe\u010dn\u00ed nebyli. Ke dv\u011bma st\u0159el\u00e1m se dostal Kraut, av\u0161ak branku jsme nedali. N\u00e1\u0161 p\u0159\u00edstup nebyl dobr\u00fd. Doln\u00ed Bene\u0161ov vyhr\u00e1l zcela zaslou\u017een\u011b, my jsme nep\u0159evedli t\u00e9m\u011b\u0159 nic,\u201c uznal Du\u0161an Christoph. \u201eT\u00e9m\u011b\u0159 b\u011bhem cel\u00e9ho z\u00e1pasu jsme m\u011bli hru pod kontrolou, tedy krom\u011b desetiminutov\u00e9 pas\u00e1\u017ee, kdy p\u0159evzali iniciativu dom\u00e1c\u00ed. Kluky mus\u00edm pochv\u00e1lit. Jsem spokojen jak s&nbsp;v\u00fdsledkem, tak p\u0159edvedenou hrou,\u201c zakon\u010dil Du\u0161an Harazim (zdroj opavsky. denik.cz)<\/span><\/p>\n<p style=\"text-align: justify;\"><span style=\"font-size: 12pt; font-family: helvetica, arial, sans-serif;\"><strong>Branky: <\/strong>48.&nbsp;a 62.&nbsp;Labuda<\/span><\/p>\n<p style=\"text-align: justify;\"><span style=\"font-size: 12pt; font-family: helvetica, arial, sans-serif;\"><strong>Rozhod\u010d\u00ed: <\/strong>Stankov \u2013 Bor\u00e1\u0148, \u010cuba<\/span><\/p>\n<p style=\"text-align: justify;\"><span style=\"font-size: 12pt; font-family: helvetica, arial, sans-serif;\"><strong>Div\u00e1ci: <\/strong>350<\/span><\/p>\n<p style=\"text-align: justify;\"><span style=\"font-size: 12pt; font-family: helvetica, arial, sans-serif;\"><strong>Kobe\u0159ice: <\/strong>\u0160tencel \u2013 O. Ve\u010derek, Robin Wirth, \u0160evior, Ren\u00e9 Wirth (71.&nbsp;Sotorn\u00edk) \u2013 Kry\u0161tof, Ka\u0161n\u00fd, Kubn\u00fd, \u0160. St\u0159\u00edbn\u00fd (71.&nbsp;Schlischka), P. Stuchl\u00edk (54.&nbsp;Kraut) \u2013 O. Stuchl\u00edk. Tren\u00e9r: Du\u0161an Christoph.<\/span><\/p>\n<p style=\"text-align: justify;\"><span style=\"font-size: 12pt; font-family: helvetica, arial, sans-serif;\"><strong>Doln\u00ed Bene\u0161ov: <\/strong>Simkani\u010d \u2013 Sobek, Kalu\u017ea, Moravec, Kalfas \u2013 Jaroszek, Herich (81.&nbsp;Bart\u016fn\u011bk), Skroch, P\u00edskala (87.&nbsp;M. Ve\u010derek) \u2013 Labuda, Osv\u011b\u010d\u00edk. Tren\u00e9r: Du\u0161an Harazim<strong>.<\/strong><\/span><\/p>\n<p style=\"text-align: justify;\">&nbsp;<\/p>\n<p style=\"text-align: justify;\"><span style=\"font-size: 12pt; font-family: helvetica, arial, sans-serif;\">Sobota 18. b\u0159ezna 2023<\/span><\/p>\n<p style=\"text-align: justify;\"><span style=\"font-size: 12pt; font-family: helvetica, arial, sans-serif;\"><strong>Hranice na Morav\u011b &#8211; Ml. dorost&nbsp;&nbsp; 3:7&nbsp; (1:3)<\/strong><\/span><\/p>\n<p style=\"text-align: justify;\"><span style=\"font-size: 12pt; font-family: helvetica, arial, sans-serif;\">Dal\u0161\u00ed p\u0159\u00edpravn\u00e9 utk\u00e1n\u00ed sehr\u00e1li na\u0161i mlad\u0161\u00ed dorostenci. Tentokr\u00e1t vyjeli do dalek\u00fdch Hranic na Morav\u011b, kde se utkali s&nbsp;v\u00fdb\u011brem m\u00edstn\u00edch mlad\u0161\u00edch dorostenc\u016f.<\/span><\/p>\n<p style=\"text-align: justify;\"><span style=\"font-size: 12pt; font-family: helvetica, arial, sans-serif;\"><strong>Branky: <\/strong>Mrva M. 3x, Breksa 2x, Besta, Gyrgar\u010d\u00edk<\/span><\/p>\n<p style=\"text-align: justify;\"><span style=\"font-size: 12pt; font-family: helvetica, arial, sans-serif;\"><strong>Sestava:<\/strong>&nbsp;Pavlovi\u010d, Hanzl\u00edk, St\u0159\u00edbn\u00fd, Hant\u00e1k, Mac, Kamr\u00e1d, Birtek, Pa\u0161ek, \u0160ime\u010dek, Besta, Mrva, Breksa, Kubn\u00fd, Poni\u0161t, V\u00e1clav\u00edk, Laburda, Schweidler, Litzka<\/span><\/p>\n<p>&nbsp;<\/p>\n<p><img loading=\"lazy\" decoding=\"async\" class=\"aligncenter size-medium wp-image-3288\" src=\"https:\/\/tjsokolkoberice.cz\/wp-content\/uploads\/2016\/12\/logo-sokol_zs-300x99.png\" alt=\"\" width=\"300\" height=\"99\" srcset=\"https:\/\/tjsokolkoberice.cz\/wp-content\/uploads\/2016\/12\/logo-sokol_zs-300x99.png 300w, https:\/\/tjsokolkoberice.cz\/wp-content\/uploads\/2016\/12\/logo-sokol_zs-768x253.png 768w, https:\/\/tjsokolkoberice.cz\/wp-content\/uploads\/2016\/12\/logo-sokol_zs-816x270.png 816w, https:\/\/tjsokolkoberice.cz\/wp-content\/uploads\/2016\/12\/logo-sokol_zs.png 820w\" sizes=\"auto, (max-width:767px) 300px, 300px\" \/><\/p>\n","protected":false},"excerpt":{"rendered":"<p>Ned\u011ble 19. b\u0159ezna 2023 A mu\u017ei \u2013 FC Doln\u00ed Bene\u0161ov&nbsp; 0:2 (0:0) Skoro \u010dty\u0159i stovky div\u00e1k\u016f dorazily na derby krajsk\u00e9ho p\u0159eboru do Kobe\u0159ic. Dom\u00e1c\u00ed celek hostil<span class=\"excerpt-hellip\"> [\u2026]<\/span><\/p>\n","protected":false},"author":3,"featured_media":3370,"comment_status":"closed","ping_status":"open","sticky":false,"template":"","format":"standard","meta":{"ngg_post_thumbnail":0,"footnotes":""},"categories":[115,110,107],"tags":[],"class_list":["post-7677","post","type-post","status-publish","format-standard","has-post-thumbnail","hentry","category-a-tym","category-dorost","category-fotbal"],"_links":{"self":[{"href":"https:\/\/tjsokolkoberice.cz\/index.php?rest_route=\/wp\/v2\/posts\/7677","targetHints":{"allow":["GET"]}}],"collection":[{"href":"https:\/\/tjsokolkoberice.cz\/index.php?rest_route=\/wp\/v2\/posts"}],"about":[{"href":"https:\/\/tjsokolkoberice.cz\/index.php?rest_route=\/wp\/v2\/types\/post"}],"author":[{"embeddable":true,"href":"https:\/\/tjsokolkoberice.cz\/index.php?rest_route=\/wp\/v2\/users\/3"}],"replies":[{"embeddable":true,"href":"https:\/\/tjsokolkoberice.cz\/index.php?rest_route=%2Fwp%2Fv2%2Fcomments&post=7677"}],"version-history":[{"count":2,"href":"https:\/\/tjsokolkoberice.cz\/index.php?rest_route=\/wp\/v2\/posts\/7677\/revisions"}],"predecessor-version":[{"id":7679,"href":"https:\/\/tjsokolkoberice.cz\/index.php?rest_route=\/wp\/v2\/posts\/7677\/revisions\/7679"}],"wp:featuredmedia":[{"embeddable":true,"href":"https:\/\/tjsokolkoberice.cz\/index.php?rest_route=\/wp\/v2\/media\/3370"}],"wp:attachment":[{"href":"https:\/\/tjsokolkoberice.cz\/index.php?rest_route=%2Fwp%2Fv2%2Fmedia&parent=7677"}],"wp:term":[{"taxonomy":"category","embeddable":true,"href":"https:\/\/tjsokolkoberice.cz\/index.php?rest_route=%2Fwp%2Fv2%2Fcategories&post=7677"},{"taxonomy":"post_tag","embeddable":true,"href":"https:\/\/tjsokolkoberice.cz\/index.php?rest_route=%2Fwp%2Fv2%2Ftags&post=7677"}],"curies":[{"name":"wp","href":"https:\/\/api.w.org\/{rel}","templated":true}]}}