{"id":7685,"date":"2023-03-31T12:01:44","date_gmt":"2023-03-31T11:01:44","guid":{"rendered":"https:\/\/tjsokolkoberice.cz\/?p=7685"},"modified":"2025-10-14T11:48:48","modified_gmt":"2025-10-14T10:48:48","slug":"vysledky-minuleho-tydne-6","status":"publish","type":"post","link":"https:\/\/tjsokolkoberice.cz\/?p=7685","title":{"rendered":"V\u00fdsledky minul\u00e9ho t\u00fddne"},"content":{"rendered":"<p style=\"text-align: justify;\"><span style=\"font-size: 12pt; font-family: helvetica, arial, sans-serif;\">Sobota 25. b\u0159ezna 2023<\/span><\/p>\n<p style=\"text-align: justify;\"><span style=\"font-size: 12pt; font-family: helvetica, arial, sans-serif;\"><strong>TJ Hav\u00ed\u0159ov-Doln\u00ed Datyn\u011b &#8211; A mu\u017ei&nbsp;&nbsp; 0:2 (0:0)<\/strong><\/span><\/p>\n<p style=\"text-align: justify;\"><span style=\"font-size: 12pt; font-family: helvetica, arial, sans-serif;\">Minul\u00fd z\u00e1pas s&nbsp;Doln\u00edm Bene\u0161ovem se kobe\u0159ick\u00fdm fotbalist\u016fm p\u0159\u00edli\u0161 nepovedl. V&nbsp;sobotu si ale sv\u011b\u0159enci tren\u00e9ra Du\u0161ana Christopha spravili chu\u0165. V&nbsp;Doln\u00ed Datyni vyhr\u00e1li d\u00edky dv\u011bma g\u00f3l\u016fm Luk\u00e1\u0161e Kollka 2:0.<\/span><\/p>\n<p style=\"text-align: justify;\"><span style=\"font-size: 12pt; font-family: helvetica, arial, sans-serif;\">\u201eJsem nadm\u00edru spokojen. Samoz\u0159ejm\u011b s&nbsp;v\u00fdsledkem a tak\u00e9 s&nbsp;pr\u00e1ci defenz\u00edvy. Dom\u00e1c\u00ed celek jsme a\u017e na v\u00fdjimky do \u017e\u00e1dn\u00fdch velk\u00fdch akc\u00ed nepou\u0161t\u011bli,\u201c pochvaloval si tren\u00e9r Kobe\u0159ic Du\u0161an Christoph. \u201eNa kr\u00e1tk\u00e9m a \u00fazk\u00e9m h\u0159i\u0161ti to bylo hodn\u011b o&nbsp;bojovnosti. Cht\u011bli jsme usp\u011bt v\u00edce ne\u017e soupe\u0159, a to rozhodlo. Jsem r\u00e1d, \u017ee se n\u00e1m poda\u0159ilo ukon\u010dit s\u00e9rii p\u011bti z\u00e1pas\u016f bez v\u00edt\u011bzstv\u00ed,\u201c dodal. Dom\u00e1c\u00ed m\u011bli nejv\u011bt\u0161\u00ed \u0161anci ve 26.&nbsp;minuty, kdy\u017e nast\u0159elili ty\u010dku \u0160tenclovy branky.<\/span><\/p>\n<p style=\"text-align: justify;\"><span style=\"font-size: 12pt; font-family: helvetica, arial, sans-serif;\">Do veden\u00ed \u0161li Kobe\u0159i\u010dt\u00ed v&nbsp;50. minut\u011b. Kubn\u00fd na\u0161el Kollka a ten st\u0159elou na zadn\u00ed ty\u010d p\u0159ekonal brank\u00e1\u0159e Klimszu. Deset minut p\u0159ed koncem p\u0159edvedli host\u00e9 akci na jeden dotek, kdy dob\u0159e zakombinovali \u0160ime\u010dek se \u0160t\u011bp\u00e1nem St\u0159\u00edbn\u00fdm a nakonec se k&nbsp;zakon\u010den\u00ed dostal Kollek a upravil na kone\u010dn\u00fdch 0:2 (zdroj opavsky.denik.cz).<\/span><\/p>\n<p style=\"text-align: justify;\"><span style=\"font-size: 12pt; font-family: helvetica, arial, sans-serif;\"><strong>Branky:<\/strong> 50., 80. Kollek Luk\u00e1\u0161<\/span><\/p>\n<p style=\"text-align: justify;\"><span style=\"font-size: 12pt; font-family: helvetica, arial, sans-serif;\"><strong>Rozhod\u010d\u00ed:<\/strong> Vojkovsk\u00fd Michael &#8211; Kolarsk\u00fd Michal, \u0160vec Marek.<\/span><\/p>\n<p style=\"text-align: justify;\"><span style=\"font-size: 12pt; font-family: helvetica, arial, sans-serif;\"><strong>Div\u00e1ci<\/strong>: 50<\/span><\/p>\n<p style=\"text-align: justify;\"><span style=\"font-size: 12pt; font-family: helvetica, arial, sans-serif;\"><strong>Kobe\u0159ice:<\/strong>&nbsp;\u0160tencel \u2013 Ve\u010derek, Robin Wirth, \u0160evior, P. Stuchl\u00edk (K) \u2013 L. Kollek (82.&nbsp;Schlischka), Ka\u0161n\u00fd, Kubn\u00fd (89.&nbsp;M. St\u0159\u00edbn\u00fd), \u0160. St\u0159\u00edbn\u00fd \u2013 Kraut (62.&nbsp;O. Stuchl\u00edk), \u0160ime\u010dek (89.&nbsp;Sotorn\u00edk). Tren\u00e9r: Du\u0161an Christoph.<\/span><\/p>\n<p style=\"text-align: justify;\">&nbsp;<\/p>\n<p style=\"text-align: justify;\"><span style=\"font-size: 12pt; font-family: helvetica, arial, sans-serif;\">Ned\u011ble 26. b\u0159ezna 2023<\/span><\/p>\n<p style=\"text-align: justify;\"><span style=\"font-size: 12pt; font-family: helvetica, arial, sans-serif;\"><strong>TJ Unie Hlubina &#8211; St. dorost&nbsp;&nbsp; 2:2&nbsp; (1:0)<\/strong><\/span><\/p>\n<p style=\"text-align: justify;\"><span style=\"font-size: 12pt; font-family: helvetica, arial, sans-serif;\"><strong>Branky: <\/strong>45. (pen.), 76. Bernatsk\u00fd Tom\u00e1\u0161&nbsp;&#8211;&nbsp;83. Dlabola Maxim, 90. Stuchl\u00edk Ond\u0159ej (pen.)<\/span><\/p>\n<p style=\"text-align: justify;\"><span style=\"font-size: 12pt; font-family: helvetica, arial, sans-serif;\"><strong>Sestava:<\/strong>&nbsp;Hartmann, Hant\u00e1k, Biel\u00e1k, Li\u0161ka, St\u0159\u00edbn\u00fd (80. Dlabola), Voln\u00fd, \u0160ime\u010dek (46. Pa\u0161ek), Sotorn\u00edk, Stare\u010dek, Stuchl\u00edk O. (K), Harazim<\/span><\/p>\n<p style=\"text-align: justify;\">&nbsp;<\/p>\n<p style=\"text-align: justify;\"><span style=\"font-size: 12pt; font-family: helvetica, arial, sans-serif;\"><strong>TJ Unie Hlubina &#8211; Ml. dorost&nbsp;&nbsp; 1:7&nbsp; (1:5)<\/strong><\/span><\/p>\n<p style=\"text-align: justify;\"><span style=\"font-size: 12pt; font-family: helvetica, arial, sans-serif;\"><strong>Branky: <\/strong>10. Wolkowinskij V\u00edt&nbsp;&#8211;&nbsp;13. Hant\u00e1k Vojt\u011bch, 7.,16., 80. Breksa Tobias, 20. Grigar\u010d\u00edk Nikolas, 35. Birtek Michal, 60. St\u0159ibn\u00fd Vojt\u011bch<\/span><\/p>\n<p style=\"text-align: justify;\"><span style=\"font-size: 12pt; font-family: helvetica, arial, sans-serif;\"><strong>Sestava:<\/strong>&nbsp;Pavlovi\u010d, Hanzl\u00edk, St\u0159\u00edbn\u00fd (K), Hant\u00e1k, Mac, Kamr\u00e1d, Birtek, Pa\u0161ek, Besta, Mrva, Breksa, Kubn\u00fd, Poni\u0161t, V\u00e1clav\u00edk, Slanina, Cziepl\u00fd, Grigar\u010d\u00edk<\/span><\/p>\n<p>&nbsp;<\/p>\n<p><img loading=\"lazy\" decoding=\"async\" class=\"aligncenter size-medium wp-image-3288\" src=\"https:\/\/tjsokolkoberice.cz\/wp-content\/uploads\/2016\/12\/logo-sokol_zs-300x99.png\" alt=\"\" width=\"300\" height=\"99\" srcset=\"https:\/\/tjsokolkoberice.cz\/wp-content\/uploads\/2016\/12\/logo-sokol_zs-300x99.png 300w, https:\/\/tjsokolkoberice.cz\/wp-content\/uploads\/2016\/12\/logo-sokol_zs-768x253.png 768w, https:\/\/tjsokolkoberice.cz\/wp-content\/uploads\/2016\/12\/logo-sokol_zs-816x270.png 816w, https:\/\/tjsokolkoberice.cz\/wp-content\/uploads\/2016\/12\/logo-sokol_zs.png 820w\" sizes=\"auto, (max-width:767px) 300px, 300px\" \/><\/p>\n\n\n<p><\/p>\n","protected":false},"excerpt":{"rendered":"<p>Sobota 25. b\u0159ezna 2023 TJ Hav\u00ed\u0159ov-Doln\u00ed Datyn\u011b &#8211; A mu\u017ei&nbsp;&nbsp; 0:2 (0:0) Minul\u00fd z\u00e1pas s&nbsp;Doln\u00edm Bene\u0161ovem se kobe\u0159ick\u00fdm fotbalist\u016fm p\u0159\u00edli\u0161 nepovedl. V&nbsp;sobotu si ale sv\u011b\u0159enci tren\u00e9ra<span class=\"excerpt-hellip\"> [\u2026]<\/span><\/p>\n","protected":false},"author":3,"featured_media":3291,"comment_status":"closed","ping_status":"open","sticky":false,"template":"","format":"standard","meta":{"ngg_post_thumbnail":0,"footnotes":""},"categories":[115,110,107],"tags":[],"class_list":["post-7685","post","type-post","status-publish","format-standard","has-post-thumbnail","hentry","category-a-tym","category-dorost","category-fotbal"],"_links":{"self":[{"href":"https:\/\/tjsokolkoberice.cz\/index.php?rest_route=\/wp\/v2\/posts\/7685","targetHints":{"allow":["GET"]}}],"collection":[{"href":"https:\/\/tjsokolkoberice.cz\/index.php?rest_route=\/wp\/v2\/posts"}],"about":[{"href":"https:\/\/tjsokolkoberice.cz\/index.php?rest_route=\/wp\/v2\/types\/post"}],"author":[{"embeddable":true,"href":"https:\/\/tjsokolkoberice.cz\/index.php?rest_route=\/wp\/v2\/users\/3"}],"replies":[{"embeddable":true,"href":"https:\/\/tjsokolkoberice.cz\/index.php?rest_route=%2Fwp%2Fv2%2Fcomments&post=7685"}],"version-history":[{"count":1,"href":"https:\/\/tjsokolkoberice.cz\/index.php?rest_route=\/wp\/v2\/posts\/7685\/revisions"}],"predecessor-version":[{"id":7686,"href":"https:\/\/tjsokolkoberice.cz\/index.php?rest_route=\/wp\/v2\/posts\/7685\/revisions\/7686"}],"wp:featuredmedia":[{"embeddable":true,"href":"https:\/\/tjsokolkoberice.cz\/index.php?rest_route=\/wp\/v2\/media\/3291"}],"wp:attachment":[{"href":"https:\/\/tjsokolkoberice.cz\/index.php?rest_route=%2Fwp%2Fv2%2Fmedia&parent=7685"}],"wp:term":[{"taxonomy":"category","embeddable":true,"href":"https:\/\/tjsokolkoberice.cz\/index.php?rest_route=%2Fwp%2Fv2%2Fcategories&post=7685"},{"taxonomy":"post_tag","embeddable":true,"href":"https:\/\/tjsokolkoberice.cz\/index.php?rest_route=%2Fwp%2Fv2%2Ftags&post=7685"}],"curies":[{"name":"wp","href":"https:\/\/api.w.org\/{rel}","templated":true}]}}