{"id":7713,"date":"2023-04-12T17:10:06","date_gmt":"2023-04-12T16:10:06","guid":{"rendered":"https:\/\/tjsokolkoberice.cz\/?p=7713"},"modified":"2025-10-14T11:48:48","modified_gmt":"2025-10-14T10:48:48","slug":"vysledky-nasich-muzstev-21","status":"publish","type":"post","link":"https:\/\/tjsokolkoberice.cz\/?p=7713","title":{"rendered":"V\u00fdsledky na\u0161ich mu\u017estev"},"content":{"rendered":"<p style=\"text-align: justify;\"><span style=\"font-size: 12pt; font-family: helvetica, arial, sans-serif;\">Sobota 8. dubna 2023<\/span><\/p>\n<p style=\"text-align: justify;\"><span style=\"font-size: 12pt; font-family: helvetica, arial, sans-serif;\"><strong>&nbsp;<\/strong><\/span><\/p>\n<p style=\"text-align: justify;\"><span style=\"font-size: 14pt; font-family: helvetica, arial, sans-serif;\"><strong>Spolek SK Bru\u0161perk &#8211; A mu\u017ei &nbsp;&nbsp;&nbsp;2:4&nbsp; (2:0)<\/strong><\/span><\/p>\n<p style=\"text-align: justify;\"><span style=\"font-size: 12pt; font-family: helvetica, arial, sans-serif;\"><strong>&nbsp;<\/strong><\/span><\/p>\n<p style=\"text-align: justify;\"><span style=\"font-size: 12pt; font-family: helvetica, arial, sans-serif;\">Velk\u00fd obrat p\u0159edvedli fotbalist\u00e9 Kobe\u0159ic na h\u0159i\u0161ti v&nbsp;Bru\u0161perku. V&nbsp;prvn\u00edm polo\u010dase nabrali dvoubrankov\u00e9 manko, po p\u0159est\u00e1vce ale p\u0159i\u0161el velk\u00fd obrat. B\u011bhem sedmn\u00e1cti minuta dali \u010dty\u0159i branky a vyhr\u00e1li 4:2. Poveden\u00fd z\u00e1pas odehr\u00e1l Adam \u0160ime\u010dek, autor dvou&nbsp;g\u00f3l\u016f.<\/span><\/p>\n<p style=\"text-align: justify;\"><span style=\"font-size: 12pt; font-family: helvetica, arial, sans-serif;\"><strong>&nbsp;<\/strong><\/span><\/p>\n<p style=\"text-align: justify;\"><span style=\"font-size: 12pt; font-family: helvetica, arial, sans-serif;\">\u201eU\u017e prvn\u00ed polo\u010das nebyl z&nbsp;na\u0161\u00ed strany \u0161patn\u00fd. Jen jsme nedok\u00e1zali prom\u011b\u0148ovat na\u0161e \u0161ance,\u201c podotkl kobe\u0159ick\u00fd kou\u010d. \u201eDom\u00e1c\u00ed dvakr\u00e1t vyst\u0159elili na branku a byly z&nbsp;toho dva g\u00f3ly,\u201c pokra\u010doval. Ve 24.&nbsp;minut\u011b se dostal k&nbsp;m\u00ed\u010di Dry\u00e1k a st\u0159elou na zadn\u00ed ty\u010d otev\u0159el sk\u00f3re. \u201eBrance dle m\u00e9ho n\u00e1zoru p\u0159edch\u00e1zel faul na \u0160eviora,\u201c poznamenal hostuj\u00edc\u00ed strat\u00e9g. O&nbsp;p\u011bt minut pozd\u011bji b\u011b\u017eel s\u00e1m na g\u00f3lmana Sztefku Luk\u00e1\u0161 Kollek, str\u00e1\u017ece dom\u00e1c\u00ed svatyn\u011b ho ale vychytal. Ve 33.&nbsp;minut\u011b u\u017e to bylo 2:0, to se ranou z&nbsp;p\u011btadvaceti metr\u016f trefil Jan\u0161a. Ve 40.&nbsp;minut\u011b do\u0161lo ve v\u00e1pn\u011b dom\u00e1c\u00edch ke kontaktu mezi brank\u00e1\u0159em a Kry\u0161tof. \u201eM\u011bli jsme kopat penaltu, m\u00edsto toho na\u0159\u00eddil rozhod\u010d\u00ed odkop od br\u00e1ny,\u201c kroutil hlavou tren\u00e9r Kobe\u0159ic.<\/span><\/p>\n<p style=\"text-align: justify;\">&nbsp;<\/p>\n<p style=\"text-align: justify;\"><span style=\"font-size: 12pt; font-family: helvetica, arial, sans-serif;\">Na za\u010d\u00e1tku druh\u00e9ho polo\u010dasu mohli dom\u00e1c\u00ed p\u0159idat t\u0159et\u00ed branku. P\u0159ed \u0160tenclem se zjevil Bogdan. Hostuj\u00edc\u00ed brank\u00e1\u0159 ho vychytal. \u201eTo byl rozhoduj\u00edc\u00ed moment z\u00e1pasu. Kdybychom dostali t\u0159et\u00ed g\u00f3l, t\u011b\u017eko bychom se zvedali,\u201c \u0159ekl Du\u0161an Christoph. V&nbsp;68. minut\u011b vyst\u0159elil \u0160evior, trefil nohu \u0160ime\u010dka, bal\u00f3n zm\u011bnil sm\u011br a skon\u010dil v&nbsp;br\u00e1n\u011b \u2013 2:1. O&nbsp;p\u011bt minut pozd\u011bji uklidil balon k&nbsp;ty\u010di Kry\u0161tof. Je\u0161t\u011b p\u0159edt\u00edm hlavi\u010dkoval po rohu Ka\u0161n\u00e9ho nebezpe\u010dn\u011b Robin Wirth. V&nbsp;71. minut\u011b u\u017e host\u00e9 vedli. P\u0159\u00edmo z&nbsp;rohu se na p\u0159edn\u00ed ty\u010d trefil \u0160t\u011bp\u00e1n St\u0159\u00edbn\u00fd. Na kone\u010dn\u00fdch 2:4 upravil kapit\u00e1n \u0160ime\u010dek. \u201ePo na\u0161\u00ed prvn\u00ed brance se soupe\u0159ova hra sesypala jako dome\u010dek z&nbsp;karet. Kluky mus\u00edm pochv\u00e1lit. Hr\u00e1li v\u00fdborn\u011b, jsem r\u00e1d, \u017ee se probudil g\u00f3lov\u011b Adam \u0160ime\u010dek,\u201c zakon\u010dil spokojen\u00fd kou\u010d Du\u0161an Christoph (zdroj opaskydenik.cz)<\/span><\/p>\n<p style=\"text-align: justify;\"><span style=\"font-size: 12pt; font-family: helvetica, arial, sans-serif;\"><strong>&nbsp;<\/strong><\/span><\/p>\n<p style=\"text-align: justify;\"><span style=\"font-size: 12pt; font-family: helvetica, arial, sans-serif;\"><strong>Branky:<\/strong>&nbsp;24.&nbsp;Dry\u00e1k, 33.&nbsp;Jan\u0161a \u2013 68.&nbsp;a 85.&nbsp;\u0160ime\u010dek, 71.&nbsp;Kubn\u00fd, 83.&nbsp;\u0160. St\u0159\u00edbn\u00fd.<strong>&nbsp;<\/strong><\/span><\/p>\n<p style=\"text-align: justify;\"><span style=\"font-size: 12pt; font-family: helvetica, arial, sans-serif;\"><strong>Rozhod\u010d\u00ed:<\/strong>&nbsp;Juryg\u00e1\u010dek \u2013 Revaj, Nov\u00e1k.<\/span><\/p>\n<p style=\"text-align: justify;\"><span style=\"font-size: 12pt; font-family: helvetica, arial, sans-serif;\"><strong>Div\u00e1ci:<\/strong>&nbsp;101.<\/span><br \/>\n<span style=\"font-size: 12pt; font-family: helvetica, arial, sans-serif;\"><strong>Kobe\u0159ice:<\/strong>&nbsp;\u0160tencel \u2013 Ve\u010derek, Robin Wirth, \u0160evior, Sotorn\u00edk \u2013 L. Kollek (90.&nbsp;Ren\u00e9 Wirth), Ka\u0161n\u00fd, Kubn\u00fd, \u0160. St\u0159\u00edbn\u00fd, Kry\u0161tof (89.&nbsp;O. Stuchl\u00edk) \u2013 \u0160ime\u010dek (89.&nbsp;Stare\u010dek). Tren\u00e9r: Du\u0161an Christoph.<\/span><\/p>\n<p style=\"text-align: justify;\">&nbsp;<\/p>\n<p style=\"text-align: justify;\">&nbsp;<\/p>\n<p style=\"text-align: justify;\"><span style=\"font-size: 14pt; font-family: helvetica, arial, sans-serif;\"><strong>B mu\u017ei &#8211; B\u011bl\u00e1&nbsp; 4:1 (2:1)<\/strong><\/span><\/p>\n<p style=\"text-align: justify;\"><span style=\"font-size: 12pt; font-family: helvetica, arial, sans-serif;\"><strong>&nbsp;<\/strong><\/span><\/p>\n<p style=\"text-align: justify;\"><span style=\"font-size: 12pt; font-family: helvetica, arial, sans-serif;\"><strong>Branky: <\/strong>42. Hahn Robin, 45. Hartmann Adam, 56. V\u00e1clav\u00edk David, 66. Jur\u010dek Luk\u00e1\u0161&nbsp;&#8211;&nbsp;20. Kubina Daniel<\/span><\/p>\n<p style=\"text-align: justify;\"><span style=\"font-size: 12pt; font-family: helvetica, arial, sans-serif;\"><strong>Sestava: <\/strong>Schlischka P., Halfar, Moravec, N\u00e1vrat, Stuchl\u00edk R., Jur\u010dek L., Kolar\u010d\u00edk, Hartmann A., Hahn, Kretek, Oberherr A., V\u00e1clav\u00edk D., Ullrich, Kone\u010dn\u00fd, Be\u010dica, Kollek F, Nov\u00e1k, Kubn\u00fd M., Las\u00e1k D.<\/span><\/p>\n<p style=\"text-align: justify;\">&nbsp;<\/p>\n<p style=\"text-align: justify;\"><span style=\"font-size: 12pt; font-family: helvetica, arial, sans-serif;\">Dorosty m\u011bly tento v\u00edkend volno.<\/span><\/p>\n","protected":false},"excerpt":{"rendered":"<p>Sobota 8. dubna 2023 &nbsp; Spolek SK Bru\u0161perk &#8211; A mu\u017ei &nbsp;&nbsp;&nbsp;2:4&nbsp; (2:0) &nbsp; Velk\u00fd obrat p\u0159edvedli fotbalist\u00e9 Kobe\u0159ic na h\u0159i\u0161ti v&nbsp;Bru\u0161perku. V&nbsp;prvn\u00edm polo\u010dase nabrali dvoubrankov\u00e9<span class=\"excerpt-hellip\"> [\u2026]<\/span><\/p>\n","protected":false},"author":3,"featured_media":3192,"comment_status":"closed","ping_status":"open","sticky":false,"template":"","format":"standard","meta":{"ngg_post_thumbnail":0,"footnotes":""},"categories":[115,112,107],"tags":[],"class_list":["post-7713","post","type-post","status-publish","format-standard","has-post-thumbnail","hentry","category-a-tym","category-b-tym","category-fotbal"],"_links":{"self":[{"href":"https:\/\/tjsokolkoberice.cz\/index.php?rest_route=\/wp\/v2\/posts\/7713","targetHints":{"allow":["GET"]}}],"collection":[{"href":"https:\/\/tjsokolkoberice.cz\/index.php?rest_route=\/wp\/v2\/posts"}],"about":[{"href":"https:\/\/tjsokolkoberice.cz\/index.php?rest_route=\/wp\/v2\/types\/post"}],"author":[{"embeddable":true,"href":"https:\/\/tjsokolkoberice.cz\/index.php?rest_route=\/wp\/v2\/users\/3"}],"replies":[{"embeddable":true,"href":"https:\/\/tjsokolkoberice.cz\/index.php?rest_route=%2Fwp%2Fv2%2Fcomments&post=7713"}],"version-history":[{"count":1,"href":"https:\/\/tjsokolkoberice.cz\/index.php?rest_route=\/wp\/v2\/posts\/7713\/revisions"}],"predecessor-version":[{"id":7714,"href":"https:\/\/tjsokolkoberice.cz\/index.php?rest_route=\/wp\/v2\/posts\/7713\/revisions\/7714"}],"wp:featuredmedia":[{"embeddable":true,"href":"https:\/\/tjsokolkoberice.cz\/index.php?rest_route=\/wp\/v2\/media\/3192"}],"wp:attachment":[{"href":"https:\/\/tjsokolkoberice.cz\/index.php?rest_route=%2Fwp%2Fv2%2Fmedia&parent=7713"}],"wp:term":[{"taxonomy":"category","embeddable":true,"href":"https:\/\/tjsokolkoberice.cz\/index.php?rest_route=%2Fwp%2Fv2%2Fcategories&post=7713"},{"taxonomy":"post_tag","embeddable":true,"href":"https:\/\/tjsokolkoberice.cz\/index.php?rest_route=%2Fwp%2Fv2%2Ftags&post=7713"}],"curies":[{"name":"wp","href":"https:\/\/api.w.org\/{rel}","templated":true}]}}