{"id":7733,"date":"2023-04-29T12:17:44","date_gmt":"2023-04-29T11:17:44","guid":{"rendered":"https:\/\/tjsokolkoberice.cz\/?p=7733"},"modified":"2025-10-14T11:48:48","modified_gmt":"2025-10-14T10:48:48","slug":"vysledky-minuleho-tydne-9","status":"publish","type":"post","link":"https:\/\/tjsokolkoberice.cz\/?p=7733","title":{"rendered":"V\u00fdsledky minul\u00e9ho t\u00fddne"},"content":{"rendered":"<p><span style=\"font-family: helvetica, arial, sans-serif; font-size: 12pt;\">Ned\u011ble 23. dubna 2023<\/span><\/p>\n<p><span style=\"font-family: helvetica, arial, sans-serif; font-size: 12pt;\"><strong>&nbsp;<\/strong><\/span><\/p>\n<p><span style=\"font-family: helvetica, arial, sans-serif; font-size: 14pt;\"><strong>A mu\u017ei \u2013 FK \u010cesk\u00fd T\u011b\u0161\u00edn &nbsp;&nbsp;&nbsp;3:2&nbsp; (3:0)<\/strong><\/span><\/p>\n<p><span style=\"font-family: helvetica, arial, sans-serif; font-size: 12pt;\"><strong>&nbsp;<\/strong><\/span><\/p>\n<p><span style=\"font-family: helvetica, arial, sans-serif; font-size: 12pt;\">Velmi dobr\u00fdm v\u00fdkonem se prezentovali kobe\u0159i\u010dt\u00ed fotbalist\u00e9 v&nbsp;utk\u00e1n\u00ed s&nbsp;nebezpe\u010dn\u00fdm \u010cesk\u00fdm T\u011b\u0161\u00edna. T\u00fdm z&nbsp;horn\u00edch pater tabulky porazili 3:2, kdy\u017e hattrickem se bl\u00fdskl \u0160t\u011bp\u00e1n St\u0159\u00edbn\u00fd.<\/span><\/p>\n<p><span style=\"font-family: helvetica, arial, sans-serif; font-size: 12pt;\">\u201ePrvn\u00ed polo\u010das n\u00e1m vy\u0161el skv\u011ble. Dost\u00e1vali jsme se do \u0161anc\u00ed a hlavn\u011b je prom\u011b\u0148ovali,\u201c liboval si dom\u00e1c\u00ed kou\u010d Du\u0161an Christoph. Prvn\u00ed branka padla ve 21.&nbsp;minut\u011b. Kry\u0161tofova r\u00e1na je\u0161t\u011b skon\u010dila na b\u0159evn\u011b, ov\u0161em dor\u00e1\u017eka \u0160t\u011bp\u00e1na St\u0159\u00edbn\u00e9ho skon\u010dila za z\u00e1dy g\u00f3lmana Kuliga. O&nbsp;\u010dtvrt hodiny pozd\u011bji se sk\u00f3re m\u011bnilo znovu. \u0160t\u011bp\u00e1n St\u0159\u00edbn\u00fd se leva\u010dkou trefil p\u0159\u00edmo od rohov\u00e9ho praporku. O&nbsp;dv\u011b minuty pozd\u011bji dom\u00e1c\u00ed z\u00e1lo\u017en\u00edk zkompletoval hattrick, kdy\u017e prom\u011bnil pokutov\u00fd kop na\u0159\u00edzen\u00fd za faul na Luk\u00e1\u0161e Kollka.<\/span><\/p>\n<p><span style=\"font-family: helvetica, arial, sans-serif; font-size: 12pt;\">Ve druh\u00e9m polo\u010dase pokra\u010dovaly Kobe\u0159ice ve sv\u00e9 aktivit\u011b. \u201eM\u011bli jsme p\u011bt jasn\u00fdch tutovek, kter\u00e9 jsme neprom\u011bnili. Nebyli jsme schopni ani z&nbsp;metru balon dopravit do branky,\u201c kroutil hlavou Du\u0161an Christoph. Host\u00e9 se dok\u00e1zali vr\u00e1tit do z\u00e1pasu dv\u011bma rychl\u00fdmi g\u00f3ly. \u201eNakonec bylo ze z\u00e1pasu drama. Soupe\u0159i jsme ale vyrovnat nedovolili. Kluky mus\u00edm pochv\u00e1lit za p\u0159\u00edstup. Hr\u00e1li zodpov\u011bdn\u011b. Na\u0161e v\u00edt\u011bzstv\u00ed bylo zaslou\u017een\u00e9,\u201c zakon\u010dil tren\u00e9r Kobe\u0159ic (zdroj opavskydenik.cz)..<\/span><\/p>\n<p><span style=\"font-family: helvetica, arial, sans-serif; font-size: 12pt;\"><strong>Branky:<\/strong>&nbsp;21., 36.&nbsp;a 38. (penalta) \u0160. St\u0159\u00edbn\u00fd \u2013 74.&nbsp;Mace\u010dek, 78.&nbsp;Ren\u00e9 Wirth (vlastn\u00ed).<strong>&nbsp;Rozhod\u010d\u00ed:<\/strong>&nbsp;Vi\u0161\u010dor \u2013 Slan\u00fd, Godfryd.&nbsp;<strong>\u017dK:<\/strong>&nbsp;Kry\u0161tof, Kubn\u00fd \u2013 Slowiaczek, Chlo\u0148, Byrtus.&nbsp;<strong>Div\u00e1ci:<\/strong>&nbsp;222.<\/span><\/p>\n<p><span style=\"font-family: helvetica, arial, sans-serif; font-size: 12pt;\"><strong>Kobe\u0159ice:<\/strong>&nbsp;\u0160tencel \u2013 Ve\u010derek, Robin Wirth, \u0160evior, Ren\u00e9 Wirth \u2013 L. Kollek (84.&nbsp;Hartmann), Kubn\u00fd, \u0160. St\u0159\u00edbn\u00fd, P. Stuchl\u00edk (89.&nbsp;Sotorn\u00edk) \u2013 \u0160ime\u010dek (61.&nbsp;Kubn\u00fd), Kry\u0161tof (89.&nbsp;F. Kollek). <strong>Tren\u00e9r<\/strong>: Du\u0161an Christoph.<\/span><\/p>\n<table width=\"789\">\n<thead>\n<tr>\n<td><strong>#<\/strong><\/td>\n<td><strong>KLUB<\/strong><\/td>\n<td><strong>Z<\/strong><\/td>\n<td><strong>V<\/strong><\/td>\n<td><strong>R<\/strong><\/td>\n<td><strong>P<\/strong><\/td>\n<td><strong>S<\/strong><\/td>\n<td><strong>B<\/strong><\/td>\n<\/tr>\n<\/thead>\n<tbody>\n<tr>\n<td>1.<\/td>\n<td>\u0158epi\u0161t\u011b<\/td>\n<td>22<\/td>\n<td>18<\/td>\n<td>1<\/td>\n<td>3<\/td>\n<td>60:20<\/td>\n<td>55<\/td>\n<\/tr>\n<tr>\n<td>2.<\/td>\n<td>H\u00e1j ve Slezsku<\/td>\n<td>22<\/td>\n<td>14<\/td>\n<td>4<\/td>\n<td>4<\/td>\n<td>60:29<\/td>\n<td>46<\/td>\n<\/tr>\n<tr>\n<td>3.<\/td>\n<td>Pet\u0159vald na Morav\u011b<\/td>\n<td>22<\/td>\n<td>13<\/td>\n<td>5<\/td>\n<td>4<\/td>\n<td>56:26<\/td>\n<td>44<\/td>\n<\/tr>\n<tr>\n<td>4.<\/td>\n<td>Vratimov<\/td>\n<td>22<\/td>\n<td>14<\/td>\n<td>2<\/td>\n<td>6<\/td>\n<td>58:40<\/td>\n<td>44<\/td>\n<\/tr>\n<tr>\n<td>5.<\/td>\n<td>\u010cesk\u00fd T\u011b\u0161\u00edn<\/td>\n<td>21<\/td>\n<td>13<\/td>\n<td>3<\/td>\n<td>5<\/td>\n<td>48:23<\/td>\n<td>42<\/td>\n<\/tr>\n<tr>\n<td>6.<\/td>\n<td>Pust\u00e1 Polom<\/td>\n<td>21<\/td>\n<td>12<\/td>\n<td>2<\/td>\n<td>7<\/td>\n<td>49:35<\/td>\n<td>38<\/td>\n<\/tr>\n<tr>\n<td>7.<\/td>\n<td>Doln\u00ed Datyn\u011b<\/td>\n<td>22<\/td>\n<td>10<\/td>\n<td>1<\/td>\n<td>11<\/td>\n<td>33:37<\/td>\n<td>31<\/td>\n<\/tr>\n<tr>\n<td>8.<\/td>\n<td>Old\u0159i\u0161ov<\/td>\n<td>22<\/td>\n<td>9<\/td>\n<td>4<\/td>\n<td>9<\/td>\n<td>45:50<\/td>\n<td>31<\/td>\n<\/tr>\n<tr>\n<td>9.<\/td>\n<td>Slavia Orlov\u00e1<\/td>\n<td>22<\/td>\n<td>8<\/td>\n<td>3<\/td>\n<td>11<\/td>\n<td>48:43<\/td>\n<td>27<\/td>\n<\/tr>\n<tr>\n<td><strong>10.<\/strong><\/td>\n<td><strong>Kobe\u0159ice<\/strong><\/td>\n<td><strong>22<\/strong><\/td>\n<td><strong>8<\/strong><\/td>\n<td><strong>3<\/strong><\/td>\n<td><strong>11<\/strong><\/td>\n<td><strong>30:38<\/strong><\/td>\n<td><strong>27<\/strong><\/td>\n<\/tr>\n<tr>\n<td>11.<\/td>\n<td>Jakub\u010dovice<\/td>\n<td>22<\/td>\n<td>7<\/td>\n<td>5<\/td>\n<td>10<\/td>\n<td>40:42<\/td>\n<td>26<\/td>\n<\/tr>\n<tr>\n<td>12.<\/td>\n<td>Doln\u00ed Bene\u0161ov<\/td>\n<td>22<\/td>\n<td>7<\/td>\n<td>3<\/td>\n<td>12<\/td>\n<td>40:60<\/td>\n<td>24<\/td>\n<\/tr>\n<tr>\n<td>13.<\/td>\n<td>Bru\u0161perk<\/td>\n<td>22<\/td>\n<td>7<\/td>\n<td>1<\/td>\n<td>14<\/td>\n<td>26:49<\/td>\n<td>22<\/td>\n<\/tr>\n<tr>\n<td>14.<\/td>\n<td>V\u0159esina<\/td>\n<td>22<\/td>\n<td>5<\/td>\n<td>5<\/td>\n<td>12<\/td>\n<td>21:43<\/td>\n<td>20<\/td>\n<\/tr>\n<tr>\n<td>15.<\/td>\n<td>He\u0159manice<\/td>\n<td>22<\/td>\n<td>5<\/td>\n<td>3<\/td>\n<td>14<\/td>\n<td>34:60<\/td>\n<td>18<\/td>\n<\/tr>\n<tr>\n<td>16.<\/td>\n<td>Bolatice<\/td>\n<td>22<\/td>\n<td>1<\/td>\n<td>3<\/td>\n<td>18<\/td>\n<td>16:69<\/td>\n<td>6<\/td>\n<\/tr>\n<\/tbody>\n<\/table>\n<p>[cs_button button_size=&#8220;medium-btn&#8220; button_title=&#8220;Tabulka FA\u010cR&#8220; button_link=&#8220;https:\/\/souteze.fotbal.cz\/turnaje\/table\/f8053cfd-b14c-47a3-bee8-d5f2391863cc&#8220; button_border=&#8220;yes&#8220; =&#8220;null&#8220; button_icon=&#8220;icon-th-list&#8220; button_icon_position=&#8220;left&#8220; button_type=&#8220;rectangle&#8220; button_target=&#8220;_self&#8220;]<\/p>\n<p>&nbsp;<\/p>\n<p><span style=\"font-family: helvetica, arial, sans-serif; font-size: 12pt;\"><strong><span style=\"font-size: 14pt;\">St. dorost \u2013 SK Horn\u00ed Suc<\/span>h\u00e1 &nbsp;&nbsp;4:0 (1:0)<\/strong><\/span><\/p>\n<p><span style=\"font-family: helvetica, arial, sans-serif; font-size: 12pt;\"><strong>Branky:<\/strong> 31. Li\u0161ka Mat\u011bj, 47. Harazim Ivo, 70. Biel\u00e1k Teodor, 75. Voln\u00fd Daniel<\/span><\/p>\n<p><span style=\"font-family: helvetica, arial, sans-serif; font-size: 12pt;\"><strong>Sestava:<\/strong> Hartmann, Hant\u00e1k, Biel\u00e1k, Li\u0161ka, St\u0159\u00edbn\u00fd, Voln\u00fd, Sotorn\u00edk, Stare\u010dek (72. Breksa), Stuchl\u00edk O. (46. Dlabola), Harazim (76. Pa\u0161ek), \u0160ime\u010dek (46. V\u00e1clav\u00edk)<\/span><\/p>\n<p>[cs_button button_size=&#8220;medium-btn&#8220; button_title=&#8220;Tabulka FA\u010cR&#8220; button_link=&#8220;https:\/\/souteze.fotbal.cz\/turnaje\/table\/950f21ed-63c8-410d-850a-0030da2a2879&#8243; button_border=&#8220;yes&#8220; =&#8220;null&#8220; button_icon=&#8220;icon-th-list&#8220; button_icon_position=&#8220;left&#8220; button_type=&#8220;rectangle&#8220; button_target=&#8220;_self&#8220;]<\/p>\n<p><span style=\"font-family: helvetica, arial, sans-serif; font-size: 12pt;\"><strong>&nbsp;<\/strong><\/span><\/p>\n<p><span style=\"font-family: helvetica, arial, sans-serif; font-size: 14pt;\"><strong>Ml. dorost \u2013 SK Horn\u00ed Such\u00e1 &nbsp;&nbsp;0:6 (0:4)<\/strong><\/span><\/p>\n<p><span style=\"font-family: helvetica, arial, sans-serif; font-size: 12pt;\"><strong>Branky:<\/strong> 11., 36. Frais Marek, 14. Prymus Dominik, 19. Mbaye Issa (pen.), 71.,78. Kijonka Tom\u00e1\u0161<\/span><\/p>\n<p><span style=\"font-family: helvetica, arial, sans-serif; font-size: 12pt;\"><strong>Sestava:<\/strong> Pavlovi\u010d, Hanzl\u00edk, St\u0159\u00edbn\u00fd (K), Hant\u00e1k, Mac, Kamr\u00e1d, Birtek, Pa\u0161ek, Besta, Mrva, Breksa, Kubn\u00fd, Poni\u0161t, V\u00e1clav\u00edk, Slanina, Cziepl\u00fd, Grigar\u010d\u00edk<\/span><\/p>\n<p>[cs_button button_size=&#8220;medium-btn&#8220; button_title=&#8220;Tabulka FA\u010cR&#8220; button_link=&#8220;https:\/\/souteze.fotbal.cz\/turnaje\/table\/63e12619-39e5-4336-a692-ab347c294fc8&#8243; button_border=&#8220;yes&#8220; =&#8220;null&#8220; button_icon=&#8220;icon-th-list&#8220; button_icon_position=&#8220;left&#8220; button_type=&#8220;rectangle&#8220; button_target=&#8220;_self&#8220;]<\/p>\n<p>&nbsp;<\/p>\n<p><span style=\"font-family: helvetica, arial, sans-serif; font-size: 12pt;\">Sobota 22. dubna 2023<\/span><\/p>\n<p><span style=\"font-family: helvetica, arial, sans-serif; font-size: 12pt;\"><strong>\u0160t\u011bp\u00e1nkovice B \u2013 B mu\u017ei&nbsp;&nbsp; 3:5 (1:1)<\/strong><\/span><\/p>\n<p>&nbsp;<\/p>\n<p><span style=\"font-family: helvetica, arial, sans-serif; font-size: 12pt;\"><strong>Branky:<\/strong> 12. Benek Patrik, 68., 88. Bar\u00e1nek Stanislav&nbsp;&#8211;&nbsp;24.,54.,60., 70. Hartmann Adam, 80. Jur\u010dek Luk\u00e1\u0161 (pen.)<\/span><\/p>\n<p><span style=\"font-family: helvetica, arial, sans-serif; font-size: 12pt;\"><strong>Sestava:<\/strong> Schlischka P., Halfar O., Stuchl\u00edk R., Jur\u010dek L., Hartmann A., V\u00e1clav\u00edk, Kretek, Nov\u00e1k, Kollek F., Jan\u00edk, Hahn, Kubn\u00fd M., Las\u00e1k, Moravec, Latka, Christoph, N\u00e1vrat &nbsp;<\/span><\/p>\n<p>[cs_button button_size=&#8220;medium-btn&#8220; button_title=&#8220;Tabulka FA\u010cR&#8220; button_link=&#8220;https:\/\/souteze.fotbal.cz\/turnaje\/table\/a0001054-754b-4268-a562-0ce88eb5695c&#8220; button_border=&#8220;yes&#8220; =&#8220;null&#8220; button_icon=&#8220;icon-th-list&#8220; button_icon_position=&#8220;left&#8220; button_type=&#8220;rectangle&#8220; button_target=&#8220;_self&#8220;]<\/p>\n<p>&nbsp;<\/p>\n<p><span style=\"font-family: helvetica, arial, sans-serif; font-size: 12pt;\">P\u00e1tek 21. dubna 2023<\/span><\/p>\n<p><span style=\"font-family: helvetica, arial, sans-serif; font-size: 12pt;\"><strong>Ml. \u017e\u00e1ci \u2013 TJ Sokol Budi\u0161ovice&nbsp; 12:1&nbsp; (4:0)<\/strong><\/span><\/p>\n<p><span style=\"font-family: helvetica, arial, sans-serif; font-size: 12pt;\"><strong>Sestava: <\/strong>Malch\u00e1rek, Herich, St\u0159\u00edbn\u00fd, Laburda, \u010cern\u00fd, Pla\u010dek, B\u0159emek, Herudek, Schweidler, \u010cujkov\u00e1, Litzka, Sedl\u00e1\u010dek, Hanzl\u00edk, Kolod\u011bj, Kurka, Meleck\u00fd, Krettek, Pavlovi\u010d, Kone\u010dn\u00fd<\/span><\/p>\n<p>[cs_button button_size=&#8220;medium-btn&#8220; button_title=&#8220;Tabulka FA\u010cR&#8220; button_link=&#8220;https:\/\/souteze.fotbal.cz\/turnaje\/table\/27519b12-44ec-40a1-8371-cca977fe00b5&#8243; button_border=&#8220;yes&#8220; =&#8220;null&#8220; button_icon=&#8220;icon-th-list&#8220; button_icon_position=&#8220;left&#8220; button_type=&#8220;rectangle&#8220; button_target=&#8220;_self&#8220;]<\/p>\n","protected":false},"excerpt":{"rendered":"<p>Ned\u011ble 23. dubna 2023 &nbsp; A mu\u017ei \u2013 FK \u010cesk\u00fd T\u011b\u0161\u00edn &nbsp;&nbsp;&nbsp;3:2&nbsp; (3:0) &nbsp; Velmi dobr\u00fdm v\u00fdkonem se prezentovali kobe\u0159i\u010dt\u00ed fotbalist\u00e9 v&nbsp;utk\u00e1n\u00ed s&nbsp;nebezpe\u010dn\u00fdm \u010cesk\u00fdm T\u011b\u0161\u00edna. T\u00fdm<span class=\"excerpt-hellip\"> [\u2026]<\/span><\/p>\n","protected":false},"author":3,"featured_media":2993,"comment_status":"closed","ping_status":"open","sticky":false,"template":"","format":"standard","meta":{"ngg_post_thumbnail":0,"footnotes":""},"categories":[115,112,110,107,117],"tags":[],"class_list":["post-7733","post","type-post","status-publish","format-standard","has-post-thumbnail","hentry","category-a-tym","category-b-tym","category-dorost","category-fotbal","category-mladsi-zaci"],"_links":{"self":[{"href":"https:\/\/tjsokolkoberice.cz\/index.php?rest_route=\/wp\/v2\/posts\/7733","targetHints":{"allow":["GET"]}}],"collection":[{"href":"https:\/\/tjsokolkoberice.cz\/index.php?rest_route=\/wp\/v2\/posts"}],"about":[{"href":"https:\/\/tjsokolkoberice.cz\/index.php?rest_route=\/wp\/v2\/types\/post"}],"author":[{"embeddable":true,"href":"https:\/\/tjsokolkoberice.cz\/index.php?rest_route=\/wp\/v2\/users\/3"}],"replies":[{"embeddable":true,"href":"https:\/\/tjsokolkoberice.cz\/index.php?rest_route=%2Fwp%2Fv2%2Fcomments&post=7733"}],"version-history":[{"count":1,"href":"https:\/\/tjsokolkoberice.cz\/index.php?rest_route=\/wp\/v2\/posts\/7733\/revisions"}],"predecessor-version":[{"id":7734,"href":"https:\/\/tjsokolkoberice.cz\/index.php?rest_route=\/wp\/v2\/posts\/7733\/revisions\/7734"}],"wp:featuredmedia":[{"embeddable":true,"href":"https:\/\/tjsokolkoberice.cz\/index.php?rest_route=\/wp\/v2\/media\/2993"}],"wp:attachment":[{"href":"https:\/\/tjsokolkoberice.cz\/index.php?rest_route=%2Fwp%2Fv2%2Fmedia&parent=7733"}],"wp:term":[{"taxonomy":"category","embeddable":true,"href":"https:\/\/tjsokolkoberice.cz\/index.php?rest_route=%2Fwp%2Fv2%2Fcategories&post=7733"},{"taxonomy":"post_tag","embeddable":true,"href":"https:\/\/tjsokolkoberice.cz\/index.php?rest_route=%2Fwp%2Fv2%2Ftags&post=7733"}],"curies":[{"name":"wp","href":"https:\/\/api.w.org\/{rel}","templated":true}]}}