{"id":7740,"date":"2023-05-10T20:56:18","date_gmt":"2023-05-10T19:56:18","guid":{"rendered":"https:\/\/tjsokolkoberice.cz\/?p=7740"},"modified":"2025-10-14T11:48:32","modified_gmt":"2025-10-14T10:48:32","slug":"vysledky-nasich-muzstev-22","status":"publish","type":"post","link":"https:\/\/tjsokolkoberice.cz\/?p=7740","title":{"rendered":"V\u00fdsledky na\u0161ich mu\u017estev"},"content":{"rendered":"<p style=\"text-align: justify;\"><span style=\"font-family: helvetica, arial, sans-serif; font-size: 12pt;\">Ned\u011ble 7. kv\u011btna 2023<\/span><\/p>\n<p style=\"text-align: justify;\"><span style=\"font-family: helvetica, arial, sans-serif; font-size: 12pt;\"><strong>&nbsp;<\/strong><\/span><\/p>\n<p style=\"text-align: justify;\"><span style=\"font-family: helvetica, arial, sans-serif; font-size: 12pt;\"><strong>A mu\u017ei \u2013 TJ H\u00e1j ve Slezsku &nbsp;&nbsp;&nbsp;&nbsp;3:0&nbsp; (1:0)<\/strong><\/span><\/p>\n<p style=\"text-align: justify;\"><span style=\"font-family: helvetica, arial, sans-serif; font-size: 12pt;\"><strong>&nbsp;<\/strong><\/span><\/p>\n<p style=\"text-align: justify;\"><span style=\"font-family: helvetica, arial, sans-serif; font-size: 12pt;\">Ji\u017e t\u0159et\u00ed v\u00edt\u011bzstv\u00ed v \u0159ad\u011b si p\u0159ipsali kobe\u0159i\u010dt\u00ed fotbalist\u00e9 v&nbsp;krajsk\u00e9m p\u0159eboru. Naposledy si vy\u0161l\u00e1pli na doposud druh\u00fd celek sout\u011b\u017ee, na ja\u0159e nepora\u017een\u00fd H\u00e1j ve Slezsku v&nbsp;pom\u011bru 3:0 a posunuli se na osmou p\u0159\u00ed\u010dku tabulky.<\/span><\/p>\n<p style=\"text-align: justify;\">&nbsp;<\/p>\n<p style=\"text-align: justify;\"><span style=\"font-family: helvetica, arial, sans-serif; font-size: 12pt;\">\u201eMus\u00edm hr\u00e1\u010de pochv\u00e1lit, proto\u017ee hr\u00e1li fakt v\u00fdborn\u011b,\u201c \u0159ekl Den\u00edku spokojen\u00fd tren\u00e9r Kobe\u0159ic Du\u0161an Christoph. \u201eByl to jeden z&nbsp;nejhor\u0161\u00edch z\u00e1pas\u016f, co jsem zat\u00edm v&nbsp;H\u00e1ji za\u017eil,\u201c kroutil hlavou p\u0159i hodnocen\u00ed pro Den\u00edk zklaman\u00fd kou\u010d H\u00e1je ve Slezsku Michal Jan\u00edk.<\/span><\/p>\n<p style=\"text-align: justify;\">&nbsp;<\/p>\n<p style=\"text-align: justify;\"><span style=\"font-family: helvetica, arial, sans-serif; font-size: 12pt;\">\u201ePomohl n\u00e1m brzk\u00fd g\u00f3l, kter\u00fd dal \u0160ime\u010dek. Pokra\u010dovali jsme v&nbsp;dobr\u00e9m v\u00fdkonu a ve druh\u00e9 p\u016fli p\u0159idali dv\u011b branky z&nbsp;penalt. Vyhr\u00e1li jsme 3:0 nad t\u00fdmem, kter\u00fd je kvalitou k\u00e1dru mo\u017en\u00e1 nejlep\u0161\u00ed v&nbsp;sout\u011b\u017ei,\u201c prohl\u00e1sil dom\u00e1c\u00ed Du\u0161an Christoph.<\/span><\/p>\n<p style=\"text-align: justify;\"><span style=\"font-family: helvetica, arial, sans-serif; font-size: 12pt;\">\u201eH\u00e1j naposledy prohr\u00e1l na konci podzimu loni v&nbsp;listopadu, dr\u017eel p\u016fl roku neporazitelnost. Nav\u00edc jsme po\u010dtvrt\u00e9 ve vz\u00e1jemn\u00e9m utk\u00e1n\u00ed s&nbsp;H\u00e1jem neinkasovali, co\u017e je skv\u011bl\u00e1 vizitka. Prost\u011b se na tohoto soupe\u0159e um\u00edme p\u0159ipravit a da\u0159\u00ed se n\u00e1m s&nbsp;n\u00edm,\u201c dodal Du\u0161an Christoph.<\/span><\/p>\n<p style=\"text-align: justify;\"><span style=\"font-family: helvetica, arial, sans-serif; font-size: 12pt;\">\u201eV\u011bd\u011bli jsme, v&nbsp;\u010dem jsou Kobe\u0159ice nebezpe\u010dn\u00e9. P\u0159ipravovali jsme se na jejich brejky, na nebezpe\u010dn\u00e9ho \u0160ime\u010dka naho\u0159e a pr\u00e1v\u011b on n\u00e1m dal brzy z&nbsp;rychl\u00e9ho proti\u00fatoku g\u00f3l. To nebylo dob\u0159e,\u201c vykl\u00e1dal tren\u00e9r H\u00e1je Michal Jan\u00edk.<\/span><\/p>\n<p style=\"text-align: justify;\"><span style=\"font-family: helvetica, arial, sans-serif; font-size: 12pt;\">\u201eDop\u0159edu jsme byli bezzub\u00ed, dozadu nezodpov\u011bdn\u00ed. P\u0159i\u0161li jsme si zahr\u00e1t fotbal, Kobe\u0159ice \u0161ly vyhr\u00e1t. Roli mohlo hr\u00e1t to, \u017ee jsme \u0161est posledn\u00edch z\u00e1pasu za sebou vyhr\u00e1li a hr\u00e1\u010di si mysleli, \u017ee to p\u016fjde samo. Chyb\u011bl n\u00e1m Zden\u011bk Er\u0161il, v\u016fdce t\u00fdmu, kter\u00fd hru organizuje. Uk\u00e1zalo se, \u017ee n\u00e1m chyb\u011bl a\u017e p\u0159\u00edli\u0161,\u201c uzav\u0159el kou\u010d host\u00ed Michal Jan\u00edk (zdroj Opavsky.denik.cz).<\/span><\/p>\n<p style=\"text-align: justify;\"><span style=\"font-family: helvetica, arial, sans-serif; font-size: 12pt;\"><strong>Branky:<\/strong>&nbsp;10. \u0160ime\u010dek Adam, 52., 85. ob\u011b z&nbsp;penalt Kubn\u00fd Anton\u00edn <strong>Rozhod\u010d\u00ed:<\/strong>&nbsp;\u0160i\u0161t\u00edk Petr, \u010cuba Daniel, Priesol Daniel <strong>Div\u00e1ci<\/strong>: 170<\/span><\/p>\n<p style=\"text-align: justify;\"><span style=\"font-family: helvetica, arial, sans-serif; font-size: 12pt;\"><strong>Kobe\u0159ice:<\/strong>&nbsp;\u0160tencel \u2013 Ve\u010derek, Robin Wirth, \u0160evior (89. Buchta), Ren\u00e9 Wirth \u2013 L. Kollek (87. Breksa), Kubn\u00fd (87. Sotorn\u00edk), Ka\u0161n\u00fd, P. Stuchl\u00edk (79. Hartmann A.) \u2013 \u0160ime\u010dek, Kry\u0161tof. <strong>Tren\u00e9r<\/strong>: Du\u0161an Christoph.<\/span><\/p>\n<p style=\"text-align: justify;\"><a href=\"https:\/\/souteze.fotbal.cz\/turnaje\/table\/f8053cfd-b14c-47a3-bee8-d5f2391863cc\"><span style=\"font-family: helvetica, arial, sans-serif; font-size: 12pt;\"><strong>Tabulka<\/strong><\/span><\/a><\/p>\n<p style=\"text-align: justify;\"><span style=\"font-family: helvetica, arial, sans-serif; font-size: 12pt;\"><strong>&nbsp;<\/strong><\/span><\/p>\n<p style=\"text-align: justify;\"><span style=\"font-family: helvetica, arial, sans-serif; font-size: 12pt;\"><strong>Sobota 6. kv\u011btna 2023<\/strong><\/span><\/p>\n<p style=\"text-align: justify;\"><span style=\"font-family: helvetica, arial, sans-serif; font-size: 12pt;\"><strong>St. dorost \u2013 Velk\u00e1 Polom&nbsp; &nbsp;&nbsp;3:1 (1:0)<\/strong><\/span><\/p>\n<p style=\"text-align: justify;\"><span style=\"font-family: helvetica, arial, sans-serif; font-size: 12pt;\"><strong>Branky:<\/strong> 8. Pa\u0161ek Daniel, 49. Harazim Ivo, 59. Stuchl\u00edk Ond\u0159ej&nbsp;&#8211;&nbsp;80. Rychl\u00fd Adam<\/span><\/p>\n<p style=\"text-align: justify;\"><span style=\"font-family: helvetica, arial, sans-serif; font-size: 12pt;\"><strong>Sestava:<\/strong> Hartmann, Hant\u00e1k (55. Kubn\u00fd D.), Biel\u00e1k, Li\u0161ka, Voln\u00fd, Stare\u010dek, Sotorn\u00edk (15. Vit\u00e1sek), Stuchl\u00edk O., Dlabola, Pa\u0161ek (50. \u0160ime\u010dek), Harazim<\/span><\/p>\n<p style=\"text-align: justify;\"><a href=\"https:\/\/souteze.fotbal.cz\/turnaje\/table\/950f21ed-63c8-410d-850a-0030da2a2879\"><span style=\"font-family: helvetica, arial, sans-serif; font-size: 12pt;\">Tabulka<\/span><\/a><\/p>\n<p>&nbsp;<\/p>\n<p style=\"text-align: justify;\"><span style=\"font-family: helvetica, arial, sans-serif; font-size: 12pt;\"><strong>Ml. dorost \u2013 Velk\u00e1 Polom&nbsp; &nbsp;&nbsp;6:1 (3:1)<\/strong><\/span><\/p>\n<p style=\"text-align: justify;\"><span style=\"font-family: helvetica, arial, sans-serif; font-size: 12pt;\"><strong>Branky:<\/strong> 16. Breksa Tobias, 19. Slanina Maxmili\u00e1n, 32., 46. V\u00e1clav\u00edk Adam, 71. Mac \u0160t\u011bp\u00e1n, 78. Birtek Michal&nbsp;&#8211;&nbsp;34. Gelnar Luk\u00e1\u0161<\/span><\/p>\n<p style=\"text-align: justify;\"><span style=\"font-family: helvetica, arial, sans-serif; font-size: 12pt;\"><strong>Sestava:<\/strong> Pavlovi\u010d, Mac, Hant\u00e1k, Cziepl\u00fd, St\u0159\u00edbn\u00fd, Hanzl\u00edk, Besta, Grigar\u010d\u00edk, V\u00e1clav\u00edk A, Slanina, Kubn\u00fd D., Breksa, Birtek, Mrva, Kamr\u00e1d, Pa\u0161ek, Poni\u0161t<\/span><\/p>\n<p style=\"text-align: justify;\"><span style=\"font-family: helvetica, arial, sans-serif; font-size: 12pt;\"><strong>&nbsp;<\/strong><\/span><\/p>\n<p style=\"text-align: justify;\"><a href=\"https:\/\/souteze.fotbal.cz\/turnaje\/table\/63e12619-39e5-4336-a692-ab347c294fc8\"><span style=\"font-family: helvetica, arial, sans-serif; font-size: 12pt;\">Tabulka<\/span><\/a><\/p>\n<p style=\"text-align: justify;\">&nbsp;<\/p>\n<p style=\"text-align: justify;\">&nbsp;<\/p>\n<p style=\"text-align: justify;\"><span style=\"font-family: helvetica, arial, sans-serif; font-size: 12pt;\"><strong>TJ Sokol \u0160ilhe\u0159ovice B &#8211; B mu\u017ei&nbsp; &nbsp;1:4 (1:2)<\/strong><\/span><\/p>\n<p style=\"text-align: justify;\">&nbsp;<\/p>\n<p style=\"text-align: justify;\"><span style=\"font-family: helvetica, arial, sans-serif; font-size: 12pt;\"><strong>Branky:<\/strong> 10. \u010cech\u00e1\u010dek Jan&nbsp;&#8211;&nbsp;2., 26., 74.,77. Hartmann Adam<\/span><\/p>\n<p style=\"text-align: justify;\"><span style=\"font-family: helvetica, arial, sans-serif; font-size: 12pt;\"><strong>Sestava:<\/strong> Schlischka P., Halfar O., Stuchl\u00edk R., Jur\u010dek L., Hartmann A., V\u00e1clav\u00edk D., Kretek, Kubn\u00fd M., Las\u00e1k D., Kolar\u010d\u00edk, N\u00e1vrat, Kaspar, Oberherr A., Ullrich, Kone\u010dn\u00fd, Latka D., Be\u010dica, Hahn<\/span><\/p>\n<p style=\"text-align: justify;\"><a href=\"https:\/\/souteze.fotbal.cz\/turnaje\/table\/a0001054-754b-4268-a562-0ce88eb5695c\"><span style=\"font-family: helvetica, arial, sans-serif; font-size: 12pt;\">Tabulka<\/span><\/a><\/p>\n<p style=\"text-align: justify;\">&nbsp;<\/p>\n<p style=\"text-align: justify;\">&nbsp;<\/p>\n<p style=\"text-align: justify;\">&nbsp;<\/p>\n<p style=\"text-align: justify;\"><span style=\"font-family: helvetica, arial, sans-serif; font-size: 12pt;\">\u010ctvrtek 4. kv\u011btna 2023<\/span><\/p>\n<p style=\"text-align: justify;\">&nbsp;<\/p>\n<p style=\"text-align: justify;\"><span style=\"font-family: helvetica, arial, sans-serif; font-size: 12pt;\"><strong>Ml. \u017e\u00e1ci &#8211; FK Sokol Mokr\u00e9 Lazce&nbsp;&nbsp; 6:1&nbsp; (3:0)<\/strong><\/span><\/p>\n<p style=\"text-align: justify;\"><span style=\"font-family: helvetica, arial, sans-serif; font-size: 12pt;\"><strong>&nbsp;<\/strong><\/span><\/p>\n<p style=\"text-align: justify;\"><span style=\"font-family: helvetica, arial, sans-serif; font-size: 12pt;\"><strong>Sestava: <\/strong>Malch\u00e1rek, St\u0159\u00edbn\u00fd, Herich, Laburda, \u010cern\u00fd, Pla\u010dek, B\u0159emek, Herudek, Schweidler, Litzka, Sedl\u00e1\u010dek, Hanzl\u00edk, Kolod\u011bj, Kurka, Meleck\u00fd, Krettek, Pavlovi\u010d, Kone\u010dn\u00fd<\/span><\/p>\n<p style=\"text-align: justify;\">&nbsp;<\/p>\n<p style=\"text-align: justify;\"><a href=\"https:\/\/souteze.fotbal.cz\/turnaje\/table\/27519b12-44ec-40a1-8371-cca977fe00b5\"><span style=\"font-family: helvetica, arial, sans-serif; font-size: 12pt;\">Tabulka<\/span><\/a><\/p>\n","protected":false},"excerpt":{"rendered":"<p>Ned\u011ble 7. kv\u011btna 2023 &nbsp; A mu\u017ei \u2013 TJ H\u00e1j ve Slezsku &nbsp;&nbsp;&nbsp;&nbsp;3:0&nbsp; (1:0) &nbsp; Ji\u017e t\u0159et\u00ed v\u00edt\u011bzstv\u00ed v \u0159ad\u011b si p\u0159ipsali kobe\u0159i\u010dt\u00ed fotbalist\u00e9 v&nbsp;krajsk\u00e9m p\u0159eboru.<span class=\"excerpt-hellip\"> [\u2026]<\/span><\/p>\n","protected":false},"author":3,"featured_media":1883,"comment_status":"closed","ping_status":"open","sticky":false,"template":"","format":"standard","meta":{"ngg_post_thumbnail":0,"footnotes":""},"categories":[115,112,110,107,117],"tags":[],"class_list":["post-7740","post","type-post","status-publish","format-standard","has-post-thumbnail","hentry","category-a-tym","category-b-tym","category-dorost","category-fotbal","category-mladsi-zaci"],"_links":{"self":[{"href":"https:\/\/tjsokolkoberice.cz\/index.php?rest_route=\/wp\/v2\/posts\/7740","targetHints":{"allow":["GET"]}}],"collection":[{"href":"https:\/\/tjsokolkoberice.cz\/index.php?rest_route=\/wp\/v2\/posts"}],"about":[{"href":"https:\/\/tjsokolkoberice.cz\/index.php?rest_route=\/wp\/v2\/types\/post"}],"author":[{"embeddable":true,"href":"https:\/\/tjsokolkoberice.cz\/index.php?rest_route=\/wp\/v2\/users\/3"}],"replies":[{"embeddable":true,"href":"https:\/\/tjsokolkoberice.cz\/index.php?rest_route=%2Fwp%2Fv2%2Fcomments&post=7740"}],"version-history":[{"count":1,"href":"https:\/\/tjsokolkoberice.cz\/index.php?rest_route=\/wp\/v2\/posts\/7740\/revisions"}],"predecessor-version":[{"id":7741,"href":"https:\/\/tjsokolkoberice.cz\/index.php?rest_route=\/wp\/v2\/posts\/7740\/revisions\/7741"}],"wp:featuredmedia":[{"embeddable":true,"href":"https:\/\/tjsokolkoberice.cz\/index.php?rest_route=\/wp\/v2\/media\/1883"}],"wp:attachment":[{"href":"https:\/\/tjsokolkoberice.cz\/index.php?rest_route=%2Fwp%2Fv2%2Fmedia&parent=7740"}],"wp:term":[{"taxonomy":"category","embeddable":true,"href":"https:\/\/tjsokolkoberice.cz\/index.php?rest_route=%2Fwp%2Fv2%2Fcategories&post=7740"},{"taxonomy":"post_tag","embeddable":true,"href":"https:\/\/tjsokolkoberice.cz\/index.php?rest_route=%2Fwp%2Fv2%2Ftags&post=7740"}],"curies":[{"name":"wp","href":"https:\/\/api.w.org\/{rel}","templated":true}]}}