{"id":7743,"date":"2023-05-18T18:19:22","date_gmt":"2023-05-18T17:19:22","guid":{"rendered":"https:\/\/tjsokolkoberice.cz\/?p=7743"},"modified":"2025-10-14T11:48:32","modified_gmt":"2025-10-14T10:48:32","slug":"vysledky-nasich-muzstev-23","status":"publish","type":"post","link":"https:\/\/tjsokolkoberice.cz\/?p=7743","title":{"rendered":"V\u00fdsledky na\u0161ich mu\u017estev"},"content":{"rendered":"<p><span style=\"font-family: helvetica, arial, sans-serif; font-size: 12pt;\">Ned\u011ble 14. kv\u011btna 2023<\/span><\/p>\n<p><span style=\"font-family: helvetica, arial, sans-serif; font-size: 12pt;\"><strong>&nbsp;<\/strong><\/span><\/p>\n<p><span style=\"font-family: helvetica, arial, sans-serif; font-size: 12pt;\"><strong>FK Bolatice &#8211; A mu\u017ei &nbsp;&nbsp;&nbsp;&nbsp;2:2&nbsp; (0:1)<\/strong><\/span><\/p>\n<p><span style=\"font-family: helvetica, arial, sans-serif; font-size: 12pt;\"><strong>&nbsp;<\/strong><\/span><\/p>\n<p><span style=\"font-family: helvetica, arial, sans-serif; font-size: 12pt;\">Presti\u017en\u00ed prajzsk\u00e9 derby Bolatic se sousedn\u00edmi Kobe\u0159icemi p\u0159ineslo dal\u0161\u00ed kolo krajsk\u00e9ho p\u0159eboru. Favoritem byli i vzhledem k&nbsp;postaven\u00ed v&nbsp;tabulce host\u00e9, kte\u0159\u00ed posledn\u00ed t\u0159i utk\u00e1n\u00ed zv\u00edt\u011bzili a posunuli se do klidn\u00e9ho st\u0159edu tabulky. Jak to tak n\u011bkdy b\u00fdv\u00e1, derby nem\u00e1 favorita, co\u017e se tak\u00e9 v&nbsp;tomto p\u0159\u00edpad\u011b potvrdilo.<\/span><\/p>\n<p>&nbsp;<\/p>\n<p><span style=\"font-family: helvetica, arial, sans-serif; font-size: 12pt;\">Prvn\u00ed v\u00e1\u017en\u011bj\u0161\u00ed \u0161anci si zkraje utk\u00e1n\u00ed vypracovali dom\u00e1c\u00ed, kdy\u017e si na centr \u0160uly nasko\u010dil \u0160am\u00e1rek, ale skv\u011bl\u00fd \u0160tencel hosty podr\u017eel. Pak je\u0161t\u011b ut\u00edkal s\u00e1m na g\u00f3lmana Oberherr, ale \u0160tencel mu v\u010dasn\u00fdm vyb\u011bhnut\u00edm mimo v\u00e1pno zkazil g\u00f3lovou radost. To bylo pro prvn\u00ed polo\u010das od dom\u00e1c\u00edch v\u0161e. Iniciativu p\u0159evzali host\u00e9, kte\u0159\u00ed dr\u017eeli m\u00ed\u010d, kombinovali a dost\u00e1vali se do n\u00e1znak\u016f \u0161anc\u00ed. Jednu z&nbsp;nich ve 26. min. prom\u011bnil hostuj\u00edc\u00ed kanon\u00fdr \u0160ime\u010dek, kter\u00fd na zadn\u00ed ty\u010di dorazil p\u0159ihr\u00e1vku Kry\u0161tofa.<\/span><\/p>\n<p>&nbsp;<\/p>\n<p><span style=\"font-family: helvetica, arial, sans-serif; font-size: 12pt;\">Ve&nbsp;druh\u00e9m polo\u010dase se hr\u00e1lo pod taktovkou host\u016f z&nbsp;Kobe\u0159ic, kte\u0159\u00ed m\u011bli n\u011bkolik slibn\u00fdch \u0161anc\u00ed k&nbsp;nav\u00fd\u0161en\u00ed sk\u00f3re. Jen \u0160t\u011bp\u00e1n St\u0159\u00edbn\u00fd sp\u00e1lil t\u0159i tutov\u00e9 \u0161ance, jednou dokonce rozezvonil ty\u010d. Nav\u00fd\u0161en\u00ed veden\u00ed p\u0159i\u0161lo a\u017e v&nbsp;67. min., kdy Petr Stuchl\u00edk vysunul dlouh\u00fdm m\u00ed\u010dem Hartmanna, ten dal pod sebe na \u0160ime\u010dka, kter\u00fd p\u0159idal svoji druhou branku v&nbsp;utk\u00e1n\u00ed. V\u0161e nasv\u011bd\u010dovalo hladk\u00e9mu v\u00edt\u011bzstv\u00ed host\u016f, jen\u017ee jejich tren\u00e9r Christoph cht\u011bl d\u00e1t p\u0159\u00edle\u017eitost mlad\u00fdm hr\u00e1\u010d\u016fm, v&nbsp;70. min. poslal na h\u0159i\u0161t\u011b hned t\u0159i najednou a Bolatice toho v&nbsp;z\u00e1v\u011bru utk\u00e1n\u00ed vyu\u017eily. Nejprve dlouh\u00fd n\u00e1kop v&nbsp;77. min. doklepl na zadn\u00ed ty\u010di nik\u00fdm nehl\u00eddan\u00fd Mar\u0161\u00e1k a bylo to 1:2. Dom\u00e1c\u00ed poslali na h\u0159i\u0161t\u011b vysok\u00e9ho Kot\u00edka, na kter\u00e9ho dom\u00e1c\u00ed nakop\u00e1vali jeden m\u00ed\u010d za druh\u00fdm. Tato taktika p\u0159inesl ovoce v&nbsp;nastaven\u00ed, kdy \u0160am\u00e1rek st\u0159elou na zadn\u00ed ty\u010d zajistil d\u011blbu bod\u016f.<\/span><\/p>\n<p>&nbsp;<\/p>\n<p><span style=\"font-family: helvetica, arial, sans-serif; font-size: 12pt;\">\u201eRem\u00edza je pro n\u00e1s zklam\u00e1n\u00edm a ztr\u00e1tou, proto\u017ee jsme a\u017e do nastaven\u00ed vedli. Tentokr\u00e1t to beru na sebe, proto\u017ee jsem to hodn\u011b prost\u0159\u00eddal. Mlad\u00ed kluci ale pot\u0159ebuj\u00ed hr\u00e1t podobn\u011b t\u011b\u017ek\u00e9 z\u00e1pasy\u201c, hodnotil utk\u00e1n\u00ed kobe\u0159ick\u00fd tren\u00e9r Christoph (zdroj Region Opavsko).<\/span><\/p>\n<p><span style=\"font-family: helvetica, arial, sans-serif; font-size: 12pt;\"><strong>&nbsp;<\/strong><\/span><\/p>\n<p><span style=\"font-family: helvetica, arial, sans-serif; font-size: 12pt;\"><strong>Branky:<\/strong>&nbsp;77. Mar\u0161\u00e1k Daniel, 92. \u0160am\u00e1rek Jan&nbsp;&#8211;&nbsp;26., 67. \u0160ime\u010dek Adam&nbsp;&nbsp;&nbsp;&nbsp;&nbsp;&nbsp;&nbsp;&nbsp;&nbsp;&nbsp;&nbsp;&nbsp;&nbsp;&nbsp;&nbsp;&nbsp;&nbsp;&nbsp;&nbsp;&nbsp;&nbsp;&nbsp;&nbsp;&nbsp;&nbsp;&nbsp;&nbsp;&nbsp;&nbsp;&nbsp;&nbsp;&nbsp;&nbsp;&nbsp;&nbsp;&nbsp;&nbsp;&nbsp;&nbsp;&nbsp;&nbsp;&nbsp;&nbsp;&nbsp;&nbsp;&nbsp;&nbsp;&nbsp;&nbsp;&nbsp;&nbsp;&nbsp;&nbsp;&nbsp;&nbsp;&nbsp;&nbsp;&nbsp;&nbsp;&nbsp;&nbsp;&nbsp;&nbsp;&nbsp;&nbsp;&nbsp;&nbsp;&nbsp; <\/span><\/p>\n<p><span style=\"font-family: helvetica, arial, sans-serif; font-size: 12pt;\"><strong>Rozhod\u010d\u00ed:<\/strong>&nbsp;Tab\u00e1\u0161ek Kamil &#8211; Skl\u00e1\u0159 Ji\u0159\u00ed, Priesol Daniel &nbsp;&nbsp;&nbsp;&nbsp;&nbsp;&nbsp;&nbsp;&nbsp;&nbsp;&nbsp;&nbsp;&nbsp;&nbsp;&nbsp;&nbsp;&nbsp;&nbsp;&nbsp;&nbsp;&nbsp;&nbsp;&nbsp;&nbsp;&nbsp;&nbsp;&nbsp;&nbsp;&nbsp;<\/span><\/p>\n<p><span style=\"font-family: helvetica, arial, sans-serif; font-size: 12pt;\"><strong>Div\u00e1ci<\/strong>: 350&nbsp;&nbsp;&nbsp;&nbsp;&nbsp;&nbsp;&nbsp;&nbsp;&nbsp;&nbsp;&nbsp;&nbsp;&nbsp;&nbsp;&nbsp;&nbsp;&nbsp;&nbsp;&nbsp;&nbsp;&nbsp;&nbsp;&nbsp;&nbsp;&nbsp;&nbsp;&nbsp;&nbsp;&nbsp;&nbsp;&nbsp;&nbsp;&nbsp;&nbsp;&nbsp;&nbsp;&nbsp;&nbsp;&nbsp;&nbsp;&nbsp;&nbsp;&nbsp;&nbsp;&nbsp;&nbsp;&nbsp;&nbsp;&nbsp;&nbsp;&nbsp;&nbsp;&nbsp;&nbsp;&nbsp;&nbsp;&nbsp;&nbsp;&nbsp;&nbsp;&nbsp;&nbsp;&nbsp;&nbsp;&nbsp;&nbsp;&nbsp;&nbsp;&nbsp;&nbsp;&nbsp;&nbsp;&nbsp;&nbsp;&nbsp;&nbsp; <\/span><\/p>\n<p><span style=\"font-family: helvetica, arial, sans-serif; font-size: 12pt;\"><strong>Kobe\u0159ice:<\/strong>&nbsp;\u0160tencel \u2013 Ve\u010derek, Robin Wirth, \u0160evior (71. Stare\u010dek), Ren\u00e9 Wirth (71. Sotorn\u00edk) \u2013 L. Kollek (63. Stuchl\u00edk P.), Kubn\u00fd (63. Hartmann A.), Ka\u0161n\u00fd, St\u0159\u00edbn\u00fd \u0160. \u2013 \u0160ime\u010dek (71. Stuchl\u00edk O.), Kry\u0161tof. <\/span><\/p>\n<p><span style=\"font-family: helvetica, arial, sans-serif; font-size: 12pt;\"><strong>Tren\u00e9r<\/strong>: Du\u0161an Christoph.<\/span><\/p>\n<p><a href=\"https:\/\/souteze.fotbal.cz\/turnaje\/table\/f8053cfd-b14c-47a3-bee8-d5f2391863cc\"><span style=\"font-family: helvetica, arial, sans-serif; font-size: 12pt;\">Tabulka<\/span><\/a><\/p>\n<p><span style=\"font-family: helvetica, arial, sans-serif; font-size: 12pt;\"><strong>&nbsp;<\/strong><\/span><\/p>\n<p><span style=\"font-family: helvetica, arial, sans-serif; font-size: 12pt;\"><strong>Sobota 13. kv\u011btna 2023<\/strong><\/span><\/p>\n<p><span style=\"font-family: helvetica, arial, sans-serif; font-size: 12pt;\"><strong>MFK Krava\u0159e &#8211; St. dorost &nbsp;&nbsp;&nbsp;&nbsp;2:2 (1:1)<\/strong><\/span><\/p>\n<p><span style=\"font-family: helvetica, arial, sans-serif; font-size: 12pt;\"><strong>Branky:<\/strong> 3. Veleba Ond\u0159ej, 67. Halfar Josef&nbsp;&#8211;&nbsp;15. Biel\u00e1k Teodor, 90. Breksa Tobias<\/span><\/p>\n<p><span style=\"font-family: helvetica, arial, sans-serif; font-size: 12pt;\"><strong>Sestava:<\/strong> Hartmann, Hant\u00e1k, Biel\u00e1k (83. \u0160ime\u010dek), Li\u0161ka (83. Slanina), Voln\u00fd, Stare\u010dek, Sotorn\u00edk, Stuchl\u00edk O., Dlabola (76. Breksa), Pa\u0161ek (46. V\u00e1clav\u00edk A.), Harazim (23. St\u0159\u00edbn\u00fd V.)<\/span><\/p>\n<p><span style=\"font-family: helvetica, arial, sans-serif; font-size: 12pt;\"><strong>&nbsp;<\/strong><\/span><\/p>\n<p><a href=\"https:\/\/souteze.fotbal.cz\/turnaje\/table\/950f21ed-63c8-410d-850a-0030da2a2879\"><span style=\"font-family: helvetica, arial, sans-serif; font-size: 12pt;\">Tabulka <\/span><\/a><\/p>\n<p><span style=\"font-family: helvetica, arial, sans-serif; font-size: 12pt;\"><strong>&nbsp;<\/strong><\/span><\/p>\n<p><span style=\"font-family: helvetica, arial, sans-serif; font-size: 12pt;\"><strong>MFK Krava\u0159e &#8211; Ml. dorost &nbsp;&nbsp;&nbsp;&nbsp;0:5 &nbsp;(0:2)<\/strong><\/span><\/p>\n<p><span style=\"font-family: helvetica, arial, sans-serif; font-size: 12pt;\"><strong>Branky:<\/strong> 37. Kubn\u00fd David, 39. V\u00e1clav\u00edk Adam, 44. Grigar\u010d\u00edk Nikolas, 46. Slanina Maxmili\u00e1n, 64. Pa\u0161ek Erik<\/span><\/p>\n<p><span style=\"font-family: helvetica, arial, sans-serif; font-size: 12pt;\"><strong>Sestava:<\/strong> Pavlovi\u010d, Mac, Hant\u00e1k, Cziepl\u00fd, St\u0159\u00edbn\u00fd, Hanzl\u00edk, Besta, Grigar\u010d\u00edk, V\u00e1clav\u00edk A, Slanina, Kubn\u00fd D., Breksa, Birtek, Mrva, Kamr\u00e1d, Pa\u0161ek, Poni\u0161t<\/span><\/p>\n<p><span style=\"font-family: helvetica, arial, sans-serif; font-size: 12pt;\"><strong>&nbsp;<\/strong><\/span><\/p>\n<p><a href=\"https:\/\/souteze.fotbal.cz\/turnaje\/table\/63e12619-39e5-4336-a692-ab347c294fc8\"><span style=\"font-family: helvetica, arial, sans-serif; font-size: 12pt;\">Tabulka<\/span><\/a><\/p>\n<p>&nbsp;<\/p>\n<p>&nbsp;<\/p>\n<p><span style=\"font-family: helvetica, arial, sans-serif; font-size: 12pt;\"><strong>B mu\u017ei \u2013 TJ Sokol Sudice&nbsp; &nbsp;4:1 (3:1)<\/strong><\/span><\/p>\n<p>&nbsp;<\/p>\n<p><span style=\"font-family: helvetica, arial, sans-serif; font-size: 12pt;\"><strong>Branky:<\/strong> 1. V\u00e1clav\u00edk David, 21., 45., 85. (pen) Hartmann Adam&nbsp;&#8211;&nbsp;32. Ti\u0161ler Filip<\/span><\/p>\n<p><span style=\"font-family: helvetica, arial, sans-serif; font-size: 12pt;\"><strong>Sestava:<\/strong> Schlischka P., Stuchl\u00edk R., Jur\u010dek L., Hartmann A., V\u00e1clav\u00edk D., Kretek, Kubn\u00fd M., \u0160van\u010dar, Jan\u00edk L., Kolar\u010d\u00edk, Kaspar, Oberherr A., Moravec, Nov\u00e1k, Jablonski, Latka D., Hahn<\/span><\/p>\n<p><span style=\"font-family: helvetica, arial, sans-serif; font-size: 12pt;\"><strong>&nbsp;<\/strong><\/span><\/p>\n<p><a href=\"https:\/\/souteze.fotbal.cz\/turnaje\/table\/a0001054-754b-4268-a562-0ce88eb5695c\"><span style=\"font-family: helvetica, arial, sans-serif; font-size: 12pt;\">Tabulka<\/span><\/a><\/p>\n<p>&nbsp;<\/p>\n<p>&nbsp;<\/p>\n<p><span style=\"font-family: helvetica, arial, sans-serif; font-size: 12pt;\">Ned\u011ble 14. kv\u011btna 2023<\/span><\/p>\n<p>&nbsp;<\/p>\n<p><span style=\"font-family: helvetica, arial, sans-serif; font-size: 12pt;\"><strong>TJ Sokol Budi\u0161ovice &#8211; Ml. \u017e\u00e1ci&nbsp;&nbsp;&nbsp; 0:9&nbsp; (0:6)<\/strong><\/span><\/p>\n<p><span style=\"font-family: helvetica, arial, sans-serif; font-size: 12pt;\"><strong>&nbsp;<\/strong><\/span><\/p>\n<p><span style=\"font-family: helvetica, arial, sans-serif; font-size: 12pt;\"><strong>Sestava: <\/strong>Malch\u00e1rek, St\u0159\u00edbn\u00fd, Herich, Laburda, \u010cern\u00fd, Pla\u010dek, B\u0159emek, Herudek, Schweidler, Litzka, Sedl\u00e1\u010dek, Hanzl\u00edk, Kolod\u011bj, Kurka, Meleck\u00fd, Krettek, Pavlovi\u010d, Kone\u010dn\u00fd<\/span><\/p>\n<p>&nbsp;<\/p>\n<p><a href=\"https:\/\/souteze.fotbal.cz\/turnaje\/table\/27519b12-44ec-40a1-8371-cca977fe00b5\"><span style=\"font-family: helvetica, arial, sans-serif; font-size: 12pt;\">Tabulka<\/span><\/a><\/p>\n","protected":false},"excerpt":{"rendered":"<p>Ned\u011ble 14. kv\u011btna 2023 &nbsp; FK Bolatice &#8211; A mu\u017ei &nbsp;&nbsp;&nbsp;&nbsp;2:2&nbsp; (0:1) &nbsp; Presti\u017en\u00ed prajzsk\u00e9 derby Bolatic se sousedn\u00edmi Kobe\u0159icemi p\u0159ineslo dal\u0161\u00ed kolo krajsk\u00e9ho p\u0159eboru. Favoritem<span class=\"excerpt-hellip\"> [\u2026]<\/span><\/p>\n","protected":false},"author":3,"featured_media":3370,"comment_status":"closed","ping_status":"open","sticky":false,"template":"","format":"standard","meta":{"ngg_post_thumbnail":0,"footnotes":""},"categories":[115,112,110,107,117],"tags":[],"class_list":["post-7743","post","type-post","status-publish","format-standard","has-post-thumbnail","hentry","category-a-tym","category-b-tym","category-dorost","category-fotbal","category-mladsi-zaci"],"_links":{"self":[{"href":"https:\/\/tjsokolkoberice.cz\/index.php?rest_route=\/wp\/v2\/posts\/7743","targetHints":{"allow":["GET"]}}],"collection":[{"href":"https:\/\/tjsokolkoberice.cz\/index.php?rest_route=\/wp\/v2\/posts"}],"about":[{"href":"https:\/\/tjsokolkoberice.cz\/index.php?rest_route=\/wp\/v2\/types\/post"}],"author":[{"embeddable":true,"href":"https:\/\/tjsokolkoberice.cz\/index.php?rest_route=\/wp\/v2\/users\/3"}],"replies":[{"embeddable":true,"href":"https:\/\/tjsokolkoberice.cz\/index.php?rest_route=%2Fwp%2Fv2%2Fcomments&post=7743"}],"version-history":[{"count":1,"href":"https:\/\/tjsokolkoberice.cz\/index.php?rest_route=\/wp\/v2\/posts\/7743\/revisions"}],"predecessor-version":[{"id":7744,"href":"https:\/\/tjsokolkoberice.cz\/index.php?rest_route=\/wp\/v2\/posts\/7743\/revisions\/7744"}],"wp:featuredmedia":[{"embeddable":true,"href":"https:\/\/tjsokolkoberice.cz\/index.php?rest_route=\/wp\/v2\/media\/3370"}],"wp:attachment":[{"href":"https:\/\/tjsokolkoberice.cz\/index.php?rest_route=%2Fwp%2Fv2%2Fmedia&parent=7743"}],"wp:term":[{"taxonomy":"category","embeddable":true,"href":"https:\/\/tjsokolkoberice.cz\/index.php?rest_route=%2Fwp%2Fv2%2Fcategories&post=7743"},{"taxonomy":"post_tag","embeddable":true,"href":"https:\/\/tjsokolkoberice.cz\/index.php?rest_route=%2Fwp%2Fv2%2Ftags&post=7743"}],"curies":[{"name":"wp","href":"https:\/\/api.w.org\/{rel}","templated":true}]}}