{"id":7755,"date":"2023-05-25T08:41:13","date_gmt":"2023-05-25T07:41:13","guid":{"rendered":"https:\/\/tjsokolkoberice.cz\/?p=7755"},"modified":"2025-10-14T11:48:31","modified_gmt":"2025-10-14T10:48:31","slug":"vysledky-nasich-muzstev-24","status":"publish","type":"post","link":"https:\/\/tjsokolkoberice.cz\/?p=7755","title":{"rendered":"V\u00fdsledky na\u0161ich mu\u017estev"},"content":{"rendered":"<p><span style=\"font-size: 12pt; font-family: helvetica, arial, sans-serif;\">Ned\u011ble 21. kv\u011btna 2023<\/span><\/p>\n<p><span style=\"font-size: 12pt; font-family: helvetica, arial, sans-serif;\"><strong>&nbsp;<\/strong><\/span><\/p>\n<p><span style=\"font-size: 14pt; font-family: helvetica, arial, sans-serif;\"><strong>A mu\u017ei \u2013 TJ \u0158epi\u0161t\u011b&nbsp; 2:1 (0:1)<\/strong><\/span><\/p>\n<p><span style=\"font-size: 12pt; font-family: helvetica, arial, sans-serif;\"><strong>&nbsp;<\/strong><\/span><\/p>\n<p><span style=\"font-size: 12pt; font-family: helvetica, arial, sans-serif;\">Souboj s l\u00eddrem krajsk\u00e9ho p\u0159eboru z \u0158epi\u0161t\u011b p\u0159ineslo ned\u011bln\u00ed utk\u00e1n\u00ed A mu\u017estva v r\u00e1mci 25. kola. Favorit pot\u0159eboval k potvrzen\u00ed postupu do divize zv\u00edt\u011bzit, dom\u00e1c\u00ed jim ale postupov\u00e9 oslavy minim\u00e1ln\u011b o t\u00fdden odd\u00e1lili, porazili soupe\u0159e po bojovn\u00e9m v\u00fdkonu 2:1 a ji\u017e p\u011bt utk\u00e1n\u00ed v \u0159ad\u011b neprohr\u00e1li.<\/span><\/p>\n<p><span style=\"font-size: 12pt; font-family: helvetica, arial, sans-serif;\">\u00davodn\u00ed d\u011bjstv\u00ed se neslo ve znamen\u00ed hern\u00ed p\u0159evahy host\u016f, kte\u0159\u00ed dr\u017eeli m\u00ed\u010d a kombinovali. Do \u0161anc\u00ed je ale dom\u00e1c\u00ed t\u00e9m\u011b\u0159 nepou\u0161t\u011bli. Naopak sami mohli n\u011bkolikr\u00e1t ude\u0159it z nebezpe\u010dn\u00fdch brejk\u016f, ale Kubn\u00fd netrefil br\u00e1nu a \u0160t\u011bp\u00e1n St\u0159\u00edbn\u00fd nedotla\u010dil do br\u00e1ny m\u00ed\u010d po p\u0159ihr\u00e1vce Kry\u0161tofa. Tyto neprom\u011bn\u011bn\u00e9 \u0161ance mohly dom\u00e1c\u00ed mrzet, nebo\u0165 ve 32. min. po ned\u016frazn\u00e9m odkopu St\u0159\u00edbn\u00e9ho nekompromisn\u00ed ranou poslal \u0158epi\u0161t\u011b do veden\u00ed je\u0161t\u011b loni druholigista Celba.<\/span><\/p>\n<p><span style=\"font-size: 12pt;\"><span style=\"font-family: helvetica, arial, sans-serif;\">Ve druh\u00e9m polo\u010dase se obraz hry p\u0159\u00edli\u0161 nezm\u011bnil. Kobe\u0159ice v\u0161ak za\u010daly je\u0161t\u011b v\u00edce hrozit z&nbsp;brejkov\u00fdch situac\u00e9. V&nbsp;57. min. bylo vyrovn\u00e1no, kdy\u017e Kry\u0161tof p\u0159edlo\u017eil \u0160ime\u010dkovi p\u0159ed pr\u00e1zdnou br\u00e1nu \u2013 1:1. Ot\u0159esen\u00e9 \u0158epi\u0161t\u011b mohlo prohr\u00e1vat po mega\u0161anci Kubn\u00e9ho a St\u0159\u00edbn\u00e9ho, kte\u0159\u00ed v&nbsp;kr\u00e1tk\u00e9m sledu neprost\u0159elili obrann\u00fd val host\u016f. Na opa\u010dn\u00e9 stran\u011b neusp\u011bl v&nbsp;tutovce Celba a tak rozhodnut\u00ed p\u0159i\u0161lo na druh\u00e9 stran\u011b. V&nbsp;77. min. nap\u0159\u00e1hl z&nbsp;d\u00e1lky Kubn\u00fd a m\u00ed\u010d zapadl za zadn\u00ed ty\u010d. Tato branka znamenala senza\u010dn\u00ed v\u00fdhru dom\u00e1c\u00edch Kobe\u0159ic, kter\u00e9 se tak posunuly na pr\u016fb\u011b\u017enou sedmou pozici.<\/span><span style=\"font-family: helvetica, arial, sans-serif;\"><strong>&nbsp;<\/strong><\/span><\/span><\/p>\n<p><span style=\"font-size: 12pt; font-family: helvetica, arial, sans-serif;\"><strong>Branky:<\/strong>&nbsp;57. \u0160ime\u010dek Adam, 77. Kubn\u00fd Anton\u00edn&nbsp;&#8211;&nbsp;32. Celba Josef&nbsp;&nbsp;&nbsp;&nbsp;&nbsp;&nbsp;&nbsp;&nbsp; <\/span><\/p>\n<p><span style=\"font-size: 12pt; font-family: helvetica, arial, sans-serif;\"><strong>Rozhod\u010d\u00ed:<\/strong>&nbsp;Tom\u0161\u00edk Zbyn\u011bk &#8211; Bystro\u0148ov\u00e1 Eleanor, L\u00e1ry\u0161 V\u00edt.&nbsp;&nbsp;&nbsp;&nbsp;&nbsp;&nbsp;&nbsp;&nbsp;&nbsp;&nbsp;&nbsp;&nbsp;&nbsp;&nbsp;&nbsp;&nbsp;&nbsp;&nbsp;&nbsp;&nbsp;&nbsp;&nbsp;&nbsp;&nbsp;&nbsp;&nbsp;&nbsp;<\/span><\/p>\n<p><span style=\"font-size: 12pt; font-family: helvetica, arial, sans-serif;\"> <strong>Div\u00e1ci<\/strong>: 199&nbsp;&nbsp;&nbsp;&nbsp;&nbsp;&nbsp;&nbsp;&nbsp;&nbsp;&nbsp;&nbsp;&nbsp;&nbsp;&nbsp;&nbsp;&nbsp;&nbsp;&nbsp;&nbsp;&nbsp;&nbsp;&nbsp;&nbsp;&nbsp;&nbsp;&nbsp;&nbsp;&nbsp;&nbsp;&nbsp;&nbsp;&nbsp;&nbsp;&nbsp;&nbsp;&nbsp;&nbsp;&nbsp;&nbsp;&nbsp;&nbsp;&nbsp;&nbsp;&nbsp;&nbsp;&nbsp;&nbsp;&nbsp;&nbsp;&nbsp;&nbsp;&nbsp;&nbsp;&nbsp;&nbsp;&nbsp;&nbsp;&nbsp;&nbsp;&nbsp;&nbsp;&nbsp;&nbsp;&nbsp;&nbsp;&nbsp;&nbsp;&nbsp;&nbsp;&nbsp;&nbsp;&nbsp;&nbsp;&nbsp;&nbsp; <\/span><\/p>\n<p><span style=\"font-size: 12pt; font-family: helvetica, arial, sans-serif;\"><strong>Kobe\u0159ice:<\/strong>&nbsp;\u0160tencel \u2013 Ve\u010derek, Robin Wirth, \u0160evior (17. Stuchl\u00edk P.), Ren\u00e9 Wirth \u2013 L. Kollek, Kubn\u00fd, Ka\u0161n\u00fd (51. Hartmann A.), St\u0159\u00edbn\u00fd \u0160. \u2013 \u0160ime\u010dek (87. Breksa), Kry\u0161tof. <\/span><\/p>\n<p><span style=\"font-size: 12pt; font-family: helvetica, arial, sans-serif;\"><strong>Tren\u00e9r<\/strong>: Du\u0161an Christoph.<\/span><\/p>\n<p><span style=\"font-size: 12pt;\"><a href=\"https:\/\/souteze.fotbal.cz\/turnaje\/table\/f8053cfd-b14c-47a3-bee8-d5f2391863cc\"><span style=\"font-family: helvetica, arial, sans-serif;\"><span style=\"color: #993300;\">Tabulka<\/span><\/span><\/a><\/span><\/p>\n<p><span style=\"font-size: 12pt; font-family: helvetica, arial, sans-serif;\"><strong>&nbsp;<\/strong><\/span><\/p>\n<p><span style=\"font-size: 12pt; font-family: helvetica, arial, sans-serif;\"><strong>St. dorost &#8211; Polanka nad Odrou &nbsp;&nbsp;6:2 (4:1)<\/strong><\/span><\/p>\n<p><span style=\"font-size: 12pt; font-family: helvetica, arial, sans-serif;\"><strong>Branky:<\/strong> 7., 32. (pen) Stuchl\u00edk Ond\u0159ej, 17., 39. Stare\u010dek Dominik, 63. Pa\u0161ek Daniel, 86. Slanina Maxmili\u00e1n&nbsp;&#8211;&nbsp;28. Geleta Mat\u011bj, 81. Sn\u011bhota Maty\u00e1\u0161<\/span><\/p>\n<p><span style=\"font-size: 12pt; font-family: helvetica, arial, sans-serif;\"><strong>Sestava:<\/strong> Hartmann, Hant\u00e1k, Biel\u00e1k, \u0160ime\u010dek (61. Breksa), Li\u0161ka, St\u0159\u00edbn\u00fd V. (69. Kubn\u00fd), Stare\u010dek, Sotorn\u00edk (61. Slanina), Stuchl\u00edk O., Dlabola, Pa\u0161ek (78. Mrva)<\/span><\/p>\n<p><span style=\"color: #993300; font-size: 12pt;\"><a style=\"color: #993300;\" href=\"https:\/\/souteze.fotbal.cz\/turnaje\/table\/950f21ed-63c8-410d-850a-0030da2a2879\"><span style=\"font-family: helvetica, arial, sans-serif;\">Tabulka <\/span><\/a><\/span><\/p>\n<p><span style=\"font-size: 12pt; font-family: helvetica, arial, sans-serif;\"><strong>&nbsp;<\/strong><\/span><\/p>\n<p><span style=\"font-size: 12pt; font-family: helvetica, arial, sans-serif;\"><strong>Ml. dorost &#8211; Polanka nad Odrou&nbsp; &nbsp;3:1 &nbsp;(2:1)<\/strong><\/span><\/p>\n<p><span style=\"font-size: 12pt; font-family: helvetica, arial, sans-serif;\"><strong>Branky:<\/strong> 16. Breksa Tobias, 28. Slanina Maxmili\u00e1n, 44. V\u00e1clav\u00edk Adam&nbsp;&#8211;&nbsp;14. Tor\u00e1\u010d Dominik<\/span><\/p>\n<p><span style=\"font-size: 12pt; font-family: helvetica, arial, sans-serif;\"><strong>Sestava:<\/strong> Pavlovi\u010d, Mac, Hant\u00e1k, Cziepl\u00fd, St\u0159\u00edbn\u00fd, Hanzl\u00edk, Birtek, Grigar\u010d\u00edk, V\u00e1clav\u00edk A, Slanina, Kubn\u00fd D., Breksa, Besta, Mrva, Kamr\u00e1d, Pa\u0161ek, Poni\u0161t<\/span><\/p>\n<p><span style=\"font-size: 12pt; font-family: helvetica, arial, sans-serif;\"><strong>&nbsp;<\/strong><\/span><\/p>\n<p><span style=\"font-size: 12pt; font-family: helvetica, arial, sans-serif;\">St\u0159eda 24. kv\u011btna 2023<\/span><\/p>\n<p>&nbsp;<\/p>\n<p><span style=\"font-size: 12pt; font-family: helvetica, arial, sans-serif;\">Dohr\u00e1vka 20. kola<\/span><\/p>\n<p><span style=\"font-size: 12pt; font-family: helvetica, arial, sans-serif;\"><strong>&nbsp;<\/strong><\/span><\/p>\n<p><span style=\"font-size: 12pt; font-family: helvetica, arial, sans-serif;\"><strong>FK Krnov \u2013 Ml. dorost&nbsp; &nbsp;&nbsp;3:1 &nbsp;(2:1)<\/strong><\/span><\/p>\n<p><span style=\"font-size: 12pt; font-family: helvetica, arial, sans-serif;\"><strong>Branky:<\/strong> 78. Moravec Tobi\u00e1\u0161&nbsp;&#8211;&nbsp;2. V\u00e1clav\u00edk Adam<\/span><\/p>\n<p><span style=\"font-size: 12pt; font-family: helvetica, arial, sans-serif;\"><strong>Sestava:<\/strong> Pavlovi\u010d, Mac, Hant\u00e1k, Cziepl\u00fd, St\u0159\u00edbn\u00fd, Hanzl\u00edk, Besta, Grigar\u010d\u00edk, V\u00e1clav\u00edk A, Slanina, Kubn\u00fd D., Breksa, Birtek, Mrva, Kamr\u00e1d, Pa\u0161ek, Poni\u0161t<\/span><\/p>\n<p><span style=\"font-size: 12pt;\"><a href=\"https:\/\/souteze.fotbal.cz\/turnaje\/table\/63e12619-39e5-4336-a692-ab347c294fc8\"><span style=\"font-family: helvetica, arial, sans-serif;\"><span style=\"color: #993300;\">Tabulka<\/span><\/span><\/a><\/span><\/p>\n<p>&nbsp;<\/p>\n<p>&nbsp;<\/p>\n<p><span style=\"font-size: 12pt; font-family: helvetica, arial, sans-serif;\"><strong>FC Kozmice B \u2013 B mu\u017ei&nbsp; &nbsp;3:2 (0:0)<\/strong><\/span><\/p>\n<p>&nbsp;<\/p>\n<p><span style=\"font-size: 12pt; font-family: helvetica, arial, sans-serif;\"><strong>Branky:<\/strong> 52. Dihel Ale\u0161, 60. Gai Tom\u00e1\u0161, 68. Teska Tom\u00e1\u0161&nbsp;&#8211;&nbsp;50., 55. \u0160van\u010dar Sebastian<\/span><\/p>\n<p><span style=\"font-size: 12pt;\"><span style=\"font-family: helvetica, arial, sans-serif;\"><strong>Sestava:<\/strong> Hartmann O., Stuchl\u00edk R., Jur\u010dek L., Hartmann A., V\u00e1clav\u00edk D., Kretek, Kubn\u00fd M., \u0160van\u010dar, Jan\u00edk L., Kolar\u010d\u00edk, Kaspar, Oberherr A., Moravec, Nov\u00e1k, Pa\u0161ek, Latka D., Hahn, N\u00e1vrat<\/span><span style=\"font-family: helvetica, arial, sans-serif;\"><strong>&nbsp;<\/strong><\/span><\/span><\/p>\n<p><span style=\"font-size: 12pt;\"><a href=\"https:\/\/souteze.fotbal.cz\/turnaje\/table\/a0001054-754b-4268-a562-0ce88eb5695c\"><span style=\"font-family: helvetica, arial, sans-serif;\"><span style=\"color: #993300;\">Tabulka<\/span><\/span><\/a><\/span><\/p>\n<p>&nbsp;<\/p>\n<p><span style=\"font-size: 12pt; font-family: helvetica, arial, sans-serif;\">St\u0159eda 24. kv\u011btna 2023<\/span><\/p>\n<p>&nbsp;<\/p>\n<p><span style=\"font-size: 12pt; font-family: helvetica, arial, sans-serif;\"><strong>FK Sokol Mokr\u00e9 Lazce &#8211; Ml. \u017e\u00e1ci&nbsp;&nbsp;&nbsp; 5:5&nbsp; (1:1)<\/strong><\/span><\/p>\n<p><span style=\"font-size: 12pt; font-family: helvetica, arial, sans-serif;\"><strong>&nbsp;<\/strong><\/span><\/p>\n<p><span style=\"font-size: 12pt; font-family: helvetica, arial, sans-serif;\"><strong>Sestava: <\/strong>Malch\u00e1rek, St\u0159\u00edbn\u00fd, Herich, Laburda, \u010cern\u00fd, Pla\u010dek, B\u0159emek, Herudek, Schweidler, Litzka, Sedl\u00e1\u010dek, Hanzl\u00edk, Kolod\u011bj, Kurka, Meleck\u00fd, Krettek, Pavlovi\u010d, Kone\u010dn\u00fd<\/span><\/p>\n<p><span style=\"font-size: 12pt;\"><a href=\"https:\/\/souteze.fotbal.cz\/turnaje\/table\/27519b12-44ec-40a1-8371-cca977fe00b5\"><span style=\"font-family: helvetica, arial, sans-serif;\"><span style=\"color: #993300;\">Tabulka<\/span><\/span><\/a><\/span><\/p>\n","protected":false},"excerpt":{"rendered":"<p>Ned\u011ble 21. kv\u011btna 2023 &nbsp; A mu\u017ei \u2013 TJ \u0158epi\u0161t\u011b&nbsp; 2:1 (0:1) &nbsp; Souboj s l\u00eddrem krajsk\u00e9ho p\u0159eboru z \u0158epi\u0161t\u011b p\u0159ineslo ned\u011bln\u00ed utk\u00e1n\u00ed A mu\u017estva v<span class=\"excerpt-hellip\"> [\u2026]<\/span><\/p>\n","protected":false},"author":3,"featured_media":2888,"comment_status":"closed","ping_status":"open","sticky":false,"template":"","format":"standard","meta":{"ngg_post_thumbnail":0,"footnotes":""},"categories":[115,112,110,107,117],"tags":[],"class_list":["post-7755","post","type-post","status-publish","format-standard","has-post-thumbnail","hentry","category-a-tym","category-b-tym","category-dorost","category-fotbal","category-mladsi-zaci"],"_links":{"self":[{"href":"https:\/\/tjsokolkoberice.cz\/index.php?rest_route=\/wp\/v2\/posts\/7755","targetHints":{"allow":["GET"]}}],"collection":[{"href":"https:\/\/tjsokolkoberice.cz\/index.php?rest_route=\/wp\/v2\/posts"}],"about":[{"href":"https:\/\/tjsokolkoberice.cz\/index.php?rest_route=\/wp\/v2\/types\/post"}],"author":[{"embeddable":true,"href":"https:\/\/tjsokolkoberice.cz\/index.php?rest_route=\/wp\/v2\/users\/3"}],"replies":[{"embeddable":true,"href":"https:\/\/tjsokolkoberice.cz\/index.php?rest_route=%2Fwp%2Fv2%2Fcomments&post=7755"}],"version-history":[{"count":5,"href":"https:\/\/tjsokolkoberice.cz\/index.php?rest_route=\/wp\/v2\/posts\/7755\/revisions"}],"predecessor-version":[{"id":7760,"href":"https:\/\/tjsokolkoberice.cz\/index.php?rest_route=\/wp\/v2\/posts\/7755\/revisions\/7760"}],"wp:featuredmedia":[{"embeddable":true,"href":"https:\/\/tjsokolkoberice.cz\/index.php?rest_route=\/wp\/v2\/media\/2888"}],"wp:attachment":[{"href":"https:\/\/tjsokolkoberice.cz\/index.php?rest_route=%2Fwp%2Fv2%2Fmedia&parent=7755"}],"wp:term":[{"taxonomy":"category","embeddable":true,"href":"https:\/\/tjsokolkoberice.cz\/index.php?rest_route=%2Fwp%2Fv2%2Fcategories&post=7755"},{"taxonomy":"post_tag","embeddable":true,"href":"https:\/\/tjsokolkoberice.cz\/index.php?rest_route=%2Fwp%2Fv2%2Ftags&post=7755"}],"curies":[{"name":"wp","href":"https:\/\/api.w.org\/{rel}","templated":true}]}}