{"id":7765,"date":"2023-06-05T13:33:23","date_gmt":"2023-06-05T12:33:23","guid":{"rendered":"https:\/\/tjsokolkoberice.cz\/?p=7765"},"modified":"2025-10-14T11:48:31","modified_gmt":"2025-10-14T10:48:31","slug":"vysledky-nasich-muzstev-25","status":"publish","type":"post","link":"https:\/\/tjsokolkoberice.cz\/?p=7765","title":{"rendered":"V\u00fdsledky na\u0161ich mu\u017estev"},"content":{"rendered":"<p><span style=\"font-family: helvetica, arial, sans-serif; font-size: 12pt;\">Ned\u011ble 4. \u010dervna 2023<\/span><\/p>\n<p><span style=\"font-family: helvetica, arial, sans-serif; font-size: 14pt;\"><strong>A mu\u017ei \u2013 TJ Tatran Jakub\u010dovice &nbsp;&nbsp;&nbsp;5:3 &nbsp;&nbsp;(5:1)<\/strong><\/span><\/p>\n<p><span style=\"font-family: helvetica, arial, sans-serif; font-size: 12pt;\">Skv\u011bl\u00fd prvn\u00ed polo\u010das a p\u011bt nas\u00e1zen\u00fdch branek sta\u010dilo Kobe\u0159ic\u00edm k&nbsp;p\u0159ips\u00e1n\u00ed dal\u0161\u00edch t\u0159\u00ed bod\u016f a posun na sedmou pozici tabulky krajsk\u00e9ho p\u0159eboru.<\/span><\/p>\n<p><span style=\"font-family: helvetica, arial, sans-serif; font-size: 12pt;\">\u00davodn\u00ed n\u00e1por dom\u00e1c\u00edch a \u0161ance Kollka a Ve\u010derka je\u0161t\u011b branku nep\u0159inesly, ale i p\u0159esto se dom\u00e1c\u00ed prosadili ji\u017e v&nbsp;5. min., kdy te\u010dovanou st\u0159elou otev\u0159el sk\u00f3re \u0160ime\u010dek \u2013 1:0. Vz\u00e1p\u011bt\u00ed po kr\u00e1sn\u00e9 kombinaci vyb\u00eddl \u0160ime\u010dek ke sk\u00f3rov\u00e1n\u00ed Kollka, kter\u00fd nedal brank\u00e1\u0159i \u0161anci \u2013 2:0. Opa\u0159en\u00ed host\u00e9 v&nbsp;t\u00e9 chv\u00edli nev\u011bd\u011bli, kam d\u0159\u00edv sko\u010dit. Z&nbsp;letargie je vyvedla poda\u0159en\u00e1 trefa Zagola z&nbsp;15. min, kter\u00fd se trefil kr\u00e1sn\u011b k&nbsp;ty\u010di zhruba z&nbsp;25 metr\u016f. Kdo \u010dekal drama, musel b\u00fdt zklam\u00e1n. Hned za minutu vst\u0159elil na opa\u010dn\u011b stran\u011b h\u0159i\u0161t\u011b svoji prvn\u00ed branku v&nbsp;A mu\u017estvu Adam Hartmann, kdy\u017e doklep\u00e1val do br\u00e1ny zp\u011btnou p\u0159ihr\u00e1vku \u0160ime\u010dka. Za dal\u0161\u00ed 4 min. to u\u017e bylo 4:1, kdy\u017e svoji druhou branku v&nbsp;z\u00e1pase p\u0159idal Luk\u00e1\u0161 Kollek. Dom\u00e1c\u00ed nep\u0159est\u00e1vali v&nbsp;tlaku a pohledn\u00fdmi akce neust\u00e1le zam\u011bstn\u00e1vali hostuj\u00edc\u00edho brank\u00e1\u0159e. Posledn\u00ed h\u0159eb\u00ed\u010dek do jakub\u010dovick\u00e9 rakve v&nbsp;prvn\u00edm polo\u010dase zaklepal op\u011bt Adam Hartmann a do \u0161aten se \u0161lo s&nbsp;vysok\u00fdm veden\u00edm dom\u00e1c\u00edch 5:1!<\/span><\/p>\n<p><span style=\"font-family: helvetica, arial, sans-serif; font-size: 12pt;\">Ve druh\u00e9m polo\u010dase ji\u017e bylo zn\u00e1t, \u017ee dom\u00e1c\u00ed disponuj\u00ed velk\u00fdm n\u00e1skokem. V&nbsp;\u00famorn\u00e9m vedru p\u0159ebrali iniciativu host\u00e9, kte\u0159\u00ed se sna\u017eili n\u011bco ud\u011blat s&nbsp;nep\u0159\u00edzniv\u00fdm v\u00fdsledkem. Korekce sk\u00f3re se jim povedla v&nbsp;56. min., kdy se p\u0159\u00edzemn\u00ed st\u0159elou k&nbsp;ty\u010di trefil nest\u00e1rnouc\u00ed Schreier. Dom\u00e1c\u00ed toho ve druh\u00e9m d\u011bjstv\u00ed dop\u0159edu p\u0159\u00edli\u0161 nep\u0159edvedli, z\u016fstalo sp\u00ed\u0161e u n\u00e1znak\u016f \u0161anc\u00ed a st\u0159el z&nbsp;d\u00e1lky. A tak bylo ru\u0161no na opa\u010dn\u00e9 stran\u011b. Nejprve vid\u011bl v&nbsp;80. min. \u010dervenou kartu po ostr\u00e9m skluzu hostuj\u00edc\u00ed Petr, v&nbsp;nastaven\u00ed je\u0161t\u011b korigoval prohru Murin na kone\u010dn\u00fdch 5:3 pro dom\u00e1c\u00ed.<\/span><\/p>\n<p><span style=\"font-family: helvetica, arial, sans-serif; font-size: 12pt;\"><strong>Branky:<\/strong>&nbsp;5. \u0160ime\u010dek Adam, 11., 20. Kollek Luk\u00e1\u0161, 16., 31. Hartmann Adam&nbsp;&#8211;&nbsp;15. Zagol Pavel, 56. Schreier Jan, 92. Murin Tom\u00e1\u0161&nbsp;&nbsp;&nbsp;&nbsp;&nbsp;&nbsp;&nbsp;&nbsp;&nbsp;&nbsp;&nbsp; <\/span><\/p>\n<p><span style=\"font-family: helvetica, arial, sans-serif; font-size: 12pt;\"><strong>Rozhod\u010d\u00ed:<\/strong>&nbsp;Nov\u00e1k Dominik &#8211; Paster\u010d\u00e1k Jozef, Slan\u00fd Jan.&nbsp;&nbsp;&nbsp;&nbsp;&nbsp;&nbsp;&nbsp;&nbsp;&nbsp;&nbsp;&nbsp;&nbsp;&nbsp;&nbsp;&nbsp;&nbsp;&nbsp;&nbsp;&nbsp;&nbsp;&nbsp;&nbsp;&nbsp;&nbsp;&nbsp;&nbsp;&nbsp; <\/span><\/p>\n<p><span style=\"font-family: helvetica, arial, sans-serif; font-size: 12pt;\"><strong>Div\u00e1ci<\/strong>: 183&nbsp;&nbsp;&nbsp;&nbsp;&nbsp;&nbsp;&nbsp;&nbsp;&nbsp;&nbsp;&nbsp;&nbsp;&nbsp;&nbsp;&nbsp;&nbsp;&nbsp;&nbsp;&nbsp;&nbsp;&nbsp;&nbsp;&nbsp;&nbsp;&nbsp;&nbsp;&nbsp;&nbsp;&nbsp;&nbsp;&nbsp;&nbsp;&nbsp;&nbsp;&nbsp;&nbsp;&nbsp;&nbsp;&nbsp;&nbsp;&nbsp;&nbsp;&nbsp;&nbsp;&nbsp;&nbsp;&nbsp;&nbsp;&nbsp;&nbsp;&nbsp;&nbsp;&nbsp;&nbsp;&nbsp;&nbsp;&nbsp;&nbsp;&nbsp;&nbsp;&nbsp;&nbsp;&nbsp;&nbsp;&nbsp;&nbsp;&nbsp;&nbsp;&nbsp;&nbsp;&nbsp;&nbsp;&nbsp;&nbsp; &nbsp;&nbsp;&nbsp;<\/span><\/p>\n<p><span style=\"font-family: helvetica, arial, sans-serif; font-size: 12pt;\"><strong>Kobe\u0159ice:<\/strong>&nbsp;\u0160tencel \u2013 Ve\u010derek, Robin Wirth, \u0160evior, Ren\u00e9 Wirth \u2013 L. Kollek (84. Biel\u00e1k), Kubn\u00fd, Kry\u0161tof (67. Buchta), St\u0159\u00edbn\u00fd \u0160. (67. Stuchl\u00edk P.) \u2013 \u0160ime\u010dek (84. Stare\u010dek), Hartmann A. (77. Sotorn\u00edk). <\/span><\/p>\n<p><span style=\"font-family: helvetica, arial, sans-serif; font-size: 12pt;\"><strong>Tren\u00e9r<\/strong>: Du\u0161an Christoph.<\/span><\/p>\n<p><a href=\"https:\/\/souteze.fotbal.cz\/turnaje\/table\/f8053cfd-b14c-47a3-bee8-d5f2391863cc\"><span style=\"color: #0000ff; font-family: helvetica, arial, sans-serif; font-size: 12pt;\">Tabulka<\/span><\/a><\/p>\n<p><span style=\"font-family: helvetica, arial, sans-serif; font-size: 12pt;\"><strong>&nbsp;<\/strong><\/span><\/p>\n<p><span style=\"font-family: helvetica, arial, sans-serif; font-size: 14pt;\"><strong>St. dorost \u2013 SO Brunt\u00e1l &nbsp;&nbsp;&nbsp;&nbsp;2:1 (2:0)<\/strong><\/span><\/p>\n<p><span style=\"font-family: helvetica, arial, sans-serif; font-size: 12pt;\"><strong>Branky:<\/strong> 27. Stuchl\u00edk Ond\u0159ej, 43. Sotorn\u00edk Alan&nbsp;&#8211;&nbsp;60. Fleka\u010d \u0160t\u011bp\u00e1n<\/span><\/p>\n<p><span style=\"font-family: helvetica, arial, sans-serif; font-size: 12pt;\"><strong>Sestava:<\/strong> Hartmann, Hant\u00e1k, Biel\u00e1k, \u0160ime\u010dek (46. St\u0159\u00edbn\u00fd V.), Voln\u00fd, Slanina (63. Breksa), Stare\u010dek, Sotorn\u00edk, Stuchl\u00edk O., Pa\u0161ek (63. Vit\u00e1sek), Dlabola (87. Kubn\u00fd)<\/span><\/p>\n<p><a href=\"https:\/\/souteze.fotbal.cz\/turnaje\/table\/950f21ed-63c8-410d-850a-0030da2a2879\"><span style=\"color: #0000ff; font-family: helvetica, arial, sans-serif; font-size: 12pt;\">Tabulka <\/span><\/a><\/p>\n<p><span style=\"font-family: helvetica, arial, sans-serif; font-size: 12pt;\"><strong>&nbsp;<\/strong><\/span><\/p>\n<p><span style=\"font-family: helvetica, arial, sans-serif; font-size: 14pt;\"><strong>Ml. dorost \u2013 SO Brunt\u00e1l &nbsp;&nbsp;&nbsp;7:2 &nbsp;(2:1)<\/strong><\/span><\/p>\n<p><span style=\"font-family: helvetica, arial, sans-serif; font-size: 12pt;\"><strong>Branky:<\/strong> 6., 76. Slanina Maxmili\u00e1n, 18., 43., 58. V\u00e1clav\u00edk Adam, 55. Mrva Michal, 56. Kubn\u00fd David&nbsp;&#8211;&nbsp;40. Fr\u00e9bort Petr, 63. Hurajt Luk\u00e1\u0161<\/span><\/p>\n<p><span style=\"font-family: helvetica, arial, sans-serif; font-size: 12pt;\"><strong>Sestava:<\/strong> Pavlovi\u010d, Mac, Hant\u00e1k, Cziepl\u00fd, St\u0159\u00edbn\u00fd, Hanzl\u00edk, Birtek, Grigar\u010d\u00edk, V\u00e1clav\u00edk A, Slanina, Kubn\u00fd D., Breksa, Besta, Mrva, Kamr\u00e1d, Pa\u0161ek, Poni\u0161t<\/span><\/p>\n<p><a href=\"https:\/\/souteze.fotbal.cz\/turnaje\/table\/63e12619-39e5-4336-a692-ab347c294fc8\"><span style=\"color: #0000ff; font-family: helvetica, arial, sans-serif; font-size: 12pt;\">Tabulka<\/span><\/a><\/p>\n<p>&nbsp;<\/p>\n<p><span style=\"font-family: helvetica, arial, sans-serif; font-size: 12pt;\">Sobota 3. \u010dervna 2023<\/span><\/p>\n<p><span style=\"font-family: helvetica, arial, sans-serif; font-size: 14pt;\"><strong>B mu\u017ei \u2013 TJ Sokol Hn\u011bvo\u0161ice &nbsp;&nbsp;&nbsp;4:2 (1:0)<\/strong><\/span><\/p>\n<p><span style=\"font-family: helvetica, arial, sans-serif; font-size: 12pt;\"><strong>Branky:<\/strong> 7. Stuchl\u00edk Radim, 47. Jur\u010dek Luk\u00e1\u0161, 49. Jablonski Marek, 76. Pa\u0161ek Daniel&nbsp;&#8211;&nbsp;56. Jaro\u0161 Kamil, 89. Herrman Jakub<\/span><\/p>\n<p><span style=\"font-family: helvetica, arial, sans-serif; font-size: 12pt;\"><strong>Sestava:<\/strong> Hartmann O., Stuchl\u00edk R., Jur\u010dek L., Jablonski, Latka, V\u00e1clav\u00edk D., Kolar\u010d\u00edk, Nov\u00e1k, Halfar, Mrovec T., Kretek, Pa\u0161ek, Moravec, Hahn, Las\u00e1k D., Kaspar, N\u00e1vrat<\/span><\/p>\n<p><a href=\"https:\/\/souteze.fotbal.cz\/turnaje\/table\/a0001054-754b-4268-a562-0ce88eb5695c\"><span style=\"color: #0000ff; font-family: helvetica, arial, sans-serif; font-size: 12pt;\">Tabulka<\/span><\/a><\/p>\n<p>&nbsp;<\/p>\n<p>&nbsp;<\/p>\n<p><span style=\"font-family: helvetica, arial, sans-serif; font-size: 12pt;\">\u010ctvrtek 1. \u010dervna 2023<\/span><\/p>\n<p><span style=\"font-family: helvetica, arial, sans-serif; font-size: 14pt;\"><strong>Ml. \u017e\u00e1ci \u2013 TJ Sokol Budi\u0161ovice&nbsp;&nbsp;&nbsp; 13:1&nbsp; (10:1)<\/strong><\/span><\/p>\n<p><span style=\"font-family: helvetica, arial, sans-serif; font-size: 12pt;\"><strong>Sestava: <\/strong>Malch\u00e1rek, St\u0159\u00edbn\u00fd, Herich, Laburda, \u010cern\u00fd, Pla\u010dek, B\u0159emek, Herudek, Schweidler, Litzka, Sedl\u00e1\u010dek, Hanzl\u00edk, Kolod\u011bj, Kurka, Meleck\u00fd, Krettek, Pavlovi\u010d, Kone\u010dn\u00fd, Mrovec, \u010cujkov\u00e1<\/span><\/p>\n<p><a href=\"https:\/\/souteze.fotbal.cz\/turnaje\/table\/27519b12-44ec-40a1-8371-cca977fe00b5\"><span style=\"font-family: helvetica, arial, sans-serif; font-size: 12pt; color: #0000ff;\">Tabulka<\/span><\/a><\/p>\n<p>&nbsp;<\/p>\n<p><img loading=\"lazy\" decoding=\"async\" class=\"aligncenter wp-image-3288 size-medium\" src=\"https:\/\/tjsokolkoberice.cz\/wp-content\/uploads\/2016\/12\/logo-sokol_zs-300x99.png\" alt=\"\" width=\"300\" height=\"99\" srcset=\"https:\/\/tjsokolkoberice.cz\/wp-content\/uploads\/2016\/12\/logo-sokol_zs-300x99.png 300w, https:\/\/tjsokolkoberice.cz\/wp-content\/uploads\/2016\/12\/logo-sokol_zs-768x253.png 768w, https:\/\/tjsokolkoberice.cz\/wp-content\/uploads\/2016\/12\/logo-sokol_zs-816x270.png 816w, https:\/\/tjsokolkoberice.cz\/wp-content\/uploads\/2016\/12\/logo-sokol_zs.png 820w\" sizes=\"auto, (max-width:767px) 300px, 300px\" \/><\/p>\n","protected":false},"excerpt":{"rendered":"<p>Ned\u011ble 4. \u010dervna 2023 A mu\u017ei \u2013 TJ Tatran Jakub\u010dovice &nbsp;&nbsp;&nbsp;5:3 &nbsp;&nbsp;(5:1) Skv\u011bl\u00fd prvn\u00ed polo\u010das a p\u011bt nas\u00e1zen\u00fdch branek sta\u010dilo Kobe\u0159ic\u00edm k&nbsp;p\u0159ips\u00e1n\u00ed dal\u0161\u00edch t\u0159\u00ed bod\u016f a<span class=\"excerpt-hellip\"> [\u2026]<\/span><\/p>\n","protected":false},"author":3,"featured_media":3192,"comment_status":"closed","ping_status":"open","sticky":false,"template":"","format":"standard","meta":{"ngg_post_thumbnail":0,"footnotes":""},"categories":[115,112,110,107,117],"tags":[],"class_list":["post-7765","post","type-post","status-publish","format-standard","has-post-thumbnail","hentry","category-a-tym","category-b-tym","category-dorost","category-fotbal","category-mladsi-zaci"],"_links":{"self":[{"href":"https:\/\/tjsokolkoberice.cz\/index.php?rest_route=\/wp\/v2\/posts\/7765","targetHints":{"allow":["GET"]}}],"collection":[{"href":"https:\/\/tjsokolkoberice.cz\/index.php?rest_route=\/wp\/v2\/posts"}],"about":[{"href":"https:\/\/tjsokolkoberice.cz\/index.php?rest_route=\/wp\/v2\/types\/post"}],"author":[{"embeddable":true,"href":"https:\/\/tjsokolkoberice.cz\/index.php?rest_route=\/wp\/v2\/users\/3"}],"replies":[{"embeddable":true,"href":"https:\/\/tjsokolkoberice.cz\/index.php?rest_route=%2Fwp%2Fv2%2Fcomments&post=7765"}],"version-history":[{"count":3,"href":"https:\/\/tjsokolkoberice.cz\/index.php?rest_route=\/wp\/v2\/posts\/7765\/revisions"}],"predecessor-version":[{"id":7768,"href":"https:\/\/tjsokolkoberice.cz\/index.php?rest_route=\/wp\/v2\/posts\/7765\/revisions\/7768"}],"wp:featuredmedia":[{"embeddable":true,"href":"https:\/\/tjsokolkoberice.cz\/index.php?rest_route=\/wp\/v2\/media\/3192"}],"wp:attachment":[{"href":"https:\/\/tjsokolkoberice.cz\/index.php?rest_route=%2Fwp%2Fv2%2Fmedia&parent=7765"}],"wp:term":[{"taxonomy":"category","embeddable":true,"href":"https:\/\/tjsokolkoberice.cz\/index.php?rest_route=%2Fwp%2Fv2%2Fcategories&post=7765"},{"taxonomy":"post_tag","embeddable":true,"href":"https:\/\/tjsokolkoberice.cz\/index.php?rest_route=%2Fwp%2Fv2%2Ftags&post=7765"}],"curies":[{"name":"wp","href":"https:\/\/api.w.org\/{rel}","templated":true}]}}