{"id":7785,"date":"2023-06-15T10:50:01","date_gmt":"2023-06-15T09:50:01","guid":{"rendered":"https:\/\/tjsokolkoberice.cz\/?p=7785"},"modified":"2025-10-14T11:48:31","modified_gmt":"2025-10-14T10:48:31","slug":"od-nasledujici-sezony-povede-a-muzstvo-novy-trener","status":"publish","type":"post","link":"https:\/\/tjsokolkoberice.cz\/?p=7785","title":{"rendered":"Od n\u00e1sleduj\u00edc\u00ed sez\u00f3ny povede A mu\u017estvo nov\u00fd tren\u00e9r"},"content":{"rendered":"<p><span style=\"font-family: helvetica, arial, sans-serif; font-size: 12pt;\"><strong>Od n\u00e1sleduj\u00edc\u00ed sez\u00f3ny povede A mu\u017estvo nov\u00fd tren\u00e9r!<\/strong><\/span><\/p>\n<p>&nbsp;<\/p>\n<p><span style=\"font-family: helvetica, arial, sans-serif; font-size: 12pt;\">Du\u0161an Christoph po \u010dty\u0159ech letech kon\u010d\u00ed na lavi\u010dce kobe\u0159ick\u00fdch fotbalist\u016f, a to na vlastn\u00ed \u017e\u00e1dost. Jeho m\u00edsto zaujme b\u00fdval\u00fd v\u00fdborn\u00fd g\u00f3lman Petr Sou\u010dek. Ten se k&nbsp;tren\u00e9rsk\u00e9 pr\u00e1ci vrac\u00ed po ro\u010dn\u00ed&nbsp;pauze.<\/span><\/p>\n<p><span style=\"font-family: helvetica, arial, sans-serif; font-size: 12pt;\">\u201ePot\u0159ebuji si od fotbalu odpo\u010dinout. D\u011blal jsem ho od patn\u00e1cti let a chci vypnout. Minim\u00e1ln\u011b na p\u016fl roku si d\u00e1v\u00e1m pauzu,\u201c \u0159ekl Du\u0161an Christoph. \u201e\u010cty\u0159i roky v&nbsp;Kobe\u0159ic\u00edch byly kr\u00e1sn\u00e9. Nehr\u00e1li jsme \u0161patn\u00fd fotbal. T\u011b\u0161\u00ed m\u011b, \u017ee se n\u00e1m poda\u0159ilo do k\u00e1dru zapracov\u00e1vat mlad\u00e9 kluky. Petr Sou\u010dek je dobrou volbou, s&nbsp;mlad\u00fdmi pracovat um\u00ed,\u201c podotkl Christoph.<\/span><\/p>\n<p><span style=\"font-family: helvetica, arial, sans-serif; font-size: 12pt;\">\u201eRok jsem netr\u00e9noval, mus\u00edm p\u0159iznat, \u017ee mi to chyb\u011blo. Nav\u00edc do Kobe\u0159ic to m\u00e1m z&nbsp;domu kousek,\u201c poznamenal Petr Sou\u010dek, kter\u00fd v&nbsp;minulosti pracoval u&nbsp;ml\u00e1de\u017ee Slezsk\u00e9ho FC Opava. Jako hlavn\u00ed tren\u00e9r vedl B\u0159idli\u010dnou, Pustou Polom a Polanku. \u201eNa novou pr\u00e1ci se t\u011b\u0161\u00edm. Nav\u00edc Kobe\u0159ice maj\u00ed dobrou ml\u00e1de\u017e, budeme do prvn\u00edho t\u00fdmu zapracov\u00e1vat mlad\u00e9 kluky, tak jak tomu bylo doposud,\u201c nast\u00ednil rod\u00e1k ze \u0160t\u011bp\u00e1nkovic.<\/span><\/p>\n<p><span style=\"font-family: helvetica, arial, sans-serif; font-size: 12pt;\">Letn\u00ed p\u0159\u00edpravu odstartuj\u00ed Kobe\u0159ice jeden\u00e1ct\u00e9ho \u010dervence. A&nbsp;co zm\u011bny v&nbsp;k\u00e1dru? \u201eV\u011b\u0159\u00edm, \u017ee st\u00e1vaj\u00edc\u00ed k\u00e1dr z\u016fstane a bude dopln\u011bn o&nbsp;mlad\u00e9 kluky,\u201c dodal nov\u00fd tren\u00e9r Petr&nbsp;Sou\u010dek (zdroj opavsky.denik.cz).<\/span><\/p>\n<p><span style=\"font-family: helvetica, arial, sans-serif; font-size: 12pt;\">Spolu s&nbsp;Du\u0161anem Christophem kon\u010d\u00ed tak\u00e9 vedouc\u00ed Jan \u010cujek, kter\u00fd tuto funkci vykon\u00e1val rovn\u011b\u017e \u010dty\u0159i roky. Veden\u00ed TJ Sokol Kobe\u0159ice touto cestou ob\u011bma velmi d\u011bkuje za odvedenou pr\u00e1ci a za skv\u011bl\u00e9 z\u00e1\u017eitky, kter\u00e9 b\u011bhem sv\u00e9ho p\u016fsoben\u00ed u na\u0161eho A mu\u017estva nab\u00eddli na\u0161im fanou\u0161k\u016fm. Velmi si jejich pr\u00e1ce v\u00e1\u017e\u00edme a p\u0159ejeme jim v\u0161e dobr\u00e9 do dal\u0161\u00edch let!<\/span><\/p>\n<p><span style=\"font-family: helvetica, arial, sans-serif; font-size: 12pt;\">Nov\u00e9mu tren\u00e9rovi Petru Sou\u010dkovi p\u0159ejeme hodn\u011b \u0161t\u011bst\u00ed a poveden\u00e9 anga\u017em\u00e1 u na\u0161eho t\u00fdmu! V\u00edtej u n\u00e1s Pet\u0159e!<\/span><\/p>\n<p>&nbsp;<\/p>\n<p><img loading=\"lazy\" decoding=\"async\" class=\"aligncenter size-medium wp-image-3288\" src=\"https:\/\/tjsokolkoberice.cz\/wp-content\/uploads\/2016\/12\/logo-sokol_zs-300x99.png\" alt=\"\" width=\"300\" height=\"99\" srcset=\"https:\/\/tjsokolkoberice.cz\/wp-content\/uploads\/2016\/12\/logo-sokol_zs-300x99.png 300w, https:\/\/tjsokolkoberice.cz\/wp-content\/uploads\/2016\/12\/logo-sokol_zs-768x253.png 768w, https:\/\/tjsokolkoberice.cz\/wp-content\/uploads\/2016\/12\/logo-sokol_zs-816x270.png 816w, https:\/\/tjsokolkoberice.cz\/wp-content\/uploads\/2016\/12\/logo-sokol_zs.png 820w\" sizes=\"auto, (max-width:767px) 300px, 300px\" \/><\/p>\n","protected":false},"excerpt":{"rendered":"<p>Od n\u00e1sleduj\u00edc\u00ed sez\u00f3ny povede A mu\u017estvo nov\u00fd tren\u00e9r! &nbsp; Du\u0161an Christoph po \u010dty\u0159ech letech kon\u010d\u00ed na lavi\u010dce kobe\u0159ick\u00fdch fotbalist\u016f, a to na vlastn\u00ed \u017e\u00e1dost. Jeho m\u00edsto<span class=\"excerpt-hellip\"> [\u2026]<\/span><\/p>\n","protected":false},"author":3,"featured_media":3291,"comment_status":"closed","ping_status":"open","sticky":false,"template":"","format":"standard","meta":{"ngg_post_thumbnail":0,"footnotes":""},"categories":[115,107],"tags":[],"class_list":["post-7785","post","type-post","status-publish","format-standard","has-post-thumbnail","hentry","category-a-tym","category-fotbal"],"_links":{"self":[{"href":"https:\/\/tjsokolkoberice.cz\/index.php?rest_route=\/wp\/v2\/posts\/7785","targetHints":{"allow":["GET"]}}],"collection":[{"href":"https:\/\/tjsokolkoberice.cz\/index.php?rest_route=\/wp\/v2\/posts"}],"about":[{"href":"https:\/\/tjsokolkoberice.cz\/index.php?rest_route=\/wp\/v2\/types\/post"}],"author":[{"embeddable":true,"href":"https:\/\/tjsokolkoberice.cz\/index.php?rest_route=\/wp\/v2\/users\/3"}],"replies":[{"embeddable":true,"href":"https:\/\/tjsokolkoberice.cz\/index.php?rest_route=%2Fwp%2Fv2%2Fcomments&post=7785"}],"version-history":[{"count":1,"href":"https:\/\/tjsokolkoberice.cz\/index.php?rest_route=\/wp\/v2\/posts\/7785\/revisions"}],"predecessor-version":[{"id":7786,"href":"https:\/\/tjsokolkoberice.cz\/index.php?rest_route=\/wp\/v2\/posts\/7785\/revisions\/7786"}],"wp:featuredmedia":[{"embeddable":true,"href":"https:\/\/tjsokolkoberice.cz\/index.php?rest_route=\/wp\/v2\/media\/3291"}],"wp:attachment":[{"href":"https:\/\/tjsokolkoberice.cz\/index.php?rest_route=%2Fwp%2Fv2%2Fmedia&parent=7785"}],"wp:term":[{"taxonomy":"category","embeddable":true,"href":"https:\/\/tjsokolkoberice.cz\/index.php?rest_route=%2Fwp%2Fv2%2Fcategories&post=7785"},{"taxonomy":"post_tag","embeddable":true,"href":"https:\/\/tjsokolkoberice.cz\/index.php?rest_route=%2Fwp%2Fv2%2Ftags&post=7785"}],"curies":[{"name":"wp","href":"https:\/\/api.w.org\/{rel}","templated":true}]}}