{"id":7790,"date":"2023-06-23T07:28:06","date_gmt":"2023-06-23T06:28:06","guid":{"rendered":"https:\/\/tjsokolkoberice.cz\/?p=7790"},"modified":"2025-10-14T11:48:31","modified_gmt":"2025-10-14T10:48:31","slug":"hodnoceni-sezony","status":"publish","type":"post","link":"https:\/\/tjsokolkoberice.cz\/?p=7790","title":{"rendered":"Hodnocen\u00ed sez\u00f3ny"},"content":{"rendered":"<p style=\"text-align: justify;\"><span style=\"font-family: helvetica, arial, sans-serif; font-size: 14pt;\"><strong>A mu\u017estvo se um\u00edstilo ve st\u0159edu tabulky, oba dorosty shodn\u011b na v\u00fdborn\u00e9m 2. m\u00edst\u011b!<\/strong><\/span><\/p>\n<p style=\"text-align: justify;\">&nbsp;<\/p>\n<p style=\"text-align: justify;\"><span style=\"font-family: helvetica, arial, sans-serif; font-size: 12pt;\">Posledn\u00edm z\u00e1pasem proti Old\u0159i\u0161ovu skon\u010dila na\u0161im fotbalist\u016fm sez\u00f3na 2022\/2023, ve kter\u00e9 se um\u00edstili na solidn\u00edm 8. m\u00edst\u011b. V&nbsp;kontextu cel\u00e9 sez\u00f3ny p\u0159edv\u00e1d\u011bli dobr\u00fd fotbal a p\u0159i bilanci 12 v\u00edt\u011bzstv\u00ed, 5 rem\u00edz a 13 por\u00e1\u017eek z\u00edskali slu\u0161n\u00fdch 41 bod\u016f. Oproti minul\u00e9 sez\u00f3n\u011b jsme si sice o t\u0159i p\u0159\u00ed\u010dky pohor\u0161ili, ale p\u0159i takov\u00e9 konkurenci je 8. p\u0159\u00ed\u010dka v\u00fdborn\u00fdm v\u00fdsledkem!<\/span><\/p>\n<p style=\"text-align: justify;\"><span style=\"font-family: helvetica, arial, sans-serif; font-size: 12pt;\">Po skon\u010den\u00e9 sez\u00f3n\u011b do\u0161lo ke zm\u011bn\u011b na tren\u00e9rsk\u00e9m postu. Du\u0161an Christoph po \u010dty\u0159ech letech kon\u010d\u00ed na lavi\u010dce kobe\u0159ick\u00fdch fotbalist\u016f, a to na vlastn\u00ed \u017e\u00e1dost. Jeho m\u00edsto zaujme b\u00fdval\u00fd v\u00fdborn\u00fd g\u00f3lman Petr Sou\u010dek. Ten se k&nbsp;tren\u00e9rsk\u00e9 pr\u00e1ci vrac\u00ed po ro\u010dn\u00ed&nbsp;pauze.<\/span><\/p>\n<p style=\"text-align: justify;\"><span style=\"font-family: helvetica, arial, sans-serif; font-size: 12pt;\">Spolu s&nbsp;Du\u0161anem Christophem kon\u010d\u00ed tak\u00e9 vedouc\u00ed Jan \u010cujek, kter\u00fd tuto funkci vykon\u00e1val rovn\u011b\u017e \u010dty\u0159i roky. Veden\u00ed TJ Sokol Kobe\u0159ice touto cestou ob\u011bma velmi d\u011bkuje za odvedenou pr\u00e1ci a za skv\u011bl\u00e9 z\u00e1\u017eitky, kter\u00e9 b\u011bhem sv\u00e9ho p\u016fsoben\u00ed u na\u0161eho A mu\u017estva nab\u00eddli na\u0161im fanou\u0161k\u016fm. Velmi si jejich pr\u00e1ce v\u00e1\u017e\u00edme a p\u0159ejeme jim v\u0161e dobr\u00e9 do dal\u0161\u00edch let! Nov\u00e9mu tren\u00e9rovi Petru Sou\u010dkovi p\u0159ejeme hodn\u011b \u0161t\u011bst\u00ed a poveden\u00e9 anga\u017em\u00e1 u na\u0161eho t\u00fdmu!<\/span><\/p>\n<p style=\"text-align: justify;\"><span style=\"font-family: helvetica, arial, sans-serif; font-size: 12pt;\">Na\u0161e dorosty n\u00e1m po cel\u00fd rok d\u011blaly velkou radost. Vy\u00fast\u011bn\u00edm v\u0161eho bylo kone\u010dn\u00e9 vynikaj\u00edc\u00ed 2. m\u00edsto pro ob\u011b kategorie s naprosto stejnou bilanc\u00ed 18 v\u00edt\u011bzstv\u00ed, 3 rem\u00edz a 3 por\u00e1\u017eek. Oba tak z\u00edskaly shodn\u011b 57 bod\u016f, co\u017e je skv\u011bl\u00fd v\u00fdsledek! P\u0159ed ob\u011bma mu\u017estvy skon\u010dil jen R\u00fdma\u0159ov, respektive Horn\u00ed Such\u00e1. Jedn\u00e1 se o kr\u00e1sn\u00fd v\u00fdsledek a \u00fasp\u011bch v konfrontaci se silnou konkurenc\u00ed.<\/span><\/p>\n<p style=\"text-align: justify;\"><span style=\"font-family: helvetica, arial, sans-serif; font-size: 12pt;\">B mu\u017estvo obsadilo v&nbsp;tabulce III. t\u0159\u00eddy sk. A kone\u010dn\u00e9 6. m\u00edsto se ziskem 32 bod\u016f. Dal\u0161\u00ed na\u0161e ml\u00e1de\u017enick\u00e9 t\u00fdmy hr\u00e1ly sice sv\u00e9 sout\u011b\u017ee, ale v&nbsp;jejich kategori\u00edch nejde ani tak o v\u00fdsledky, jako o radost ze hry. V&nbsp;uplynul\u00e9 sez\u00f3n\u011b n\u00e1s reprezentovali mlad\u0161\u00ed \u017e\u00e1ci, star\u0161\u00ed a mlad\u0161\u00ed p\u0159\u00edpravka a fotbalov\u00e1 mini\u0161koli\u010dka Sokol\u010data.<\/span><\/p>\n<p style=\"text-align: justify;\"><span style=\"font-family: helvetica, arial, sans-serif; font-size: 12pt;\">TJ Sokol Kobe\u0159ice by cht\u011bl touto cestou velmi pod\u011bkovat v\u0161em hr\u00e1\u010d\u016fm a tren\u00e9r\u016fm za p\u0159\u00edkladnou reprezentaci na\u0161eho klubu, pota\u017emo cel\u00fdch Kobe\u0159ic. D\u011bkujeme a v\u0161em p\u0159ejeme kr\u00e1sn\u00e9 l\u00e9to!<\/span><\/p>\n<p>&nbsp;<\/p>\n<p><img loading=\"lazy\" decoding=\"async\" class=\"aligncenter size-medium wp-image-3288\" src=\"https:\/\/tjsokolkoberice.cz\/wp-content\/uploads\/2016\/12\/logo-sokol_zs-300x99.png\" alt=\"\" width=\"300\" height=\"99\" srcset=\"https:\/\/tjsokolkoberice.cz\/wp-content\/uploads\/2016\/12\/logo-sokol_zs-300x99.png 300w, https:\/\/tjsokolkoberice.cz\/wp-content\/uploads\/2016\/12\/logo-sokol_zs-768x253.png 768w, https:\/\/tjsokolkoberice.cz\/wp-content\/uploads\/2016\/12\/logo-sokol_zs-816x270.png 816w, https:\/\/tjsokolkoberice.cz\/wp-content\/uploads\/2016\/12\/logo-sokol_zs.png 820w\" sizes=\"auto, (max-width:767px) 300px, 300px\" \/><\/p>\n","protected":false},"excerpt":{"rendered":"<p>A mu\u017estvo se um\u00edstilo ve st\u0159edu tabulky, oba dorosty shodn\u011b na v\u00fdborn\u00e9m 2. m\u00edst\u011b! &nbsp; Posledn\u00edm z\u00e1pasem proti Old\u0159i\u0161ovu skon\u010dila na\u0161im fotbalist\u016fm sez\u00f3na 2022\/2023, ve kter\u00e9<span class=\"excerpt-hellip\"> [\u2026]<\/span><\/p>\n","protected":false},"author":3,"featured_media":3291,"comment_status":"closed","ping_status":"open","sticky":false,"template":"","format":"standard","meta":{"ngg_post_thumbnail":0,"footnotes":""},"categories":[115,112,110,117,204],"tags":[],"class_list":["post-7790","post","type-post","status-publish","format-standard","has-post-thumbnail","hentry","category-a-tym","category-b-tym","category-dorost","category-mladsi-zaci","category-sokolcata"],"_links":{"self":[{"href":"https:\/\/tjsokolkoberice.cz\/index.php?rest_route=\/wp\/v2\/posts\/7790","targetHints":{"allow":["GET"]}}],"collection":[{"href":"https:\/\/tjsokolkoberice.cz\/index.php?rest_route=\/wp\/v2\/posts"}],"about":[{"href":"https:\/\/tjsokolkoberice.cz\/index.php?rest_route=\/wp\/v2\/types\/post"}],"author":[{"embeddable":true,"href":"https:\/\/tjsokolkoberice.cz\/index.php?rest_route=\/wp\/v2\/users\/3"}],"replies":[{"embeddable":true,"href":"https:\/\/tjsokolkoberice.cz\/index.php?rest_route=%2Fwp%2Fv2%2Fcomments&post=7790"}],"version-history":[{"count":2,"href":"https:\/\/tjsokolkoberice.cz\/index.php?rest_route=\/wp\/v2\/posts\/7790\/revisions"}],"predecessor-version":[{"id":7796,"href":"https:\/\/tjsokolkoberice.cz\/index.php?rest_route=\/wp\/v2\/posts\/7790\/revisions\/7796"}],"wp:featuredmedia":[{"embeddable":true,"href":"https:\/\/tjsokolkoberice.cz\/index.php?rest_route=\/wp\/v2\/media\/3291"}],"wp:attachment":[{"href":"https:\/\/tjsokolkoberice.cz\/index.php?rest_route=%2Fwp%2Fv2%2Fmedia&parent=7790"}],"wp:term":[{"taxonomy":"category","embeddable":true,"href":"https:\/\/tjsokolkoberice.cz\/index.php?rest_route=%2Fwp%2Fv2%2Fcategories&post=7790"},{"taxonomy":"post_tag","embeddable":true,"href":"https:\/\/tjsokolkoberice.cz\/index.php?rest_route=%2Fwp%2Fv2%2Ftags&post=7790"}],"curies":[{"name":"wp","href":"https:\/\/api.w.org\/{rel}","templated":true}]}}