{"id":7792,"date":"2023-06-23T07:33:43","date_gmt":"2023-06-23T06:33:43","guid":{"rendered":"https:\/\/tjsokolkoberice.cz\/?p=7792"},"modified":"2025-10-14T11:48:31","modified_gmt":"2025-10-14T10:48:31","slug":"jan-buchta-ukoncil-fotbalovou-karieru","status":"publish","type":"post","link":"https:\/\/tjsokolkoberice.cz\/?p=7792","title":{"rendered":"Jan Buchta ukon\u010dil\u00a0fotbalovou kari\u00e9ru!"},"content":{"rendered":"<p style=\"text-align: justify;\"><span style=\"font-size: 14pt; font-family: helvetica, arial, sans-serif;\"><strong>Jan Buchta ukon\u010dil&nbsp;fotbalovou kari\u00e9ru!<\/strong><\/span><\/p>\n<p style=\"text-align: justify;\">&nbsp;<\/p>\n<p style=\"text-align: justify;\"><span style=\"font-size: 14pt; font-family: helvetica, arial, sans-serif;\">Utk\u00e1n\u00ed proti Old\u0159i\u0161ovu bylo posledn\u00edm vystoupen\u00edm Jana Buchty v barv\u00e1ch Kobe\u0159ic. Honza je odchovancem Hn\u011bvo\u0161ic, kter\u00fd pro\u0161el i opavskou ml\u00e1de\u017e\u00ed. V dosp\u011bl\u00e9 kategorii hr\u00e1l 3 roky divizi za Lipn\u00edk nad Be\u010dvou v r\u00e1mci vojensk\u00e9 slu\u017eby, od roku 2005 a\u017e doposud obl\u00e9kal kobe\u0159ick\u00fd dres. Jeho prvn\u00edm utk\u00e1n\u00edm v Kobe\u0159ic\u00edch byl pam\u00e1tn\u00fd z\u00e1pas na p\u016fd\u011b SFC Opava v krajsk\u00e9m p\u0159eboru p\u0159ed v\u00edce ne\u017e 3 tis\u00edci div\u00e1ky, ve kter\u00e9m Kobe\u0159ice prohr\u00e1ly 3:1 a Honza vid\u011bl \u010dervenou kartu. Posledn\u00ed utk\u00e1n\u00ed sv\u00e9 aktivn\u00ed fotbalov\u00e9 kari\u00e9ry odehr\u00e1l v ned\u011bli p\u0159i rem\u00edze 1:1 s Old\u0159i\u0161ovem a kari\u00e9ru zakon\u010dil jak nejl\u00e9pe mohl \u2013 spolehliv\u00fdm v\u00fdkonem a navrch vst\u0159elenou brankou!<\/span><\/p>\n<p style=\"text-align: justify;\"><span style=\"font-size: 14pt; font-family: helvetica, arial, sans-serif;\">B\u011bhem dlouh\u00fdch 18 let za\u017eil s Kobe\u0159icemi 2 postupy do KP, byl st\u00e1l\u00fdm \u010dlenem obrany a pat\u0159il k poctiv\u00fdm a d\u016frazn\u00fdm obr\u00e1nc\u016fm se skv\u011blou hrou t\u011blem a hlavou.<\/span><\/p>\n<p style=\"text-align: justify;\"><span style=\"font-size: 14pt; font-family: helvetica, arial, sans-serif;\">TJ Sokol Kobe\u0159ice Honzovi velmi d\u011bkuje za dlouhodob\u00e9 poctiv\u00e9 slu\u017eby! Nav\u00edc ve st\u0159edu 21.6. oslavil kulat\u00fdch 40 let, k \u010demu\u017e mu p\u0159ejeme pevn\u00e9 zdrav\u00ed a spokojenost do dal\u0161\u00edch let!&nbsp;<\/span><\/p>\n<p style=\"text-align: justify;\"><span style=\"font-size: 14pt; font-family: helvetica, arial, sans-serif;\">Honzo d\u011bkujeme!!!<\/span><\/p>\n<p>&nbsp;<\/p>\n<p><img loading=\"lazy\" decoding=\"async\" class=\"aligncenter wp-image-7793 size-medium\" src=\"https:\/\/tjsokolkoberice.cz\/wp-content\/uploads\/2023\/06\/JanBuchta-foto1-225x300.jpg\" alt=\"\" width=\"225\" height=\"300\" srcset=\"https:\/\/tjsokolkoberice.cz\/wp-content\/uploads\/2023\/06\/JanBuchta-foto1-225x300.jpg 225w, https:\/\/tjsokolkoberice.cz\/wp-content\/uploads\/2023\/06\/JanBuchta-foto1.jpg 768w\" sizes=\"auto, (max-width:767px) 225px, 225px\" \/><\/p>\n<p>&nbsp;<\/p>\n<p><img loading=\"lazy\" decoding=\"async\" class=\"aligncenter size-medium wp-image-7794\" src=\"https:\/\/tjsokolkoberice.cz\/wp-content\/uploads\/2023\/06\/JanBuchta-foto2-300x212.jpg\" alt=\"\" width=\"300\" height=\"212\" srcset=\"https:\/\/tjsokolkoberice.cz\/wp-content\/uploads\/2023\/06\/JanBuchta-foto2-300x212.jpg 300w, https:\/\/tjsokolkoberice.cz\/wp-content\/uploads\/2023\/06\/JanBuchta-foto2-768x543.jpg 768w, https:\/\/tjsokolkoberice.cz\/wp-content\/uploads\/2023\/06\/JanBuchta-foto2.jpg 1024w\" sizes=\"auto, (max-width:767px) 300px, 300px\" \/><\/p>\n","protected":false},"excerpt":{"rendered":"<p>Jan Buchta ukon\u010dil&nbsp;fotbalovou kari\u00e9ru! &nbsp; Utk\u00e1n\u00ed proti Old\u0159i\u0161ovu bylo posledn\u00edm vystoupen\u00edm Jana Buchty v barv\u00e1ch Kobe\u0159ic. Honza je odchovancem Hn\u011bvo\u0161ic, kter\u00fd pro\u0161el i opavskou ml\u00e1de\u017e\u00ed. V<span class=\"excerpt-hellip\"> [\u2026]<\/span><\/p>\n","protected":false},"author":3,"featured_media":7794,"comment_status":"closed","ping_status":"open","sticky":false,"template":"","format":"standard","meta":{"ngg_post_thumbnail":0,"footnotes":""},"categories":[115,107],"tags":[],"class_list":["post-7792","post","type-post","status-publish","format-standard","has-post-thumbnail","hentry","category-a-tym","category-fotbal"],"_links":{"self":[{"href":"https:\/\/tjsokolkoberice.cz\/index.php?rest_route=\/wp\/v2\/posts\/7792","targetHints":{"allow":["GET"]}}],"collection":[{"href":"https:\/\/tjsokolkoberice.cz\/index.php?rest_route=\/wp\/v2\/posts"}],"about":[{"href":"https:\/\/tjsokolkoberice.cz\/index.php?rest_route=\/wp\/v2\/types\/post"}],"author":[{"embeddable":true,"href":"https:\/\/tjsokolkoberice.cz\/index.php?rest_route=\/wp\/v2\/users\/3"}],"replies":[{"embeddable":true,"href":"https:\/\/tjsokolkoberice.cz\/index.php?rest_route=%2Fwp%2Fv2%2Fcomments&post=7792"}],"version-history":[{"count":1,"href":"https:\/\/tjsokolkoberice.cz\/index.php?rest_route=\/wp\/v2\/posts\/7792\/revisions"}],"predecessor-version":[{"id":7795,"href":"https:\/\/tjsokolkoberice.cz\/index.php?rest_route=\/wp\/v2\/posts\/7792\/revisions\/7795"}],"wp:featuredmedia":[{"embeddable":true,"href":"https:\/\/tjsokolkoberice.cz\/index.php?rest_route=\/wp\/v2\/media\/7794"}],"wp:attachment":[{"href":"https:\/\/tjsokolkoberice.cz\/index.php?rest_route=%2Fwp%2Fv2%2Fmedia&parent=7792"}],"wp:term":[{"taxonomy":"category","embeddable":true,"href":"https:\/\/tjsokolkoberice.cz\/index.php?rest_route=%2Fwp%2Fv2%2Fcategories&post=7792"},{"taxonomy":"post_tag","embeddable":true,"href":"https:\/\/tjsokolkoberice.cz\/index.php?rest_route=%2Fwp%2Fv2%2Ftags&post=7792"}],"curies":[{"name":"wp","href":"https:\/\/api.w.org\/{rel}","templated":true}]}}