{"id":7826,"date":"2023-07-12T14:33:38","date_gmt":"2023-07-12T13:33:38","guid":{"rendered":"https:\/\/tjsokolkoberice.cz\/?p=7826"},"modified":"2025-10-14T11:48:31","modified_gmt":"2025-10-14T10:48:31","slug":"koberice-zahajily-pripravu-na-novy-rocnik","status":"publish","type":"post","link":"https:\/\/tjsokolkoberice.cz\/?p=7826","title":{"rendered":"Kobe\u0159ice zah\u00e1jily p\u0159\u00edpravu na nov\u00fd ro\u010dn\u00edk"},"content":{"rendered":"<p><strong><span style=\"font-family: helvetica, arial, sans-serif; font-size: 14pt;\">Kobe\u0159ice zah\u00e1jily p\u0159\u00edpravu na nov\u00fd ro\u010dn\u00edk<\/span><\/strong><\/p>\n<p>&nbsp;<\/p>\n<p style=\"text-align: justify;\"><span style=\"font-family: helvetica, arial, sans-serif; font-size: 12pt;\">V&nbsp;\u00fater\u00fd 11. \u010dervence zah\u00e1jily Kobe\u0159ice pod veden\u00edm nov\u00e9ho tren\u00e9ra Petra Sou\u010dka p\u0159\u00edpravu na nov\u00fd sout\u011b\u017en\u00ed ro\u010dn\u00edk krajsk\u00e9ho p\u0159eboru. B\u011bhem p\u0159\u00edpravn\u00e9ho obdob\u00ed sehraj\u00ed \u010dty\u0159i p\u0159\u00edpravn\u00e1 utk\u00e1n\u00ed. Prvn\u00ed mistrovsk\u00fd z\u00e1pas sehraj\u00ed v&nbsp;sobotu 5. srpna v&nbsp;Orlov\u00e9.<\/span><\/p>\n<p style=\"text-align: justify;\"><span style=\"font-family: helvetica, arial, sans-serif; font-size: 12pt;\">Na zahajovac\u00edm tr\u00e9ninku se hl\u00e1silo celkem 26 hr\u00e1\u010d\u016f. Svoji p\u0159\u00edle\u017eitost uk\u00e1zat se dostanou rovn\u011b\u017e na\u0161i mlad\u00ed dorostenci, kte\u0159\u00ed tak budou m\u00edt ide\u00e1ln\u00ed p\u0159\u00edle\u017eitost konfrontovat se s&nbsp;mu\u017esk\u00fdm fotbalem.<\/span><\/p>\n<p style=\"text-align: justify;\"><span style=\"font-family: helvetica, arial, sans-serif; font-size: 12pt;\">P\u0159ejeme mu\u017estvu hodn\u011b sil do n\u00e1ro\u010dn\u00e9 p\u0159\u00edpravy a hodn\u011b \u0161t\u011bst\u00ed v&nbsp;nov\u00e9 mistrovsk\u00e9 sez\u00f3n\u011b!<\/span><\/p>\n<p>&nbsp;<\/p>\n<p style=\"text-align: justify;\"><span style=\"font-family: helvetica, arial, sans-serif; font-size: 12pt;\"><strong>\u00davodn\u00edho tr\u00e9ninku se z\u00fa\u010dastnili:<\/strong><\/span><span style=\"font-family: helvetica, arial, sans-serif; font-size: 12pt;\"><strong>&nbsp;<\/strong><\/span><\/p>\n<p style=\"text-align: justify;\"><span style=\"font-family: helvetica, arial, sans-serif; font-size: 12pt;\"><strong>Brank\u00e1\u0159i: <\/strong>Petr \u0160tencel, Oliver Hartmann<\/span><\/p>\n<p style=\"text-align: justify;\"><span style=\"font-family: helvetica, arial, sans-serif; font-size: 12pt;\"><strong>Hr\u00e1\u010di:<\/strong> Dominik Stare\u010dek, Ond\u0159ej Stuchl\u00edk, Martin St\u0159\u00edbn\u00fd, Adam Hartmann, Anton\u00edn Kubn\u00fd, Adam \u0160ime\u010dek, Andreas Kolar\u010d\u00edk, Ren\u00e9 Wirth, Robin Wirth, Ond\u0159ej Ve\u010derek, Petr Ka\u0161n\u00fd, Zden\u011bk Kry\u0161tof, Martin Schlischka, \u0160t\u011bp\u00e1n St\u0159\u00edbn\u00fd, Petr Stuchl\u00edk, Dominik Kraut, Theodor Biel\u00e1k, Daniel Voln\u00fd, Tobias Breksa, Michal Birtek, Max Slanina, Vojt\u011bch St\u0159\u00edbn\u00fd, \u0160imon Tom\u00ed\u010dek, Vojt\u011bch Hant\u00e1k<\/span><\/p>\n<p style=\"text-align: justify;\"><span style=\"font-family: helvetica, arial, sans-serif; font-size: 12pt;\"><strong>Tren\u00e9r<\/strong>: Petr Sou\u010dek, <strong>vedouc\u00ed mu\u017estva<\/strong>: Petr Schlischka<\/span><\/p>\n<p style=\"text-align: justify;\">&nbsp;<\/p>\n<p style=\"text-align: justify;\"><span style=\"font-family: helvetica, arial, sans-serif; font-size: 12pt;\"><strong><u>P\u0159\u00edpravn\u00e1 utk\u00e1n\u00ed A mu\u017estva<\/u><\/strong><\/span><\/p>\n<p style=\"text-align: justify;\"><span style=\"font-family: helvetica, arial, sans-serif; font-size: 12pt;\"><strong>Sobota 15.7.2023 &nbsp;&nbsp;&nbsp;&nbsp; 18:00 &nbsp;&nbsp;&nbsp; A mu\u017ei \u2013 Krnov<\/strong><\/span><\/p>\n<p style=\"text-align: justify;\"><span style=\"font-family: helvetica, arial, sans-serif; font-size: 12pt;\"><strong>Ned\u011ble 23.7. 2023&nbsp;&nbsp;&nbsp;&nbsp;&nbsp; 15:00 &nbsp;&nbsp;&nbsp; Strahovice &#8211; A mu\u017ei<\/strong><\/span><\/p>\n<p style=\"text-align: justify;\"><span style=\"font-family: helvetica, arial, sans-serif; font-size: 12pt;\"><strong>St\u0159eda 26.7.2023 &nbsp;&nbsp;&nbsp;&nbsp;&nbsp;&nbsp; 18:00&nbsp;&nbsp;&nbsp;&nbsp; A mu\u017ei \u2013 Poruba U19<\/strong><\/span><\/p>\n<p style=\"text-align: justify;\"><span style=\"font-family: helvetica, arial, sans-serif; font-size: 12pt;\"><strong>Ned\u011ble 30.7.2023&nbsp;&nbsp;&nbsp;&nbsp;&nbsp;&nbsp; 16:30&nbsp;&nbsp;&nbsp;&nbsp; A mu\u017ei &#8211; Krava\u0159e<\/strong><\/span><\/p>\n<p>&nbsp;<\/p>\n<p><img loading=\"lazy\" decoding=\"async\" class=\"aligncenter size-medium wp-image-3288\" src=\"https:\/\/tjsokolkoberice.cz\/wp-content\/uploads\/2016\/12\/logo-sokol_zs-300x99.png\" alt=\"\" width=\"300\" height=\"99\" srcset=\"https:\/\/tjsokolkoberice.cz\/wp-content\/uploads\/2016\/12\/logo-sokol_zs-300x99.png 300w, https:\/\/tjsokolkoberice.cz\/wp-content\/uploads\/2016\/12\/logo-sokol_zs-768x253.png 768w, https:\/\/tjsokolkoberice.cz\/wp-content\/uploads\/2016\/12\/logo-sokol_zs-816x270.png 816w, https:\/\/tjsokolkoberice.cz\/wp-content\/uploads\/2016\/12\/logo-sokol_zs.png 820w\" sizes=\"auto, (max-width:767px) 300px, 300px\" \/><\/p>\n","protected":false},"excerpt":{"rendered":"<p>Kobe\u0159ice zah\u00e1jily p\u0159\u00edpravu na nov\u00fd ro\u010dn\u00edk &nbsp; V&nbsp;\u00fater\u00fd 11. \u010dervence zah\u00e1jily Kobe\u0159ice pod veden\u00edm nov\u00e9ho tren\u00e9ra Petra Sou\u010dka p\u0159\u00edpravu na nov\u00fd sout\u011b\u017en\u00ed ro\u010dn\u00edk krajsk\u00e9ho p\u0159eboru. B\u011bhem<span class=\"excerpt-hellip\"> [\u2026]<\/span><\/p>\n","protected":false},"author":3,"featured_media":7827,"comment_status":"closed","ping_status":"open","sticky":false,"template":"","format":"standard","meta":{"ngg_post_thumbnail":0,"footnotes":""},"categories":[115,107],"tags":[],"class_list":["post-7826","post","type-post","status-publish","format-standard","has-post-thumbnail","hentry","category-a-tym","category-fotbal"],"_links":{"self":[{"href":"https:\/\/tjsokolkoberice.cz\/index.php?rest_route=\/wp\/v2\/posts\/7826","targetHints":{"allow":["GET"]}}],"collection":[{"href":"https:\/\/tjsokolkoberice.cz\/index.php?rest_route=\/wp\/v2\/posts"}],"about":[{"href":"https:\/\/tjsokolkoberice.cz\/index.php?rest_route=\/wp\/v2\/types\/post"}],"author":[{"embeddable":true,"href":"https:\/\/tjsokolkoberice.cz\/index.php?rest_route=\/wp\/v2\/users\/3"}],"replies":[{"embeddable":true,"href":"https:\/\/tjsokolkoberice.cz\/index.php?rest_route=%2Fwp%2Fv2%2Fcomments&post=7826"}],"version-history":[{"count":1,"href":"https:\/\/tjsokolkoberice.cz\/index.php?rest_route=\/wp\/v2\/posts\/7826\/revisions"}],"predecessor-version":[{"id":7828,"href":"https:\/\/tjsokolkoberice.cz\/index.php?rest_route=\/wp\/v2\/posts\/7826\/revisions\/7828"}],"wp:featuredmedia":[{"embeddable":true,"href":"https:\/\/tjsokolkoberice.cz\/index.php?rest_route=\/wp\/v2\/media\/7827"}],"wp:attachment":[{"href":"https:\/\/tjsokolkoberice.cz\/index.php?rest_route=%2Fwp%2Fv2%2Fmedia&parent=7826"}],"wp:term":[{"taxonomy":"category","embeddable":true,"href":"https:\/\/tjsokolkoberice.cz\/index.php?rest_route=%2Fwp%2Fv2%2Fcategories&post=7826"},{"taxonomy":"post_tag","embeddable":true,"href":"https:\/\/tjsokolkoberice.cz\/index.php?rest_route=%2Fwp%2Fv2%2Ftags&post=7826"}],"curies":[{"name":"wp","href":"https:\/\/api.w.org\/{rel}","templated":true}]}}