{"id":7831,"date":"2023-07-19T06:47:15","date_gmt":"2023-07-19T05:47:15","guid":{"rendered":"https:\/\/tjsokolkoberice.cz\/?p=7831"},"modified":"2025-10-14T11:48:31","modified_gmt":"2025-10-14T10:48:31","slug":"koberice-na-uvod-pripravy-nestacily-na-divizni-krnov","status":"publish","type":"post","link":"https:\/\/tjsokolkoberice.cz\/?p=7831","title":{"rendered":"Kobe\u0159ice na \u00favod p\u0159\u00edpravy nesta\u010dily na divizn\u00ed Krnov"},"content":{"rendered":"<p style=\"text-align: justify;\"><span style=\"font-size: 12pt; font-family: helvetica, arial, sans-serif;\"><strong>Kobe\u0159ice na \u00favod p\u0159\u00edpravy nesta\u010dily na divizn\u00ed Krnov<\/strong><\/span><\/p>\n<p style=\"text-align: justify;\"><span style=\"font-size: 12pt; font-family: helvetica, arial, sans-serif;\"><strong>&nbsp;<\/strong><\/span><\/p>\n<p style=\"text-align: justify;\"><span style=\"font-size: 12pt; font-family: helvetica, arial, sans-serif;\">V&nbsp;prvn\u00edm p\u0159\u00edpravn\u00e9m utk\u00e1n\u00ed byl soupe\u0159em na\u0161ich fotbalist\u016f divizn\u00ed Krnov. V&nbsp;\u00famorn\u00e9m vedru se hr\u00e1l v&nbsp;prvn\u00edm polo\u010dase pom\u011brn\u011b vyrovnan\u00fd fotbal, dokud na\u0161im sta\u010dily s\u00edly. V&nbsp;polo\u010dase host\u00e9 vyst\u0159\u00eddali sedm hr\u00e1\u010d\u016f, kde\u017eto na\u0161i m\u011bli na lavici pouze t\u0159i n\u00e1hradn\u00edky. Tato skute\u010dnost se projevila ve druh\u00e9 p\u016fli, kdy m\u011bli host\u00e9 navrch a ke konci utk\u00e1n\u00ed u\u0161t\u011bd\u0159ili dom\u00e1c\u00edm t\u0159i branky.<\/span><\/p>\n<p style=\"text-align: justify;\">&nbsp;<\/p>\n<p style=\"text-align: justify;\"><span style=\"font-size: 12pt; font-family: helvetica, arial, sans-serif;\"><strong>TJ Sokol Kobe\u0159ice \u2013 FK Krnov&nbsp; 1:6&nbsp; (1:2)<\/strong><\/span><\/p>\n<p style=\"text-align: justify;\">&nbsp;<\/p>\n<p style=\"text-align: justify;\"><span style=\"font-size: 12pt; font-family: helvetica, arial, sans-serif;\"><strong>Branka<\/strong>: Kubn\u00fd<\/span><\/p>\n<p style=\"text-align: justify;\"><span style=\"font-size: 12pt; font-family: helvetica, arial, sans-serif;\"><strong>Sestava<\/strong>: Hartmann, Stare\u010dek, Ve\u010derek (60. Stuchl\u00edk P.), Stuchl\u00edk P. (50. Kolar\u010d\u00edk), Schlischka M., Ka\u0161n\u00fd (80. Wirth Ren\u00e9), St\u0159\u00edbn\u00fd \u0160., Tom\u00ed\u010dek, Wirth Ren\u00e9 (70. Biel\u00e1k), Kubn\u00fd, Stuchl\u00edk O. (46. Wirth Robin)<\/span><\/p>\n<p style=\"text-align: justify;\">&nbsp;<\/p>\n<p style=\"text-align: justify;\"><span style=\"font-size: 12pt; font-family: helvetica, arial, sans-serif;\">V&nbsp;dal\u0161\u00edm utk\u00e1n\u00ed nastoup\u00ed na\u0161i hr\u00e1\u010di v&nbsp;ned\u011bli 23. \u010dervence od 15 hod. ve Strahovic\u00edch.<\/span><\/p>\n","protected":false},"excerpt":{"rendered":"<p>Kobe\u0159ice na \u00favod p\u0159\u00edpravy nesta\u010dily na divizn\u00ed Krnov &nbsp; V&nbsp;prvn\u00edm p\u0159\u00edpravn\u00e9m utk\u00e1n\u00ed byl soupe\u0159em na\u0161ich fotbalist\u016f divizn\u00ed Krnov. V&nbsp;\u00famorn\u00e9m vedru se hr\u00e1l v&nbsp;prvn\u00edm polo\u010dase pom\u011brn\u011b vyrovnan\u00fd<span class=\"excerpt-hellip\"> [\u2026]<\/span><\/p>\n","protected":false},"author":3,"featured_media":3370,"comment_status":"closed","ping_status":"open","sticky":false,"template":"","format":"standard","meta":{"ngg_post_thumbnail":0,"footnotes":""},"categories":[115,107],"tags":[],"class_list":["post-7831","post","type-post","status-publish","format-standard","has-post-thumbnail","hentry","category-a-tym","category-fotbal"],"_links":{"self":[{"href":"https:\/\/tjsokolkoberice.cz\/index.php?rest_route=\/wp\/v2\/posts\/7831","targetHints":{"allow":["GET"]}}],"collection":[{"href":"https:\/\/tjsokolkoberice.cz\/index.php?rest_route=\/wp\/v2\/posts"}],"about":[{"href":"https:\/\/tjsokolkoberice.cz\/index.php?rest_route=\/wp\/v2\/types\/post"}],"author":[{"embeddable":true,"href":"https:\/\/tjsokolkoberice.cz\/index.php?rest_route=\/wp\/v2\/users\/3"}],"replies":[{"embeddable":true,"href":"https:\/\/tjsokolkoberice.cz\/index.php?rest_route=%2Fwp%2Fv2%2Fcomments&post=7831"}],"version-history":[{"count":1,"href":"https:\/\/tjsokolkoberice.cz\/index.php?rest_route=\/wp\/v2\/posts\/7831\/revisions"}],"predecessor-version":[{"id":7832,"href":"https:\/\/tjsokolkoberice.cz\/index.php?rest_route=\/wp\/v2\/posts\/7831\/revisions\/7832"}],"wp:featuredmedia":[{"embeddable":true,"href":"https:\/\/tjsokolkoberice.cz\/index.php?rest_route=\/wp\/v2\/media\/3370"}],"wp:attachment":[{"href":"https:\/\/tjsokolkoberice.cz\/index.php?rest_route=%2Fwp%2Fv2%2Fmedia&parent=7831"}],"wp:term":[{"taxonomy":"category","embeddable":true,"href":"https:\/\/tjsokolkoberice.cz\/index.php?rest_route=%2Fwp%2Fv2%2Fcategories&post=7831"},{"taxonomy":"post_tag","embeddable":true,"href":"https:\/\/tjsokolkoberice.cz\/index.php?rest_route=%2Fwp%2Fv2%2Ftags&post=7831"}],"curies":[{"name":"wp","href":"https:\/\/api.w.org\/{rel}","templated":true}]}}