{"id":7850,"date":"2023-08-02T11:54:41","date_gmt":"2023-08-02T10:54:41","guid":{"rendered":"https:\/\/tjsokolkoberice.cz\/?p=7850"},"modified":"2025-10-14T11:48:19","modified_gmt":"2025-10-14T10:48:19","slug":"7850","status":"publish","type":"post","link":"https:\/\/tjsokolkoberice.cz\/?p=7850","title":{"rendered":"V\u00fdsledky p\u0159\u00edpravn\u00fdch utk\u00e1n\u00ed na\u0161ich mu\u017estev"},"content":{"rendered":"<p><span style=\"font-family: helvetica, arial, sans-serif; font-size: 12pt;\">St\u0159eda 26.7.2023<\/span><\/p>\n<p><span style=\"font-family: helvetica, arial, sans-serif; font-size: 12pt;\"><strong>&nbsp;<\/strong><\/span><\/p>\n<p><span style=\"font-family: helvetica, arial, sans-serif; font-size: 12pt;\"><strong>A mu\u017ei \u2013 Poruba U19&nbsp; 5:1&nbsp; (1:1)<\/strong><\/span><\/p>\n<p>&nbsp;<\/p>\n<p><span style=\"font-family: helvetica, arial, sans-serif; font-size: 12pt;\"><strong>Branky Kobe\u0159ic: <\/strong>Kry\u0161tof 3x, Stuchl\u00edk O., vlastn\u00ed<\/span><\/p>\n<p><span style=\"font-family: helvetica, arial, sans-serif; font-size: 12pt;\"><strong>Sestava<\/strong>: Hartmann, Stare\u010dek, Ve\u010derek, Stuchl\u00edk P. (46. Hant\u00e1k), Kolar\u010d\u00edk (60. Biel\u00e1k), Schlischka) (46. Birtek, Ka\u0161n\u00fd, St\u0159\u00edbn\u00fd \u0160., Kry\u0161tof, Kubn\u00fd (46. St\u0159\u00edbn\u00fd M.), \u0160ime\u010dek (Stuchl\u00edk O.)<\/span><\/p>\n<p>&nbsp;<\/p>\n<p>&nbsp;<\/p>\n<p><span style=\"font-family: helvetica, arial, sans-serif; font-size: 12pt;\">Ned\u011ble 30.7.2023<\/span><\/p>\n<p><span style=\"font-family: helvetica, arial, sans-serif; font-size: 12pt;\"><strong>&nbsp;<\/strong><\/span><\/p>\n<p><span style=\"font-family: helvetica, arial, sans-serif; font-size: 12pt;\"><strong>A mu\u017ei \u2013 MFK Krava\u0159e&nbsp; 0:0<\/strong><\/span><\/p>\n<p>&nbsp;<\/p>\n<p><span style=\"font-family: helvetica, arial, sans-serif; font-size: 12pt;\"><strong>Sestava<\/strong>: \u0160tencel, Stare\u010dek, Wirth Robin, Ve\u010derek, Kolar\u010d\u00edk (55. St\u0159\u00edbn\u00fd M.), Schlischka M. (46. Slanina), Breksa (46. Wirth Ren\u00e9), St\u0159\u00edbn\u00fd \u0160., Kry\u0161tof, Kubn\u00fd (60. Stuchl\u00edk P.), \u0160ime\u010dek (46. Stuchl\u00edk O.)<\/span><\/p>\n<p>&nbsp;<\/p>\n<p>&nbsp;<\/p>\n<p><span style=\"font-family: helvetica, arial, sans-serif; font-size: 12pt;\">P\u00e1tek 28.7.2023<\/span><\/p>\n<p>&nbsp;<\/p>\n<p><span style=\"font-family: helvetica, arial, sans-serif; font-size: 12pt;\"><strong>Star\u0161\u00ed dorost \u2013 Bohuslavice&nbsp; &nbsp;15:0 &nbsp;(6:0)<\/strong><\/span><\/p>\n<p>&nbsp;<\/p>\n<p><span style=\"font-family: helvetica, arial, sans-serif; font-size: 12pt;\"><strong>Branky Kobe\u0159ic: <\/strong>Stuchl\u00edk O. 3x, Breksa 2x, Tom\u00ed\u010dek, Birtek, V\u00e1clav\u00edk 3x, Slanina, Li\u0161ka, St\u0159\u00edbn\u00fd V&nbsp;2x, Hant\u00e1k<\/span><\/p>\n<p><span style=\"font-family: helvetica, arial, sans-serif; font-size: 12pt;\"><strong>Sestava<\/strong>: Hartmann, Voln\u00fd, Hant\u00e1k, St\u0159\u00edbn\u00fd V., Li\u0161ka, Slanina, Breksa, Birtek, Tom\u00ed\u010dek \u0160., Stuchl\u00edk O., V\u00e1clav\u00edk<\/span><\/p>\n<p><span style=\"font-family: helvetica, arial, sans-serif; font-size: 12pt;\"><strong>St\u0159\u00eddaj\u00edc\u00ed<\/strong>: Breksa, Mrva, Tom\u00ed\u010dek A.<\/span><\/p>\n<p>&nbsp;<\/p>\n<p><span style=\"font-family: helvetica, arial, sans-serif; font-size: 12pt;\"><strong>&nbsp;<\/strong><\/span><\/p>\n<p><span style=\"font-family: helvetica, arial, sans-serif; font-size: 12pt;\"><strong>Mlad\u0161\u00ed dorost \u2013 Strahovice&nbsp; 5:2 &nbsp;(1:2)<\/strong><\/span><\/p>\n<p>&nbsp;<\/p>\n<p><span style=\"font-family: helvetica, arial, sans-serif; font-size: 12pt;\"><strong>Branky Kobe\u0159ic: <\/strong>Slanina, Kamr\u00e1d T., Jadrn\u00fd D.<\/span><\/p>\n<p><span style=\"font-family: helvetica, arial, sans-serif; font-size: 12pt;\"><strong>Sestava<\/strong>: Hartmann, Kamr\u00e1d F., Mac, Muler, Hanzl\u00edk, St\u0159\u00edbn\u00fd V., Poni\u0161t, Pa\u0161ek, Jadrn\u00fd, Tom\u00ed\u010dek A., Grigar\u010d\u00edk, Mrva, Besta<\/span><\/p>\n<p><span style=\"font-family: helvetica, arial, sans-serif; font-size: 12pt;\"><strong>St\u0159\u00eddaj\u00edc\u00ed<\/strong>: Czepl\u00fd, St\u0159\u00edbn\u00fd V., Bolack\u00fd, Mrovec, Kamr\u00e1d F., Kamr\u00e1d T.<\/span><\/p>\n","protected":false},"excerpt":{"rendered":"<p>St\u0159eda 26.7.2023 &nbsp; A mu\u017ei \u2013 Poruba U19&nbsp; 5:1&nbsp; (1:1) &nbsp; Branky Kobe\u0159ic: Kry\u0161tof 3x, Stuchl\u00edk O., vlastn\u00ed Sestava: Hartmann, Stare\u010dek, Ve\u010derek, Stuchl\u00edk P. (46. Hant\u00e1k),<span class=\"excerpt-hellip\"> [\u2026]<\/span><\/p>\n","protected":false},"author":3,"featured_media":3370,"comment_status":"closed","ping_status":"open","sticky":false,"template":"","format":"standard","meta":{"ngg_post_thumbnail":0,"footnotes":""},"categories":[115,110,107,104],"tags":[],"class_list":["post-7850","post","type-post","status-publish","format-standard","has-post-thumbnail","hentry","category-a-tym","category-dorost","category-fotbal","category-vysledky"],"_links":{"self":[{"href":"https:\/\/tjsokolkoberice.cz\/index.php?rest_route=\/wp\/v2\/posts\/7850","targetHints":{"allow":["GET"]}}],"collection":[{"href":"https:\/\/tjsokolkoberice.cz\/index.php?rest_route=\/wp\/v2\/posts"}],"about":[{"href":"https:\/\/tjsokolkoberice.cz\/index.php?rest_route=\/wp\/v2\/types\/post"}],"author":[{"embeddable":true,"href":"https:\/\/tjsokolkoberice.cz\/index.php?rest_route=\/wp\/v2\/users\/3"}],"replies":[{"embeddable":true,"href":"https:\/\/tjsokolkoberice.cz\/index.php?rest_route=%2Fwp%2Fv2%2Fcomments&post=7850"}],"version-history":[{"count":2,"href":"https:\/\/tjsokolkoberice.cz\/index.php?rest_route=\/wp\/v2\/posts\/7850\/revisions"}],"predecessor-version":[{"id":7852,"href":"https:\/\/tjsokolkoberice.cz\/index.php?rest_route=\/wp\/v2\/posts\/7850\/revisions\/7852"}],"wp:featuredmedia":[{"embeddable":true,"href":"https:\/\/tjsokolkoberice.cz\/index.php?rest_route=\/wp\/v2\/media\/3370"}],"wp:attachment":[{"href":"https:\/\/tjsokolkoberice.cz\/index.php?rest_route=%2Fwp%2Fv2%2Fmedia&parent=7850"}],"wp:term":[{"taxonomy":"category","embeddable":true,"href":"https:\/\/tjsokolkoberice.cz\/index.php?rest_route=%2Fwp%2Fv2%2Fcategories&post=7850"},{"taxonomy":"post_tag","embeddable":true,"href":"https:\/\/tjsokolkoberice.cz\/index.php?rest_route=%2Fwp%2Fv2%2Ftags&post=7850"}],"curies":[{"name":"wp","href":"https:\/\/api.w.org\/{rel}","templated":true}]}}