{"id":7857,"date":"2023-08-12T07:55:04","date_gmt":"2023-08-12T06:55:04","guid":{"rendered":"https:\/\/tjsokolkoberice.cz\/?p=7857"},"modified":"2025-10-14T11:48:19","modified_gmt":"2025-10-14T10:48:19","slug":"a-muzi-na-uvod-zvitezili-v-orlove-dorost-rozstrilel-v-poharu-stepankovice","status":"publish","type":"post","link":"https:\/\/tjsokolkoberice.cz\/?p=7857","title":{"rendered":"A mu\u017ei na \u00favod zv\u00edt\u011bzili v Orlov\u00e9, dorost rozst\u0159\u00edlel v poh\u00e1ru \u0160t\u011bp\u00e1nkovice!"},"content":{"rendered":"<p style=\"text-align: justify;\"><span style=\"font-size: 12pt; font-family: helvetica, arial, sans-serif;\">Sobota 5.8.2023<\/span><\/p>\n<p style=\"text-align: justify;\"><span style=\"font-size: 12pt; font-family: helvetica, arial, sans-serif;\"><strong>&nbsp;<\/strong><\/span><\/p>\n<p style=\"text-align: justify;\"><span style=\"font-size: 14pt; font-family: helvetica, arial, sans-serif;\"><strong>FK Slavia Orlov\u00e1 &#8211; A mu\u017ei&nbsp;&nbsp; 0:4&nbsp; (0:2)<\/strong><\/span><\/p>\n<p style=\"text-align: justify;\"><span style=\"font-size: 12pt; font-family: helvetica, arial, sans-serif;\">Velk\u00fd z\u00e1pas odehr\u00e1li fotbalist\u00e9 Kobe\u0159ic v&nbsp;Orlov\u00e9. Pod nov\u00fdm tren\u00e9rem Petrem Sou\u010dkem nedali dom\u00e1c\u00edm sebemen\u0161\u00ed \u0161anci a dom\u016f si odvezli v\u00edt\u011bzstv\u00ed 4:0. Hattrickem se bl\u00fdskl hostuj\u00edc\u00ed \u00fato\u010dn\u00edk Adam \u0160ime\u010dek.<\/span><\/p>\n<p style=\"text-align: justify;\"><span style=\"font-size: 12pt; font-family: helvetica, arial, sans-serif;\">\u201eDo z\u00e1pasu jsme \u0161li s&nbsp;respektem. P\u0159ece jenom Orlov\u00e1 m\u00e1 svou kvalitu &nbsp;&nbsp;&nbsp;a my jsme b\u011bhem letn\u00ed p\u0159est\u00e1vky pracovali na zm\u011bn\u011b rozestaven\u00ed. Nakonec n\u00e1m v\u0161echno klaplo. Od prvn\u00edch minut jsme byli aktivn\u011bj\u0161\u00ed ne\u017e dom\u00e1c\u00ed a tak\u00e9 nebezpe\u010dn\u00ed,\u201c pochvaloval si tren\u00e9r Kobe\u0159ic Petr Sou\u010dek. U\u017e v&nbsp;6. minut\u011b vysunul Robin Wirth kolmou p\u0159ihr\u00e1vkou Ka\u0161n\u00e9ho, ten dal balon mezi obr\u00e1nce a \u0160ime\u010dek se \u0161t\u011bst\u00edm otev\u0159el sk\u00f3re. Ve 21.&nbsp;minut\u011b p\u0159idaly Kobe\u0159ice druhou branku. Po hezk\u00e9 kombina\u010dn\u00ed akci se do zakon\u010den\u00ed dostal Kubn\u00fd, jeho st\u0159elu je\u0161t\u011b g\u00f3lman Bu\u010dek vyrazil, av\u0161ak na dor\u00e1\u017eku \u0160ime\u010dka byl kr\u00e1tk\u00fd. \u201eOrlovou jsme p\u0159ehr\u00e1vali, prakticky jsme ji do \u017e\u00e1dn\u00e9 \u0161ance nepustili,\u201c t\u011b\u0161ilo kobe\u0159ick\u00e9ho tren\u00e9ra.<\/span><\/p>\n<p style=\"text-align: justify;\"><span style=\"font-size: 12pt; font-family: helvetica, arial, sans-serif;\">Hned po p\u0159est\u00e1vce p\u0159idali host\u00e9 t\u0159et\u00ed branku. Balon po rohov\u00e9m kopu prote\u010doval na p\u0159edn\u00ed ty\u010di Ve\u010derek a Robin Wirth v&nbsp;pohod\u011b doklepl m\u00ed\u010d do s\u00edt\u011b. Na kone\u010dn\u00fdch 0:4 upravil o&nbsp;\u010dty\u0159i minuty pozd\u011bji \u0160ime\u010dek, kter\u00fd tak zkompletoval hattrick. \u201eJak s&nbsp;v\u00fdsledkem, tak p\u0159edvedenou hrou jsme spokojeni. Poda\u0159ilo se n\u00e1m letn\u00ed p\u0159\u00edpravu podpo\u0159it dobr\u00fdm v\u00fdsledkem, co\u017e m\u011b t\u011b\u0161\u00ed,\u201c zakon\u010dil Petr Sou\u010dek (zdroj Opavsky.denik.cz).<\/span><\/p>\n<p style=\"text-align: justify;\"><span style=\"font-size: 12pt; font-family: helvetica, arial, sans-serif;\"><strong>Branky:<\/strong>&nbsp;6., 21.&nbsp;a 52.&nbsp;\u0160ime\u010dek, 48.&nbsp;Robin Wirth.&nbsp;<\/span><\/p>\n<p style=\"text-align: justify;\"><span style=\"font-size: 12pt; font-family: helvetica, arial, sans-serif;\"><strong>Rozhod\u010d\u00ed:<\/strong>&nbsp;\u0160vec \u2013 \u0160i\u0161t\u00edk, Bor\u00e1\u0148.<\/span><\/p>\n<p style=\"text-align: justify;\"><span style=\"font-size: 12pt; font-family: helvetica, arial, sans-serif;\"><strong>\u017dK:<\/strong>&nbsp;Buchvaldek, Male\u0148\u00e1k \u2013 Kry\u0161tof.&nbsp;<\/span><\/p>\n<p style=\"text-align: justify;\"><span style=\"font-size: 12pt; font-family: helvetica, arial, sans-serif;\"><strong>Div\u00e1ci:<\/strong>&nbsp;59.<\/span><\/p>\n<p style=\"text-align: justify;\"><span style=\"font-size: 12pt; font-family: helvetica, arial, sans-serif;\"><strong>Kobe\u0159ice:<\/strong>&nbsp;\u0160tencel \u2013 Stare\u010dek, Robin Wirth, Ve\u010derek, M. Schlischka (89.&nbsp;M. St\u0159\u00edbn\u00fd) \u2013 Ka\u0161n\u00fd, Petzuch (89.&nbsp;Ren\u00e9 Wirth), Kry\u0161tof (83.&nbsp;&nbsp;&nbsp;&nbsp;&nbsp;&nbsp;&nbsp;&nbsp;&nbsp;&nbsp;&nbsp;&nbsp; V. St\u0159\u00edbn\u00fd), \u0160. St\u0159\u00edbn\u00fd \u2013 Kubn\u00fd (89.&nbsp;Tom\u00ed\u010dek), \u0160ime\u010dek (83.&nbsp;O. Stuchl\u00edk). <strong>Tren\u00e9r<\/strong>: Petr Sou\u010dek.<\/span><\/p>\n<p style=\"text-align: justify;\">&nbsp;<\/p>\n<p style=\"text-align: justify;\"><span style=\"font-size: 12pt; font-family: helvetica, arial, sans-serif;\">\u00dater\u00fd 8.8. 2023<\/span><\/p>\n<p style=\"text-align: justify;\"><span style=\"font-size: 12pt; font-family: helvetica, arial, sans-serif;\"><strong>\u0160t\u011bp\u00e1nkovice \u2013 St. dorost&nbsp; 0:7<\/strong><\/span><\/p>\n<p style=\"text-align: justify;\"><span style=\"font-size: 12pt; font-family: helvetica, arial, sans-serif;\"><strong>Branky<\/strong>: Tome\u010dek 3x, Stuchl\u00edk O. 2x, Slanina, Breksa<\/span><\/p>\n<p style=\"text-align: justify;\"><span style=\"font-size: 12pt; font-family: helvetica, arial, sans-serif;\"><strong>Sestava<\/strong>: Hartmann, Gross, St\u0159\u00edbn\u00fd, Hant\u00e1k, Kubn\u00fd, Slanina, Breksa, Birtek, Tom\u00ed\u010dek, Stuchl\u00edk O., Besta<\/span><\/p>\n<p style=\"text-align: justify;\"><span style=\"font-size: 12pt; font-family: helvetica, arial, sans-serif;\"><strong>St\u0159\u00eddali<\/strong>: Li\u0161ka, V\u00e1clav\u00edk, Cziepl\u00fd<\/span><\/p>\n","protected":false},"excerpt":{"rendered":"<p>Sobota 5.8.2023 &nbsp; FK Slavia Orlov\u00e1 &#8211; A mu\u017ei&nbsp;&nbsp; 0:4&nbsp; (0:2) Velk\u00fd z\u00e1pas odehr\u00e1li fotbalist\u00e9 Kobe\u0159ic v&nbsp;Orlov\u00e9. Pod nov\u00fdm tren\u00e9rem Petrem Sou\u010dkem nedali dom\u00e1c\u00edm sebemen\u0161\u00ed \u0161anci<span class=\"excerpt-hellip\"> [\u2026]<\/span><\/p>\n","protected":false},"author":3,"featured_media":3787,"comment_status":"closed","ping_status":"open","sticky":false,"template":"","format":"standard","meta":{"ngg_post_thumbnail":0,"footnotes":""},"categories":[115,110,107,104,102],"tags":[],"class_list":["post-7857","post","type-post","status-publish","format-standard","has-post-thumbnail","hentry","category-a-tym","category-dorost","category-fotbal","category-vysledky","category-zapasy"],"_links":{"self":[{"href":"https:\/\/tjsokolkoberice.cz\/index.php?rest_route=\/wp\/v2\/posts\/7857","targetHints":{"allow":["GET"]}}],"collection":[{"href":"https:\/\/tjsokolkoberice.cz\/index.php?rest_route=\/wp\/v2\/posts"}],"about":[{"href":"https:\/\/tjsokolkoberice.cz\/index.php?rest_route=\/wp\/v2\/types\/post"}],"author":[{"embeddable":true,"href":"https:\/\/tjsokolkoberice.cz\/index.php?rest_route=\/wp\/v2\/users\/3"}],"replies":[{"embeddable":true,"href":"https:\/\/tjsokolkoberice.cz\/index.php?rest_route=%2Fwp%2Fv2%2Fcomments&post=7857"}],"version-history":[{"count":2,"href":"https:\/\/tjsokolkoberice.cz\/index.php?rest_route=\/wp\/v2\/posts\/7857\/revisions"}],"predecessor-version":[{"id":7867,"href":"https:\/\/tjsokolkoberice.cz\/index.php?rest_route=\/wp\/v2\/posts\/7857\/revisions\/7867"}],"wp:featuredmedia":[{"embeddable":true,"href":"https:\/\/tjsokolkoberice.cz\/index.php?rest_route=\/wp\/v2\/media\/3787"}],"wp:attachment":[{"href":"https:\/\/tjsokolkoberice.cz\/index.php?rest_route=%2Fwp%2Fv2%2Fmedia&parent=7857"}],"wp:term":[{"taxonomy":"category","embeddable":true,"href":"https:\/\/tjsokolkoberice.cz\/index.php?rest_route=%2Fwp%2Fv2%2Fcategories&post=7857"},{"taxonomy":"post_tag","embeddable":true,"href":"https:\/\/tjsokolkoberice.cz\/index.php?rest_route=%2Fwp%2Fv2%2Ftags&post=7857"}],"curies":[{"name":"wp","href":"https:\/\/api.w.org\/{rel}","templated":true}]}}